{"id":10139,"date":"2017-11-01T02:07:14","date_gmt":"2017-11-01T01:07:14","guid":{"rendered":"http:\/\/absi.ch\/new\/?p=10139"},"modified":"2017-11-05T02:10:17","modified_gmt":"2017-11-05T01:10:17","slug":"eucharistie-1-novembre-2017","status":"publish","type":"post","link":"https:\/\/absi.ch\/new\/2017\/11\/eucharistie-1-novembre-2017\/","title":{"rendered":"Eucharistie, 1 novembre 2017"},"content":{"rendered":"<p>[layout][layout_group][one_fourth]<\/p>\n<h3 align=\"CENTER\"><strong><b>La Toussaint : des hommes et des femmes qui nous encouragent<\/b><\/strong><\/h3>\n<h3 align=\"CENTER\">_______________________________________________________________________________________________<\/h3>\n<p>Eucharistie, 1 novembre 2017<\/p>\n<p><span style=\"background: yellow;\">Premi\u00e8re lecture<\/span><\/p>\n<p><i>L\u2019Apocalypse est un livre \u00e9crit par Jean, un chr\u00e9tien qui, \u00e0 cause de sa fid\u00e9lit\u00e9 \u00e0 la parole de Dieu et \u00e0 la v\u00e9rit\u00e9 r\u00e9v\u00e9l\u00e9e par J\u00e9sus\u00a0(Ap 1,9), a \u00e9t\u00e9 exil\u00e9 sur l\u2019\u00eele de Patmos, au sud-ouest de l\u2019actuelle Turquie.<\/i><\/p>\n<p><i>L\u2019Apocalypse &#8211; le mot grec signifie r\u00e9v\u00e9lation &#8211; s\u2019adresse \u00e0 des personnes confront\u00e9es avec le pouvoir imp\u00e9rial, un pouvoir qui consid\u00e8re l\u2019empereur romain comme \u00ab\u00a0seigneur et dieu\u00a0\u00bb. A ceux et celles qui refusent le culte de l\u2019empereur et restent fid\u00e8les au Dieu de la Bible et \u00e0 J\u00e9sus, l\u2019Apocalypse donne de l\u2019espoir. Et ceux que le pouvoir politique a mis \u00e0 mort, vivent une vie nouvelle aupr\u00e8s de Dieu. Au lieu de porter un signe, une marque, qui les lie \u00e0 l\u2019empereur, ils portent la marque de \u00ab serviteurs de notre Dieu\u00a0\u00bb (v. 3).<\/i><\/p>\n<p><i>Ces personnes sont pr\u00e9sent\u00e9es comme le nouvel Isra\u00ebl, douze-mille pour chacune des douze tribus d\u2019Isra\u00ebl\u00a0: ensemble c\u2019est cent quarante-quatre mille personnes (vv. 4-8). Mais ce nombre symbolique n\u2019est pas clos. L\u2019auteur mentionne aussi \u00ab\u00a0une foule nombreuse\u00a0\u00bb\u00a0(v. 9)\u00a0: des personnes mises \u00e0 mort par le pouvoir. Leur mort pour le Christ &#8211; et comme le Christ &#8211; a \u00e9t\u00e9 comme une immersion\u00a0: \u00ab\u00a0ils ont lav\u00e9 leurs robes et les ont blanchies dans le sang de l\u2019Agneau\u00a0\u00bb (v. 14). Le contraste entre le sang et la blancheur est frappant\u00a0; c\u2019est frappant comme le contraste entre la mort impos\u00e9e par le pouvoir politique et la vie dans laquelle Dieu les a accueillis. Et le texte &#8211; en reprenant la page du livre d\u2019Isa\u00efe que nous avons lue il y a deux semaines et demies (Isa\u00efe 25,8) &#8211; termine avec une affirmation fondamentale\u00a0: \u00ab\u00a0Dieu essuiera toute larme de leurs yeux\u00a0\u00bb (v. 17). Voil\u00e0 une affirmation qui nous permet de regarder d\u2019un regard nouveau les saints et aussi les personnes que nous avons connues et aim\u00e9e et qui, maintenant, sont aupr\u00e8s de Dieu et nous attendent.<\/i><br \/>\n[\/one_fourth][one_fourth] <b><i>Lecture de l\u2019Apocalypse (7,2-4.9-14.17)<\/i><\/b><\/p>\n<p><sup>2<\/sup> Moi, Jean, j\u2019ai vu un ange monter de l\u2019orient\u00a0: il tenait ce qui sert \u00e0 mettre la marque du Dieu vivant. Et il cria d\u2019une grande voix aux quatre anges qui avaient re\u00e7u le pouvoir de faire du mal \u00e0 la terre et \u00e0 la mer, <sup>3<\/sup> en disant\u00a0:<br \/>\n\u00ab\u00a0Ne faites pas de mal \u00e0 la terre, ni \u00e0 la mer, ni aux arbres\u00a0!<br \/>\nNous devons d\u2019abord mettre une marque sur le front des serviteurs de notre Dieu\u00a0\u00bb.<br \/>\n<sup>4<\/sup> Et j\u2019entendis le nombre de ceux qui re\u00e7oivent la marque de Dieu : ils \u00e9taient cent quarante-quatre mille, de toutes les tribus des fils d\u2019Isra\u00ebl.<br \/>\n<sup>9<\/sup> Apr\u00e8s cela je vis, et voici\u00a0: une foule nombreuse, que personne ne pouvait d\u00e9nombrer, de toute nation et tribus et peuples et langues. Ils se tenaient debout devant le si\u00e8ge du Roi et devant l\u2019Agneau, v\u00eatus de robes blanches, avec des palmes dans leurs mains.<br \/>\n<sup>10<\/sup> Et ils crient d\u2019une grande voix, disant\u00a0:<br \/>\n\u00ab\u00a0Notre Dieu, lui qui est assis sur le si\u00e8ge royal et l\u2019Agneau,<br \/>\nce sont eux qui nous sauvent\u00a0\u00bb.<br \/>\n<sup>11<\/sup> Et tous les anges se tenaient debout autour du si\u00e8ge, autour des anciens et des quatre vivants.<br \/>\nEt ils tombent, face contre terre, devant le si\u00e8ge royal, et ils adorent Dieu, <sup>12<\/sup> en disant :<br \/>\n\u00ab\u00a0Amen\u00a0: la louange et la gloire et la sagesse<br \/>\net l\u2019action de gr\u00e2ce et l\u2019honneur et la puissance et la force \u00e0 notre Dieu<br \/>\npour les si\u00e8cles des si\u00e8cles\u00a0: amen !\u00a0\u00bb<br \/>\n<sup>13<\/sup> Et l\u2019un des anciens prend la parole et me dit :<br \/>\n\u00ab\u00a0Ces gens-l\u00e0, v\u00eatus de robes blanches, qui sont-ils et d\u2019o\u00f9 sont-ils venus ?\u00a0\u00bb<br \/>\n<sup>14<\/sup> Et je lui dis :<br \/>\n\u00ab\u00a0Mon seigneur, toi tu le sais !\u00a0\u00bb<br \/>\nEt il me dit :<br \/>\n\u00ab\u00a0Ceux-l\u00e0 sont ceux qui viennent de la grande \u00e9preuve,<br \/>\net ils ont lav\u00e9 leurs robes et les ont blanchies dans le sang de l\u2019Agneau.<br \/>\n<sup>17<\/sup> Oui, l\u2019Agneau, qui se tient aupr\u00e8s du si\u00e8ge royal, sera leur berger<br \/>\net les conduira vers des sources d\u2019eaux vives<br \/>\net Dieu essuiera toute larme de leurs yeux\u00a0\u00bb.<\/p>\n<p>[\/one_fourth][one_fourth]<\/p>\n<p><span style=\"background: yellow;\">Psaume<\/span><\/p>\n<p><i>Le psaume 24 s\u2019ouvre en faisant r\u00e9f\u00e9rence \u00e0 David et en pr\u00e9sentant la composition comme un psaume. Apr\u00e8s ces informations rapides, la premi\u00e8re strophe (vv. 1b-2) est une acclamation au Dieu cr\u00e9ateur. Par rapport aux Babyloniens qui veulent imposer leur domination universelle, le psaume affirme tr\u00e8s clairement\u00a0: le souverain de la terre c\u2019est Dieu et lui seul, aucun autre. C\u2019est lui, lui seul, qui assure \u00e0 la terre sa stabilit\u00e9.<\/i><\/p>\n<p><i>La deuxi\u00e8me strophe (vv. 3-4) indique, rapidement, les caract\u00e9ristiques indispensables pour monter \u00e0 la montagne de Yahv\u00e9h et entrer dans le temple de J\u00e9rusalem. Les caract\u00e9ristiques requises pour cette entr\u00e9e concernent les mains, donc le comportement concret, et l\u2019attitude int\u00e9rieure\u00a0: le c\u0153ur pur, et le refus de l\u2019idol\u00e2trie, c\u2019est-\u00e0-dire le culte du rien, du \u00ab\u00a0vide\u00a0\u00bb. Il y a aussi le langage\u00a0: dans nos relations avec les autres, il faut dire la v\u00e9rit\u00e9\u00a0: on ne doit pas tromper les autres.<\/i><\/p>\n<p><i>Ces qualit\u00e9s &#8211; nous dit la troisi\u00e8me strophe (vv. 5-6) &#8211; nous permettent de vivre, dans notre vie, \u00ab\u00a0la b\u00e9n\u00e9diction\u00a0\u00bb de Dieu, c\u2019est-\u00e0-dire une intervention qui &#8211; jaillissant de sa mis\u00e9ricorde &#8211; nous lib\u00e8re.<\/i><\/p>\n<p><i>Et, dans cette strophe, le po\u00e8te \u2018oublie\u2019 toute r\u00e9f\u00e9rence au temple pour se concentrer sur la spiritualit\u00e9 des pauvres,\u00a0la spiritualit\u00e9 de celles et ceux qui cherchent Yahv\u00e9h, ceux et celles \u00ab\u00a0qui recherchent son visage\u00a0\u00bb (v. 6). Ces gens sont le vrai peuple de Dieu, le vrai Jacob. Voil\u00e0 le th\u00e8me sur lequel r\u00e9fl\u00e9chir.<\/i><\/p>\n<p><i>Enfin une derni\u00e8re strophe (vv. 7-10) reviendra sur le temple en parlant de Dieu comme celui qui se manifeste dans le temple et en prend possession.<\/i><\/p>\n<div>[&#8230;]<\/div>\n<div><\/div>\n<p><a href=\"http:\/\/absi.ch\/new\/wp-content\/uploads\/2017\/11\/1-novembre-2017.pdf\" target=\"_blank\"><em>&gt; testo integrale (pdf)<\/em><\/a><\/p>\n<p><a href=\"http:\/\/absi.ch\/new\/lectures-pour-lafrique-ettoute-la-terre-2017\/\"><em>&gt; Lectures pure l&#8217;Afrique &#8230; et toute la Terre 2017<\/em><\/a><\/p>\n<p>[\/one_fourth][one_fourth][\/one_fourth][\/layout_group][\/layout]<\/p>\n<div id=\"themify_builder_content-10139\" data-postid=\"10139\" class=\"themify_builder_content themify_builder_content-10139 themify_builder\">\n    <\/div>\n<!-- \/themify_builder_content -->\n","protected":false},"excerpt":{"rendered":"<p>[layout][layout_group][one_fourth] La Toussaint : des hommes et des femmes qui nous encouragent _______________________________________________________________________________________________ Eucharistie, 1 novembre 2017 Premi\u00e8re lecture L\u2019Apocalypse est un livre \u00e9crit par Jean, un chr\u00e9tien qui, \u00e0 cause de sa fid\u00e9lit\u00e9 \u00e0 la parole de Dieu et \u00e0 la v\u00e9rit\u00e9 r\u00e9v\u00e9l\u00e9e par J\u00e9sus\u00a0(Ap 1,9), a \u00e9t\u00e9 exil\u00e9 sur l\u2019\u00eele de Patmos, au [&hellip;]<\/p>\n","protected":false},"author":1,"featured_media":364,"comment_status":"closed","ping_status":"open","sticky":false,"template":"","format":"standard","meta":{"footnotes":""},"categories":[40],"tags":[42],"class_list":["post-10139","post","type-post","status-publish","format-standard","has-post-thumbnail","hentry","category-rpe","tag-rp","has-post-title","no-post-date","has-post-category","has-post-tag","has-post-comment","has-post-author",""],"builder_content":"","_links":{"self":[{"href":"https:\/\/absi.ch\/new\/wp-json\/wp\/v2\/posts\/10139","targetHints":{"allow":["GET"]}}],"collection":[{"href":"https:\/\/absi.ch\/new\/wp-json\/wp\/v2\/posts"}],"about":[{"href":"https:\/\/absi.ch\/new\/wp-json\/wp\/v2\/types\/post"}],"author":[{"embeddable":true,"href":"https:\/\/absi.ch\/new\/wp-json\/wp\/v2\/users\/1"}],"replies":[{"embeddable":true,"href":"https:\/\/absi.ch\/new\/wp-json\/wp\/v2\/comments?post=10139"}],"version-history":[{"count":5,"href":"https:\/\/absi.ch\/new\/wp-json\/wp\/v2\/posts\/10139\/revisions"}],"predecessor-version":[{"id":10144,"href":"https:\/\/absi.ch\/new\/wp-json\/wp\/v2\/posts\/10139\/revisions\/10144"}],"wp:featuredmedia":[{"embeddable":true,"href":"https:\/\/absi.ch\/new\/wp-json\/wp\/v2\/media\/364"}],"wp:attachment":[{"href":"https:\/\/absi.ch\/new\/wp-json\/wp\/v2\/media?parent=10139"}],"wp:term":[{"taxonomy":"category","embeddable":true,"href":"https:\/\/absi.ch\/new\/wp-json\/wp\/v2\/categories?post=10139"},{"taxonomy":"post_tag","embeddable":true,"href":"https:\/\/absi.ch\/new\/wp-json\/wp\/v2\/tags?post=10139"}],"curies":[{"name":"wp","href":"https:\/\/api.w.org\/{rel}","templated":true}]}}