{"id":10466,"date":"2017-12-24T00:58:45","date_gmt":"2017-12-23T23:58:45","guid":{"rendered":"http:\/\/absi.ch\/new\/?p=10466"},"modified":"2017-12-24T01:03:02","modified_gmt":"2017-12-24T00:03:02","slug":"natale-25-dicembre-2017","status":"publish","type":"post","link":"https:\/\/absi.ch\/new\/2017\/12\/natale-25-dicembre-2017\/","title":{"rendered":"NATALE \u2013 25 dicembre 2017"},"content":{"rendered":"<p>[layout][layout_group][one_fourth]<\/p>\n<h3 style=\"text-align: center;\">IL VERBO SI FECE CARNE<br \/>\nE VENNE AD ABITARE IN MEZZO A NOI<\/h3>\n<hr \/>\n<p><img loading=\"lazy\" decoding=\"async\" class=\"size-full wp-image-10467 aligncenter\" src=\"http:\/\/absi.ch\/new\/wp-content\/uploads\/2017\/12\/Gerard-van-Honthorst_Adorazione-del-bambino.jpg\" alt=\"\" width=\"800\" height=\"591\" srcset=\"https:\/\/absi.ch\/new\/wp-content\/uploads\/2017\/12\/Gerard-van-Honthorst_Adorazione-del-bambino.jpg 800w, https:\/\/absi.ch\/new\/wp-content\/uploads\/2017\/12\/Gerard-van-Honthorst_Adorazione-del-bambino-300x222.jpg 300w, https:\/\/absi.ch\/new\/wp-content\/uploads\/2017\/12\/Gerard-van-Honthorst_Adorazione-del-bambino-768x567.jpg 768w\" sizes=\"auto, (max-width: 800px) 100vw, 800px\" \/><\/p>\n<h5 style=\"text-align: center;\">Adorazione del Bambino<\/h5>\n<p style=\"text-align: center;\"><em>Gerard van Honthorst (1592-1656)<br \/>\n<\/em><\/p>\n<p>[\/one_fourth][one_fourth]<\/p>\n<p>NATALE \u2013 25 dicembre 2017<\/p>\n<p style=\"text-align: justify;\">Gv 1,1-18<br \/>\nIn principio era il Verbo, e il Verbo era presso Dio e il Verbo era Dio. Egli era, in principio, presso Dio: tutto \u00e8 stato fatto per mezzo di lui e senza di lui nulla \u00e8 stato fatto di ci\u00f2 che esiste. In lui era la vita e la vita era la luce degli uomini; la luce splende nelle tenebre e le tenebre non l\u2019hanno vinta. Venne un uomo mandato da Dio: il suo nome era Giovanni. Egli venne come testimone per dare testimonianza alla luce, perch\u00e9 tutti credessero per mezzo di lui. Non era lui la luce, ma doveva dare testimonianza alla luce. Veniva nel mondo la luce vera, quella che illumina ogni uomo. Era nel mondo e il mondo \u00e8 stato fatto per mezzo di lui; eppure il mondo non lo ha riconosciuto. Venne fra i suoi, e i suoi non lo hanno accolto.<\/p>\n<p>A quanti per\u00f2 lo hanno accolto ha dato potere di diventare figli di Dio: a quelli che credono nel suo nome, i quali, non da sangue n\u00e9 da volere di carne n\u00e9 da volere di uomo, ma da Dio sono stati generati. E il Verbo si fece carne e venne ad abitare in mezzo a noi; e noi abbiamo contemplato la sua gloria, gloria come del Figlio unigenito che viene dal Padre, pieno di grazia e di verit\u00e0. Giovanni gli d\u00e0 testimonianza e proclama: \u00abEra di lui che io dissi: Colui che viene dopo di me \u00e8 avanti a me, perch\u00e9 era prima di me\u00bb. Dalla sua pienezza noi tutti abbiamo ricevuto: grazia su grazia. Perch\u00e9 la Legge fu data per mezzo di Mos\u00e8, la grazia e la verit\u00e0 vennero per mezzo di Ges\u00f9 Cristo. Dio, nessuno lo ha mai visto: il Figlio unigenito, che \u00e8 Dio ed \u00e8 nel seno del Padre, \u00e8 lui che lo ha rivelato.<br \/>\nAuguri e Buon Natale!<\/p>\n<p style=\"text-align: center;\">&#8212;&#8212;&#8212;&#8212;-<\/p>\n<p><em>Commento al Vangelo (pdf) di:<\/em><\/p>\n<p><a href=\"http:\/\/absi.ch\/new\/wp-content\/uploads\/2017\/12\/Natale_Anno-B-2017-2018_Castillo.pdf\" target=\"_blank\" rel=\"noopener\">&gt; p. Jos\u00e9 Maria Castillo<\/a><\/p>\n<p><a href=\"http:\/\/absi.ch\/new\/wp-content\/uploads\/2017\/12\/8.-25-dicembre-2017-Natale-giorno-Gv-11-18.pdf\" target=\"_blank\" rel=\"noopener\">&gt; don Gennaro Lamuro<\/a><\/p>\n<p><a href=\"http:\/\/absi.ch\/new\/wp-content\/uploads\/2017\/12\/Natale-25.12.2017.pdf\" target=\"_blank\" rel=\"noopener\">&gt; p. Alberto Maggi<\/a><\/p>\n<p>&nbsp;<\/p>\n<p><a href=\"http:\/\/absi.ch\/new\/commento-al-vangelo-2017\/\"><em>&gt; sommario Commento al Vangelo 2017<\/em><\/a><\/p>\n<p>[\/one_fourth][one_fourth][\/one_fourth][\/layout_group][\/layout]<\/p>\n<p><span style=\"border-radius: 2px; text-indent: 20px; width: auto; padding: 0px 4px 0px 0px; text-align: center; font: bold 11px\/20px 'Helvetica Neue',Helvetica,sans-serif; color: #ffffff; background: #bd081c no-repeat scroll 3px 50% \/ 14px 14px; position: absolute; opacity: 1; z-index: 8675309; display: none; cursor: pointer; top: 172px; left: 142px;\">Save<\/span><\/p>\n<p><span style=\"border-radius: 2px; text-indent: 20px; width: auto; padding: 0px 4px 0px 0px; text-align: center; font: bold 11px\/20px 'Helvetica Neue',Helvetica,sans-serif; color: #ffffff; background: #bd081c no-repeat scroll 3px 50% \/ 14px 14px; position: absolute; opacity: 1; z-index: 8675309; display: none; cursor: pointer;\">Save<\/span><\/p>\n<p><span style=\"border-radius: 2px; text-indent: 20px; width: auto; padding: 0px 4px 0px 0px; text-align: center; font: bold 11px\/20px 'Helvetica Neue',Helvetica,sans-serif; color: #ffffff; background: #bd081c  no-repeat scroll 3px 50% \/ 14px 14px; position: absolute; opacity: 1; z-index: 8675309; display: none; cursor: pointer;\">Save<\/span><\/p>\n<div id=\"themify_builder_content-10466\" data-postid=\"10466\" class=\"themify_builder_content themify_builder_content-10466 themify_builder\">\n    <\/div>\n<!-- \/themify_builder_content -->\n","protected":false},"excerpt":{"rendered":"<p>[layout][layout_group][one_fourth] IL VERBO SI FECE CARNE E VENNE AD ABITARE IN MEZZO A NOI Adorazione del Bambino Gerard van Honthorst (1592-1656) [\/one_fourth][one_fourth] NATALE \u2013 25 dicembre 2017 Gv 1,1-18 In principio era il Verbo, e il Verbo era presso Dio e il Verbo era Dio. Egli era, in principio, presso Dio: tutto \u00e8 stato fatto [&hellip;]<\/p>\n","protected":false},"author":1,"featured_media":10467,"comment_status":"closed","ping_status":"open","sticky":false,"template":"","format":"standard","meta":{"footnotes":""},"categories":[29,111],"tags":[91,30,73],"class_list":["post-10466","post","type-post","status-publish","format-standard","has-post-thumbnail","hentry","category-vangelo","category-commento-al-vangelo-2017","tag-d-gennaro-lamuro","tag-p-alberto-maggi","tag-p-jose-maria-castillo","has-post-title","no-post-date","has-post-category","has-post-tag","has-post-comment","has-post-author",""],"builder_content":"","_links":{"self":[{"href":"https:\/\/absi.ch\/new\/wp-json\/wp\/v2\/posts\/10466","targetHints":{"allow":["GET"]}}],"collection":[{"href":"https:\/\/absi.ch\/new\/wp-json\/wp\/v2\/posts"}],"about":[{"href":"https:\/\/absi.ch\/new\/wp-json\/wp\/v2\/types\/post"}],"author":[{"embeddable":true,"href":"https:\/\/absi.ch\/new\/wp-json\/wp\/v2\/users\/1"}],"replies":[{"embeddable":true,"href":"https:\/\/absi.ch\/new\/wp-json\/wp\/v2\/comments?post=10466"}],"version-history":[{"count":4,"href":"https:\/\/absi.ch\/new\/wp-json\/wp\/v2\/posts\/10466\/revisions"}],"predecessor-version":[{"id":10471,"href":"https:\/\/absi.ch\/new\/wp-json\/wp\/v2\/posts\/10466\/revisions\/10471"}],"wp:featuredmedia":[{"embeddable":true,"href":"https:\/\/absi.ch\/new\/wp-json\/wp\/v2\/media\/10467"}],"wp:attachment":[{"href":"https:\/\/absi.ch\/new\/wp-json\/wp\/v2\/media?parent=10466"}],"wp:term":[{"taxonomy":"category","embeddable":true,"href":"https:\/\/absi.ch\/new\/wp-json\/wp\/v2\/categories?post=10466"},{"taxonomy":"post_tag","embeddable":true,"href":"https:\/\/absi.ch\/new\/wp-json\/wp\/v2\/tags?post=10466"}],"curies":[{"name":"wp","href":"https:\/\/api.w.org\/{rel}","templated":true}]}}