{"id":10483,"date":"2017-12-31T01:00:13","date_gmt":"2017-12-31T00:00:13","guid":{"rendered":"http:\/\/absi.ch\/new\/?p=10483"},"modified":"2017-12-31T01:00:13","modified_gmt":"2017-12-31T00:00:13","slug":"sacra-famiglia-31-dicembre-2017","status":"publish","type":"post","link":"https:\/\/absi.ch\/new\/2017\/12\/sacra-famiglia-31-dicembre-2017\/","title":{"rendered":"SACRA FAMIGLIA \u2013 31 dicembre 2017"},"content":{"rendered":"<p>[layout][layout_group][one_fourth]<\/p>\n<h3 style=\"text-align: center;\">IL BAMBINO CRESCEVA, PIENO DI SAPIENZA<\/h3>\n<hr \/>\n<p><img loading=\"lazy\" decoding=\"async\" class=\" wp-image-10484 aligncenter\" src=\"http:\/\/absi.ch\/new\/wp-content\/uploads\/2017\/12\/Madonna-con-il-bambino-e-santAnna.jpg\" alt=\"\" width=\"553\" height=\"677\" srcset=\"https:\/\/absi.ch\/new\/wp-content\/uploads\/2017\/12\/Madonna-con-il-bambino-e-santAnna.jpg 600w, https:\/\/absi.ch\/new\/wp-content\/uploads\/2017\/12\/Madonna-con-il-bambino-e-santAnna-245x300.jpg 245w\" sizes=\"auto, (max-width: 553px) 100vw, 553px\" \/><\/p>\n<h5 style=\"text-align: center;\">Madonna con bambino e Anna al tempio<\/h5>\n<p style=\"text-align: center;\"><em>Carlo Saraceni (1579-1620)<br \/>\n<\/em><\/p>\n<p>[\/one_fourth][one_fourth]<\/p>\n<p>SACRA FAMIGLIA \u2013 31 dicembre 2017<\/p>\n<p style=\"text-align: justify;\">Lc 2,22-40<br \/>\nQuando furono compiuti i giorni della loro purificazione rituale, secondo la legge di Mos\u00e8, portarono il bambino a Gerusalemme per presentarlo al Signore &#8211; come \u00e8 scritto nella legge del Signore: Ogni maschio primogenito sar\u00e0 sacro al Signore &#8211; e per offrire in sacrificio una coppia di tortore o due giovani colombi, come prescrive la legge del Signore.<br \/>\nOra a Gerusalemme c&#8217;era un uomo di nome Simeone, uomo giusto e pio, che aspettava la consolazione d&#8217;Israele, e lo Spirito Santo era su di lui. Lo Spirito Santo gli aveva preannunciato che non avrebbe visto la morte senza prima aver veduto il Cristo del Signore. Mosso dallo Spirito, si rec\u00f2 al tempio e, mentre i genitori vi portavano il bambino Ges\u00f9 per fare ci\u00f2 che la Legge prescriveva a suo riguardo, anch&#8217;egli lo accolse tra le braccia e benedisse Dio, dicendo:<br \/>\n&#8220;Ora puoi lasciare, o Signore, che il tuo servo vada in pace, secondo la tua parola, perch\u00e9 i miei occhi hanno visto la tua salvezza, preparata da te davanti a tutti i popoli: luce per rivelarti alle genti e gloria del tuo popolo, Israele&#8221;. Il padre e la madre di Ges\u00f9 si stupivano delle cose che si dicevano di lui. Simeone li benedisse e a Maria, sua madre, disse: &#8220;Ecco, egli \u00e8 qui per la caduta e la risurrezione di molti in Israele e come segno di contraddizione &#8211; e anche a te una spada trafigger\u00e0 l&#8217;anima -, affinch\u00e9 siano svelati i pensieri di molti cuori&#8221;. C&#8217;era anche una profetessa, Anna, figlia di Fanuele, della trib\u00f9 di Aser. Era molto avanzata in et\u00e0, aveva vissuto con il marito sette anni dopo il suo matrimonio, era poi rimasta vedova e ora aveva ottantaquattro anni. Non si allontanava mai dal tempio, servendo Dio notte e giorno con digiuni e preghiere. Sopraggiunta in quel momento, si mise anche lei a lodare Dio e parlava del bambino a quanti aspettavano la redenzione di Gerusalemme. Quando ebbero adempiuto ogni cosa secondo la legge del Signore, fecero ritorno in Galilea, alla loro citt\u00e0 di N\u00e0zaret. Il bambino cresceva e si fortificava, pieno di sapienza, e la grazia di Dio era su di lui.<\/p>\n<p style=\"text-align: center;\">&#8212;&#8212;&#8212;&#8212;-<\/p>\n<p><em>Commento al Vangelo (pdf) di:<\/em><\/p>\n<p><a href=\"http:\/\/absi.ch\/new\/wp-content\/uploads\/2017\/12\/Sacra-Famiglia_Anno-B-2017-2018_Castillo.pdf\" target=\"_blank\" rel=\"noopener\">&gt; p. Jos\u00e9 Maria Castillo<\/a><\/p>\n<p>&nbsp;<\/p>\n<p>&nbsp;<\/p>\n<p><a href=\"http:\/\/absi.ch\/new\/commento-al-vangelo-2017\/\"><em>&gt; sommario Commento al Vangelo 2017<\/em><\/a><\/p>\n<p>[\/one_fourth][one_fourth][\/one_fourth][\/layout_group][\/layout]<\/p>\n<p><span style=\"border-radius: 2px; text-indent: 20px; width: auto; padding: 0px 4px 0px 0px; text-align: center; font: bold 11px\/20px 'Helvetica Neue',Helvetica,sans-serif; color: #ffffff; background: #bd081c no-repeat scroll 3px 50% \/ 14px 14px; position: absolute; opacity: 1; z-index: 8675309; display: none; cursor: pointer; top: 144px; left: 162px;\">Save<\/span><\/p>\n<p><span style=\"border-radius: 2px; text-indent: 20px; width: auto; padding: 0px 4px 0px 0px; text-align: center; font: bold 11px\/20px 'Helvetica Neue',Helvetica,sans-serif; color: #ffffff; background: #bd081c  no-repeat scroll 3px 50% \/ 14px 14px; position: absolute; opacity: 1; z-index: 8675309; display: none; cursor: pointer;\">Save<\/span><\/p>\n<div id=\"themify_builder_content-10483\" data-postid=\"10483\" class=\"themify_builder_content themify_builder_content-10483 themify_builder\">\n    <\/div>\n<!-- \/themify_builder_content -->\n","protected":false},"excerpt":{"rendered":"<p>[layout][layout_group][one_fourth] IL BAMBINO CRESCEVA, PIENO DI SAPIENZA Madonna con bambino e Anna al tempio Carlo Saraceni (1579-1620) [\/one_fourth][one_fourth] SACRA FAMIGLIA \u2013 31 dicembre 2017 Lc 2,22-40 Quando furono compiuti i giorni della loro purificazione rituale, secondo la legge di Mos\u00e8, portarono il bambino a Gerusalemme per presentarlo al Signore &#8211; come \u00e8 scritto nella legge [&hellip;]<\/p>\n","protected":false},"author":1,"featured_media":10484,"comment_status":"closed","ping_status":"open","sticky":false,"template":"","format":"standard","meta":{"footnotes":""},"categories":[29,111],"tags":[73],"class_list":["post-10483","post","type-post","status-publish","format-standard","has-post-thumbnail","hentry","category-vangelo","category-commento-al-vangelo-2017","tag-p-jose-maria-castillo","has-post-title","no-post-date","has-post-category","has-post-tag","has-post-comment","has-post-author",""],"builder_content":"","_links":{"self":[{"href":"https:\/\/absi.ch\/new\/wp-json\/wp\/v2\/posts\/10483","targetHints":{"allow":["GET"]}}],"collection":[{"href":"https:\/\/absi.ch\/new\/wp-json\/wp\/v2\/posts"}],"about":[{"href":"https:\/\/absi.ch\/new\/wp-json\/wp\/v2\/types\/post"}],"author":[{"embeddable":true,"href":"https:\/\/absi.ch\/new\/wp-json\/wp\/v2\/users\/1"}],"replies":[{"embeddable":true,"href":"https:\/\/absi.ch\/new\/wp-json\/wp\/v2\/comments?post=10483"}],"version-history":[{"count":4,"href":"https:\/\/absi.ch\/new\/wp-json\/wp\/v2\/posts\/10483\/revisions"}],"predecessor-version":[{"id":10488,"href":"https:\/\/absi.ch\/new\/wp-json\/wp\/v2\/posts\/10483\/revisions\/10488"}],"wp:featuredmedia":[{"embeddable":true,"href":"https:\/\/absi.ch\/new\/wp-json\/wp\/v2\/media\/10484"}],"wp:attachment":[{"href":"https:\/\/absi.ch\/new\/wp-json\/wp\/v2\/media?parent=10483"}],"wp:term":[{"taxonomy":"category","embeddable":true,"href":"https:\/\/absi.ch\/new\/wp-json\/wp\/v2\/categories?post=10483"},{"taxonomy":"post_tag","embeddable":true,"href":"https:\/\/absi.ch\/new\/wp-json\/wp\/v2\/tags?post=10483"}],"curies":[{"name":"wp","href":"https:\/\/api.w.org\/{rel}","templated":true}]}}