{"id":11001,"date":"2018-03-04T00:43:45","date_gmt":"2018-03-03T23:43:45","guid":{"rendered":"http:\/\/absi.ch\/new\/?p=11001"},"modified":"2018-03-04T00:44:32","modified_gmt":"2018-03-03T23:44:32","slug":"iii-domenica-di-quaresima-4-marzo-2018","status":"publish","type":"post","link":"https:\/\/absi.ch\/new\/2018\/03\/iii-domenica-di-quaresima-4-marzo-2018\/","title":{"rendered":"III DOMENICA DI QUARESIMA \u2013 4 marzo 2018"},"content":{"rendered":"<p>[layout][layout_group][one_fourth]<\/p>\n<h3 style=\"text-align: center;\">DISTRUGGETE QUESTO TEMPIO<br \/>\nE IN TRE GIORNI LO FARO&#8217; RISORGERE<\/h3>\n<hr \/>\n<p><img loading=\"lazy\" decoding=\"async\" class=\"alignnone size-full wp-image-11002\" src=\"http:\/\/absi.ch\/new\/wp-content\/uploads\/2018\/03\/Cacciata-dei-mercanti.jpg\" alt=\"\" width=\"800\" height=\"560\" srcset=\"https:\/\/absi.ch\/new\/wp-content\/uploads\/2018\/03\/Cacciata-dei-mercanti.jpg 800w, https:\/\/absi.ch\/new\/wp-content\/uploads\/2018\/03\/Cacciata-dei-mercanti-300x210.jpg 300w, https:\/\/absi.ch\/new\/wp-content\/uploads\/2018\/03\/Cacciata-dei-mercanti-768x538.jpg 768w\" sizes=\"auto, (max-width: 800px) 100vw, 800px\" \/><\/p>\n<h5 style=\"text-align: center;\"><em>La cacciata dei mercanti dal mercato<br \/>\n<\/em><\/h5>\n<p style=\"text-align: center;\"><a title=\"Link a Cambi-casa d'aste\" href=\"http:\/\/www.cambiaste.com\/it\/asta-0298-1\/giulio-benso-pieve-di-teco-15921668-1.asp\" target=\"_blank\" rel=\"noopener\"><em>Giulio Benso (1592-1668)<\/em><\/a><\/p>\n<p>[\/one_fourth][one_fourth]<\/p>\n<p>III DOMENICA DI QUARESIMA \u2013 4 marzo 2018<\/p>\n<p>Gv 2,13-25<\/p>\n<p>Si avvicinava la Pasqua dei Giudei e Ges\u00f9 sal\u00ec a Gerusalemme. Trov\u00f2 nel tempio gente che vendeva buoi, pecore e colombe e, l\u00e0 seduti, i cambiamonete. Allora fece una frusta di cordicelle e scacci\u00f2 tutti fuori del tempio, con le pecore e i buoi; gett\u00f2 a terra il denaro dei cambiamonete e ne rovesci\u00f2 i banchi, e ai venditori di colombe disse: \u00abPortate via di qui queste cose e non fate della casa del Padre mio un mercato!\u00bb. I suoi discepoli si ricordarono che sta scritto: \u00abLo zelo per la tua casa mi divorer\u00e0\u00bb.<br \/>\nAllora i Giudei presero la parola e gli dissero: \u00abQuale segno ci mostri per fare queste cose?\u00bb. Rispose loro Ges\u00f9: \u00abDistruggete questo tempio e in tre giorni lo far\u00f2 risorgere\u00bb. Gli dissero allora i Giudei: \u00abQuesto tempio \u00e8 stato costruito in quarantasei anni e tu in tre giorni lo farai risorgere?\u00bb. Ma egli parlava del tempio del suo corpo.<br \/>\nQuando poi fu risuscitato dai morti, i suoi discepoli si ricordarono che aveva detto questo, e credettero alla Scrittura e alla parola detta da Ges\u00f9.<br \/>\nMentre era a Gerusalemme per la Pasqua, durante la festa, molti, vedendo i segni che egli compiva, credettero nel suo nome. Ma lui, Ges\u00f9, non si fidava di loro, perch\u00e9 conosceva tutti e non aveva bisogno che alcuno desse testimonianza sull\u2019uomo. Egli infatti conosceva quello che c\u2019\u00e8 nell\u2019uomo.<\/p>\n<p style=\"text-align: center;\">&#8212;&#8212;&#8212;&#8212;-<\/p>\n<p><em>Commento al Vangelo (pdf) di:<\/em><\/p>\n<p><a href=\"http:\/\/absi.ch\/new\/wp-content\/uploads\/2018\/03\/III-Domenica-di-Quaresima_Anno-B-2017-2018_Castillo.pdf\" target=\"_blank\" rel=\"noopener\"><em>&gt; p. Jos\u00e9 Maria Castillo<\/em><\/a><\/p>\n<p><a href=\"http:\/\/absi.ch\/new\/wp-content\/uploads\/2018\/03\/III-Quaresima-4.3.2018.pdf\" target=\"_blank\" rel=\"noopener\"><em> &gt; p. Alberto Maggi<\/em><\/a><\/p>\n<p>&nbsp;<\/p>\n<p><a href=\"http:\/\/absi.ch\/new\/commento-al-vangelo-2018\/\"><em>&gt; sommario Commento al Vangelo 2018<\/em><\/a><\/p>\n<p>[\/one_fourth][one_fourth][\/one_fourth][\/layout_group][\/layout]<\/p>\n<p><span style=\"border-radius: 2px; text-indent: 20px; width: auto; padding: 0px 4px 0px 0px; text-align: center; font: bold 11px\/20px 'Helvetica Neue',Helvetica,sans-serif; color: #ffffff; background: #bd081c no-repeat scroll 3px 50% \/ 14px 14px; position: absolute; opacity: 1; z-index: 8675309; display: none; cursor: pointer;\">Save<\/span><\/p>\n<p><span style=\"border-radius: 2px; text-indent: 20px; width: auto; padding: 0px 4px 0px 0px; text-align: center; font: bold 11px\/20px 'Helvetica Neue',Helvetica,sans-serif; color: #ffffff; background: #bd081c no-repeat scroll 3px 50% \/ 14px 14px; position: absolute; opacity: 1; z-index: 8675309; display: none; cursor: pointer; top: 172px; left: 20px;\">Save<\/span><\/p>\n<p><span style=\"border-radius: 2px; text-indent: 20px; width: auto; padding: 0px 4px 0px 0px; text-align: center; font: bold 11px\/20px 'Helvetica Neue',Helvetica,sans-serif; color: #ffffff; background: #bd081c no-repeat scroll 3px 50% \/ 14px 14px; position: absolute; opacity: 1; z-index: 8675309; display: none; cursor: pointer; top: 172px; left: 20px;\">Save<\/span><\/p>\n<p><span style=\"border-radius: 2px; text-indent: 20px; width: auto; padding: 0px 4px 0px 0px; text-align: center; font: bold 11px\/20px 'Helvetica Neue',Helvetica,sans-serif; color: #ffffff; background: #bd081c  no-repeat scroll 3px 50% \/ 14px 14px; position: absolute; opacity: 1; z-index: 8675309; display: none; cursor: pointer;\">Save<\/span><\/p>\n<div id=\"themify_builder_content-11001\" data-postid=\"11001\" class=\"themify_builder_content themify_builder_content-11001 themify_builder\">\n    <\/div>\n<!-- \/themify_builder_content -->\n","protected":false},"excerpt":{"rendered":"<p>[layout][layout_group][one_fourth] DISTRUGGETE QUESTO TEMPIO E IN TRE GIORNI LO FARO&#8217; RISORGERE La cacciata dei mercanti dal mercato Giulio Benso (1592-1668) [\/one_fourth][one_fourth] III DOMENICA DI QUARESIMA \u2013 4 marzo 2018 Gv 2,13-25 Si avvicinava la Pasqua dei Giudei e Ges\u00f9 sal\u00ec a Gerusalemme. Trov\u00f2 nel tempio gente che vendeva buoi, pecore e colombe e, l\u00e0 seduti, [&hellip;]<\/p>\n","protected":false},"author":1,"featured_media":11002,"comment_status":"closed","ping_status":"open","sticky":false,"template":"","format":"standard","meta":{"footnotes":""},"categories":[29,141],"tags":[30,73],"class_list":["post-11001","post","type-post","status-publish","format-standard","has-post-thumbnail","hentry","category-vangelo","category-commento-al-vangelo-2018","tag-p-alberto-maggi","tag-p-jose-maria-castillo","has-post-title","no-post-date","has-post-category","has-post-tag","has-post-comment","has-post-author",""],"builder_content":"","_links":{"self":[{"href":"https:\/\/absi.ch\/new\/wp-json\/wp\/v2\/posts\/11001","targetHints":{"allow":["GET"]}}],"collection":[{"href":"https:\/\/absi.ch\/new\/wp-json\/wp\/v2\/posts"}],"about":[{"href":"https:\/\/absi.ch\/new\/wp-json\/wp\/v2\/types\/post"}],"author":[{"embeddable":true,"href":"https:\/\/absi.ch\/new\/wp-json\/wp\/v2\/users\/1"}],"replies":[{"embeddable":true,"href":"https:\/\/absi.ch\/new\/wp-json\/wp\/v2\/comments?post=11001"}],"version-history":[{"count":3,"href":"https:\/\/absi.ch\/new\/wp-json\/wp\/v2\/posts\/11001\/revisions"}],"predecessor-version":[{"id":11011,"href":"https:\/\/absi.ch\/new\/wp-json\/wp\/v2\/posts\/11001\/revisions\/11011"}],"wp:featuredmedia":[{"embeddable":true,"href":"https:\/\/absi.ch\/new\/wp-json\/wp\/v2\/media\/11002"}],"wp:attachment":[{"href":"https:\/\/absi.ch\/new\/wp-json\/wp\/v2\/media?parent=11001"}],"wp:term":[{"taxonomy":"category","embeddable":true,"href":"https:\/\/absi.ch\/new\/wp-json\/wp\/v2\/categories?post=11001"},{"taxonomy":"post_tag","embeddable":true,"href":"https:\/\/absi.ch\/new\/wp-json\/wp\/v2\/tags?post=11001"}],"curies":[{"name":"wp","href":"https:\/\/api.w.org\/{rel}","templated":true}]}}