{"id":11149,"date":"2018-03-24T22:45:16","date_gmt":"2018-03-24T21:45:16","guid":{"rendered":"http:\/\/absi.ch\/new\/?p=11149"},"modified":"2018-03-24T22:51:46","modified_gmt":"2018-03-24T21:51:46","slug":"domenica-delle-palme-25-marzo-2018","status":"publish","type":"post","link":"https:\/\/absi.ch\/new\/2018\/03\/domenica-delle-palme-25-marzo-2018\/","title":{"rendered":"DOMENICA DELLE PALME \u2013 25 marzo 2018"},"content":{"rendered":"<p>[layout][layout_group][one_fourth]<\/p>\n<h3 style=\"text-align: center;\">BENEDETTO COLUI CHE VIENE NEL NOME DEL SIGNORE<\/h3>\n<hr \/>\n<p><img loading=\"lazy\" decoding=\"async\" class=\"size-full wp-image-11151 aligncenter\" src=\"http:\/\/absi.ch\/new\/wp-content\/uploads\/2018\/03\/Einzug-in-Jerusalem.jpg\" alt=\"\" width=\"480\" height=\"404\" srcset=\"https:\/\/absi.ch\/new\/wp-content\/uploads\/2018\/03\/Einzug-in-Jerusalem.jpg 480w, https:\/\/absi.ch\/new\/wp-content\/uploads\/2018\/03\/Einzug-in-Jerusalem-300x253.jpg 300w, https:\/\/absi.ch\/new\/wp-content\/uploads\/2018\/03\/Einzug-in-Jerusalem-120x100.jpg 120w\" sizes=\"auto, (max-width: 480px) 100vw, 480px\" \/><\/p>\n<h5 style=\"text-align: center;\"><em>L&#8217;entrata di Ges\u00fa a Gerusalemme<\/em><\/h5>\n<p style=\"text-align: center;\"><em>Julius Schnorr von Carolsfed (<span class=\"photo-description highlight-links\">1794 &#8211; 1872<\/span>)<\/em><\/p>\n<p>[\/one_fourth][one_fourth]<\/p>\n<p>DOMENICA DELLE PALME \u2013 25 marzo 2018<\/p>\n<p>Gv 12,20-33<\/p>\n<p>Quando furono vicini a Gerusalemme, verso B\u00e8tfage e Bet\u00e0nia, presso il monte degli Ulivi, Ges\u00f9 mand\u00f2 due dei suoi discepoli e disse loro: \u00abAndate nel villaggio di fronte a voi e subito, entrando in esso, troverete un puledro legato, sul quale nessuno \u00e8 ancora salito. Slegatelo e portatelo qui. E se qualcuno vi dir\u00e0: \u201cPerch\u00e9 fate questo?\u201d, rispondete: \u201cIl Signore ne ha bisogno, ma lo rimander\u00e0 qui subito\u201d\u00bb. Andarono e trovarono un puledro legato vicino a una porta, fuori sulla strada, e lo slegarono. Alcuni dei presenti dissero loro: \u00abPerch\u00e9 slegate questo puledro?\u00bb. Ed essi risposero loro come aveva detto Ges\u00f9. E li lasciarono fare. Portarono il puledro da Ges\u00f9, vi gettarono sopra i loro mantelli ed egli vi sal\u00ec sopra. Molti stendevano i propri mantelli sulla strada, altri invece delle fronde, tagliate nei campi. Quelli che precedevano e quelli che seguivano, gridavano: \u00abOsanna! Benedetto colui che viene nel nome del Signore! Benedetto il Regno che viene, del nostro padre Davide! Osanna nel pi\u00f9 alto dei cieli!\u00bb.<\/p>\n<p style=\"text-align: center;\">&#8212;&#8212;&#8212;&#8212;-<\/p>\n<p><em>Commento al Vangelo (pdf) di:<\/em><\/p>\n<p><a href=\"http:\/\/absi.ch\/new\/wp-content\/uploads\/2018\/03\/Domenica-delle-Palme_Anno-B-2017-2018_Castillo.docx\" target=\"_blank\" rel=\"noopener\"><em>&gt; p. Jos\u00e9 Maria Castillo<\/em><\/a><\/p>\n<p><a href=\"http:\/\/absi.ch\/new\/wp-content\/uploads\/2018\/03\/Palme-25.3.2018.doc\" target=\"_blank\" rel=\"noopener\"><em> &gt; p. Alberto Maggi<\/em><\/a><\/p>\n<p>&nbsp;<\/p>\n<p><a href=\"http:\/\/absi.ch\/new\/commento-al-vangelo-2018\/\"><em>&gt; sommario Commento al Vangelo 2018<\/em><\/a><\/p>\n<p>[\/one_fourth][one_fourth][\/one_fourth][\/layout_group][\/layout]<\/p>\n<div id=\"themify_builder_content-11149\" data-postid=\"11149\" class=\"themify_builder_content themify_builder_content-11149 themify_builder\">\n    <\/div>\n<!-- \/themify_builder_content -->\n","protected":false},"excerpt":{"rendered":"<p>[layout][layout_group][one_fourth] BENEDETTO COLUI CHE VIENE NEL NOME DEL SIGNORE L&#8217;entrata di Ges\u00fa a Gerusalemme Julius Schnorr von Carolsfed (1794 &#8211; 1872) [\/one_fourth][one_fourth] DOMENICA DELLE PALME \u2013 25 marzo 2018 Gv 12,20-33 Quando furono vicini a Gerusalemme, verso B\u00e8tfage e Bet\u00e0nia, presso il monte degli Ulivi, Ges\u00f9 mand\u00f2 due dei suoi discepoli e disse loro: \u00abAndate [&hellip;]<\/p>\n","protected":false},"author":1,"featured_media":11151,"comment_status":"closed","ping_status":"open","sticky":false,"template":"","format":"standard","meta":{"footnotes":""},"categories":[29,141],"tags":[30,73],"class_list":["post-11149","post","type-post","status-publish","format-standard","has-post-thumbnail","hentry","category-vangelo","category-commento-al-vangelo-2018","tag-p-alberto-maggi","tag-p-jose-maria-castillo","has-post-title","no-post-date","has-post-category","has-post-tag","has-post-comment","has-post-author",""],"builder_content":"","_links":{"self":[{"href":"https:\/\/absi.ch\/new\/wp-json\/wp\/v2\/posts\/11149","targetHints":{"allow":["GET"]}}],"collection":[{"href":"https:\/\/absi.ch\/new\/wp-json\/wp\/v2\/posts"}],"about":[{"href":"https:\/\/absi.ch\/new\/wp-json\/wp\/v2\/types\/post"}],"author":[{"embeddable":true,"href":"https:\/\/absi.ch\/new\/wp-json\/wp\/v2\/users\/1"}],"replies":[{"embeddable":true,"href":"https:\/\/absi.ch\/new\/wp-json\/wp\/v2\/comments?post=11149"}],"version-history":[{"count":3,"href":"https:\/\/absi.ch\/new\/wp-json\/wp\/v2\/posts\/11149\/revisions"}],"predecessor-version":[{"id":11155,"href":"https:\/\/absi.ch\/new\/wp-json\/wp\/v2\/posts\/11149\/revisions\/11155"}],"wp:featuredmedia":[{"embeddable":true,"href":"https:\/\/absi.ch\/new\/wp-json\/wp\/v2\/media\/11151"}],"wp:attachment":[{"href":"https:\/\/absi.ch\/new\/wp-json\/wp\/v2\/media?parent=11149"}],"wp:term":[{"taxonomy":"category","embeddable":true,"href":"https:\/\/absi.ch\/new\/wp-json\/wp\/v2\/categories?post=11149"},{"taxonomy":"post_tag","embeddable":true,"href":"https:\/\/absi.ch\/new\/wp-json\/wp\/v2\/tags?post=11149"}],"curies":[{"name":"wp","href":"https:\/\/api.w.org\/{rel}","templated":true}]}}