{"id":11190,"date":"2018-04-08T01:49:03","date_gmt":"2018-04-07T23:49:03","guid":{"rendered":"http:\/\/absi.ch\/new\/?p=11190"},"modified":"2018-04-08T01:54:03","modified_gmt":"2018-04-07T23:54:03","slug":"ii-domenica-di-pasqua-domenica-8-aprile-2018","status":"publish","type":"post","link":"https:\/\/absi.ch\/new\/2018\/04\/ii-domenica-di-pasqua-domenica-8-aprile-2018\/","title":{"rendered":"II DOMENICA DI PASQUA &#8211; DOMENICA 8 APRILE 2018"},"content":{"rendered":"<p>[layout][layout_group][one_fourth]<\/p>\n<h3 style=\"text-align: center;\">OTTO GIORNI DOPO VENNE GES\u00d9<\/h3>\n<hr \/>\n<p><img loading=\"lazy\" decoding=\"async\" class=\"size-full wp-image-11197 aligncenter\" src=\"http:\/\/absi.ch\/new\/wp-content\/uploads\/2018\/04\/Serodine_Thomas.jpg\" alt=\"\" width=\"760\" height=\"629\" srcset=\"https:\/\/absi.ch\/new\/wp-content\/uploads\/2018\/04\/Serodine_Thomas.jpg 760w, https:\/\/absi.ch\/new\/wp-content\/uploads\/2018\/04\/Serodine_Thomas-300x248.jpg 300w, https:\/\/absi.ch\/new\/wp-content\/uploads\/2018\/04\/Serodine_Thomas-120x100.jpg 120w\" sizes=\"auto, (max-width: 760px) 100vw, 760px\" \/><\/p>\n<h5 style=\"text-align: center;\"><em>L&#8217;incredulit\u00e0 di Tommaso<br \/>\n<\/em><\/h5>\n<p style=\"text-align: center;\"><em>Giovanni Serodine (<span class=\"photo-description highlight-links\">1600 &#8211; 1631)<\/span><\/em><\/p>\n<p>[\/one_fourth][one_fourth]<\/p>\n<p>II DOMENICA DI PASQUA &#8211; DOMENICA 8 APRILE 2018<br \/>\nGv 20,19-31<\/p>\n<p>La sera di quel giorno, il primo della settimana, mentre erano chiuse le porte del luogo dove si trovavano i discepoli per timore dei Giudei, venne Ges\u00f9, stette in mezzo e disse loro: \u00abPace a voi!\u00bb. Detto questo, mostr\u00f2 loro le mani e il fianco. E i discepoli gioirono al vedere il Signore.<br \/>\nGes\u00f9 disse loro di nuovo: \u00abPace a voi! Come il Padre ha mandato me, anche io mando voi\u00bb. Detto questo, soffi\u00f2 e disse loro: \u00abRicevete lo Spirito Santo. A coloro a cui perdonerete i peccati, saranno perdonati; a coloro a cui non perdonerete, non saranno perdonati\u00bb.<br \/>\nTommaso, uno dei Dodici, chiamato D\u00ecdimo, non era con loro quando venne Ges\u00f9. Gli dicevano gli altri discepoli: \u00abAbbiamo visto il Signore!\u00bb. Ma egli disse loro: \u00abSe non vedo nelle sue mani il segno dei chiodi e non metto il mio dito nel segno dei chiodi e non metto la mia mano nel suo fianco, io non credo\u00bb. Otto giorni dopo i discepoli erano di nuovo in casa e c\u2019era con loro anche Tommaso. Venne Ges\u00f9, a porte chiuse, stette in mezzo e disse: \u00abPace a voi!\u00bb. Poi disse a Tommaso: \u00abMetti qui il tuo dito e guarda le mie mani; tendi la tua mano e mettila nel mio fianco; e non essere incredulo, ma credente!\u00bb. Gli rispose Tommaso: \u00abMio Signore e mio Dio!\u00bb. Ges\u00f9 gli disse: \u00abPerch\u00e9 mi hai veduto, tu hai creduto; beati quelli che non hanno visto e hanno creduto!\u00bb. Ges\u00f9, in presenza dei suoi discepoli, fece molti altri segni che non sono stati scritti in questo libro. Ma questi sono stati scritti perch\u00e9 crediate che Ges\u00f9 \u00e8 il Cristo, il Figlio di Dio, e perch\u00e9, credendo, abbiate la vita nel suo nome.<\/p>\n<p style=\"text-align: center;\">&#8212;&#8212;&#8212;&#8212;-<\/p>\n<p><em>Commento al Vangelo (pdf) di:<\/em><\/p>\n<p><a href=\"http:\/\/absi.ch\/new\/wp-content\/uploads\/2018\/04\/II-Domenica-di-Pasqua_Anno-B-2017-2018_Castillo.pdf\" target=\"_blank\" rel=\"noopener\"><em>&gt; p. Jos\u00e9 Maria Castillo<\/em><\/a><\/p>\n<p><a href=\"http:\/\/absi.ch\/new\/wp-content\/uploads\/2018\/04\/26.-8-aprile-2018-II-Pasqua-Gv-2019-31.pdf\" target=\"_blank\" rel=\"noopener\"><em>&gt; d. Gennaro Lamuro<\/em><\/a><\/p>\n<p><a href=\"http:\/\/absi.ch\/new\/wp-content\/uploads\/2018\/04\/II-Pasqua-8.4.2018.pdf\" target=\"_blank\" rel=\"noopener\"><em> &gt; p. Alberto Maggi<\/em><\/a><\/p>\n<p>&nbsp;<\/p>\n<p><a href=\"http:\/\/absi.ch\/new\/commento-al-vangelo-2018\/\"><em>&gt; sommario Commento al Vangelo 2018<\/em><\/a><\/p>\n<p>[\/one_fourth][one_fourth][\/one_fourth][\/layout_group][\/layout]<\/p>\n<p><span style=\"border-radius: 2px; text-indent: 20px; width: auto; padding: 0px 4px 0px 0px; text-align: center; font: bold 11px\/20px 'Helvetica Neue',Helvetica,sans-serif; color: #ffffff; background: #bd081c  no-repeat scroll 3px 50% \/ 14px 14px; position: absolute; opacity: 1; z-index: 8675309; display: none; cursor: pointer; top: 144px; left: 112px;\">Save<\/span><\/p>\n<div id=\"themify_builder_content-11190\" data-postid=\"11190\" class=\"themify_builder_content themify_builder_content-11190 themify_builder\">\n    <\/div>\n<!-- \/themify_builder_content -->\n","protected":false},"excerpt":{"rendered":"<p>[layout][layout_group][one_fourth] OTTO GIORNI DOPO VENNE GES\u00d9 L&#8217;incredulit\u00e0 di Tommaso Giovanni Serodine (1600 &#8211; 1631) [\/one_fourth][one_fourth] II DOMENICA DI PASQUA &#8211; DOMENICA 8 APRILE 2018 Gv 20,19-31 La sera di quel giorno, il primo della settimana, mentre erano chiuse le porte del luogo dove si trovavano i discepoli per timore dei Giudei, venne Ges\u00f9, stette in [&hellip;]<\/p>\n","protected":false},"author":1,"featured_media":11197,"comment_status":"closed","ping_status":"open","sticky":false,"template":"","format":"standard","meta":{"footnotes":""},"categories":[141],"tags":[91,30,73],"class_list":["post-11190","post","type-post","status-publish","format-standard","has-post-thumbnail","hentry","category-commento-al-vangelo-2018","tag-d-gennaro-lamuro","tag-p-alberto-maggi","tag-p-jose-maria-castillo","has-post-title","no-post-date","has-post-category","has-post-tag","has-post-comment","has-post-author",""],"builder_content":"","_links":{"self":[{"href":"https:\/\/absi.ch\/new\/wp-json\/wp\/v2\/posts\/11190","targetHints":{"allow":["GET"]}}],"collection":[{"href":"https:\/\/absi.ch\/new\/wp-json\/wp\/v2\/posts"}],"about":[{"href":"https:\/\/absi.ch\/new\/wp-json\/wp\/v2\/types\/post"}],"author":[{"embeddable":true,"href":"https:\/\/absi.ch\/new\/wp-json\/wp\/v2\/users\/1"}],"replies":[{"embeddable":true,"href":"https:\/\/absi.ch\/new\/wp-json\/wp\/v2\/comments?post=11190"}],"version-history":[{"count":3,"href":"https:\/\/absi.ch\/new\/wp-json\/wp\/v2\/posts\/11190\/revisions"}],"predecessor-version":[{"id":11203,"href":"https:\/\/absi.ch\/new\/wp-json\/wp\/v2\/posts\/11190\/revisions\/11203"}],"wp:featuredmedia":[{"embeddable":true,"href":"https:\/\/absi.ch\/new\/wp-json\/wp\/v2\/media\/11197"}],"wp:attachment":[{"href":"https:\/\/absi.ch\/new\/wp-json\/wp\/v2\/media?parent=11190"}],"wp:term":[{"taxonomy":"category","embeddable":true,"href":"https:\/\/absi.ch\/new\/wp-json\/wp\/v2\/categories?post=11190"},{"taxonomy":"post_tag","embeddable":true,"href":"https:\/\/absi.ch\/new\/wp-json\/wp\/v2\/tags?post=11190"}],"curies":[{"name":"wp","href":"https:\/\/api.w.org\/{rel}","templated":true}]}}