{"id":11509,"date":"2018-06-10T02:34:54","date_gmt":"2018-06-10T00:34:54","guid":{"rendered":"http:\/\/absi.ch\/new\/?p=11509"},"modified":"2018-06-10T02:34:54","modified_gmt":"2018-06-10T00:34:54","slug":"x-tempo-ordinario-10-giugno-2018","status":"publish","type":"post","link":"https:\/\/absi.ch\/new\/2018\/06\/x-tempo-ordinario-10-giugno-2018\/","title":{"rendered":"X TEMPO ORDINARIO \u2013 10 giugno 2018"},"content":{"rendered":"<p>[layout][layout_group][one_fourth]<\/p>\n<h3 style=\"text-align: center;\">SATANA \u00c8 FINITO<\/h3>\n<hr \/>\n<p><img loading=\"lazy\" decoding=\"async\" class=\"wp-image-11511 aligncenter\" src=\"http:\/\/absi.ch\/new\/wp-content\/uploads\/2018\/06\/Bildschirmfoto-2018-06-10-um-02.13.46-1115x831.png\" alt=\"\" width=\"516\" height=\"384\" srcset=\"https:\/\/absi.ch\/new\/wp-content\/uploads\/2018\/06\/Bildschirmfoto-2018-06-10-um-02.13.46-1115x831.png 1115w, https:\/\/absi.ch\/new\/wp-content\/uploads\/2018\/06\/Bildschirmfoto-2018-06-10-um-02.13.46-300x224.png 300w, https:\/\/absi.ch\/new\/wp-content\/uploads\/2018\/06\/Bildschirmfoto-2018-06-10-um-02.13.46-768x572.png 768w, https:\/\/absi.ch\/new\/wp-content\/uploads\/2018\/06\/Bildschirmfoto-2018-06-10-um-02.13.46.png 1386w\" sizes=\"auto, (max-width: 516px) 100vw, 516px\" \/><\/p>\n<h5 style=\"text-align: center;\"><em>Scena del film &#8220;Ges\u00f9 di Nazareth&#8221;<br \/>\n<\/em><\/h5>\n<p style=\"text-align: center;\"><em><span class=\"photo-description highlight-links\"><span class=\"_2iem\">di Franco Zeffirelli<\/span><br \/>\n<\/span><\/em><\/p>\n<p>[\/one_fourth][one_fourth]<\/p>\n<p>X TEMPO ORDINARIO \u2013 10 giugno 2018<\/p>\n<p>Mc 3,20-35<\/p>\n<p>[In quel tempo,] Ges\u00f9 entr\u00f2 in una casa e di nuovo si radun\u00f2 una folla, tanto che non potevano neppure mangiare. Allora i suoi, sentito questo, uscirono per andare a prenderlo; dicevano infatti: \u00ab\u00c8 fuori di s\u00e9\u00bb. Gli scribi, che erano scesi da Gerusalemme, dicevano: \u00abCostui \u00e8 posseduto da Beelzeb\u00f9l e scaccia i dem\u00f2ni per mezzo del capo dei dem\u00f2ni\u00bb. Ma egli li chiam\u00f2 e con parabole diceva loro: \u00abCome pu\u00f2 Satana scacciare Satana? Se un regno \u00e8 diviso in se stesso, quel regno non potr\u00e0 restare in piedi; se una casa \u00e8 divisa in se stessa, quella casa non potr\u00e0 restare in piedi. Anche Satana, se si ribella contro se stesso ed \u00e8 diviso, non pu\u00f2 restare in piedi, ma \u00e8 finito. Nessuno pu\u00f2 entrare nella casa di un uomo forte e rapire i suoi beni, se prima non lo lega. Soltanto allora potr\u00e0 saccheggiargli la casa. In verit\u00e0 io vi dico: tutto sar\u00e0 perdonato ai figli degli uomini, i peccati e anche tutte le bestemmie che diranno; ma chi avr\u00e0 bestemmiato contro lo Spirito Santo non sar\u00e0 perdonato in eterno: \u00e8 reo di colpa eterna\u00bb. Poich\u00e9 dicevano: \u00ab\u00c8 posseduto da uno spirito impuro\u00bb. Giunsero sua madre e i suoi fratelli e, stando fuori, mandarono a chiamarlo. Attorno a lui era seduta una folla, e gli dissero: \u00abEcco, tua madre, i tuoi fratelli e le tue sorelle stanno fuori e ti cercano\u00bb. Ma egli rispose loro: \u00abChi \u00e8 mia madre e chi sono i miei fratelli?\u00bb. Girando lo sguardo su quelli che erano seduti attorno a lui, disse: \u00abEcco mia madre e i miei fratelli! Perch\u00e9 chi fa la volont\u00e0 di Dio, costui per me \u00e8 fratello, sorella e madre\u00bb.<\/p>\n<p style=\"text-align: center;\">&#8212;&#8212;&#8212;&#8212;-<\/p>\n<p><em>Commento al Vangelo (pdf) di:<\/em><\/p>\n<p><a href=\"http:\/\/absi.ch\/new\/wp-content\/uploads\/2018\/06\/X-Tempo-ordinario_Anno-B-2017-2018_Castillo.pdf\" target=\"_blank\" rel=\"noopener\"><em>&gt; p. Jos\u00e9 Maria Castillo<\/em><\/a><\/p>\n<p>&nbsp;<\/p>\n<p><a href=\"http:\/\/absi.ch\/new\/commento-al-vangelo-2018\/\"><em>&gt; sommario Commento al Vangelo 2018<\/em><\/a><\/p>\n<p>[\/one_fourth][one_fourth][\/one_fourth][\/layout_group][\/layout]<\/p>\n<p><span style=\"border-radius: 2px; text-indent: 20px; width: auto; padding: 0px 4px 0px 0px; text-align: center; font: bold 11px\/20px 'Helvetica Neue',Helvetica,sans-serif; color: #ffffff; background: #bd081c no-repeat scroll 3px 50% \/ 14px 14px; position: absolute; opacity: 1; z-index: 8675309; display: none; cursor: pointer; top: 144px; left: 20px;\">Save<\/span><\/p>\n<div id=\"themify_builder_content-11509\" data-postid=\"11509\" class=\"themify_builder_content themify_builder_content-11509 themify_builder\">\n    <\/div>\n<!-- \/themify_builder_content -->\n","protected":false},"excerpt":{"rendered":"<p>[layout][layout_group][one_fourth] SATANA \u00c8 FINITO Scena del film &#8220;Ges\u00f9 di Nazareth&#8221; di Franco Zeffirelli [\/one_fourth][one_fourth] X TEMPO ORDINARIO \u2013 10 giugno 2018 Mc 3,20-35 [In quel tempo,] Ges\u00f9 entr\u00f2 in una casa e di nuovo si radun\u00f2 una folla, tanto che non potevano neppure mangiare. Allora i suoi, sentito questo, uscirono per andare a prenderlo; dicevano [&hellip;]<\/p>\n","protected":false},"author":1,"featured_media":11511,"comment_status":"closed","ping_status":"open","sticky":false,"template":"","format":"standard","meta":{"footnotes":""},"categories":[29,141],"tags":[73],"class_list":["post-11509","post","type-post","status-publish","format-standard","has-post-thumbnail","hentry","category-vangelo","category-commento-al-vangelo-2018","tag-p-jose-maria-castillo","has-post-title","no-post-date","has-post-category","has-post-tag","has-post-comment","has-post-author",""],"builder_content":"","_links":{"self":[{"href":"https:\/\/absi.ch\/new\/wp-json\/wp\/v2\/posts\/11509","targetHints":{"allow":["GET"]}}],"collection":[{"href":"https:\/\/absi.ch\/new\/wp-json\/wp\/v2\/posts"}],"about":[{"href":"https:\/\/absi.ch\/new\/wp-json\/wp\/v2\/types\/post"}],"author":[{"embeddable":true,"href":"https:\/\/absi.ch\/new\/wp-json\/wp\/v2\/users\/1"}],"replies":[{"embeddable":true,"href":"https:\/\/absi.ch\/new\/wp-json\/wp\/v2\/comments?post=11509"}],"version-history":[{"count":1,"href":"https:\/\/absi.ch\/new\/wp-json\/wp\/v2\/posts\/11509\/revisions"}],"predecessor-version":[{"id":11512,"href":"https:\/\/absi.ch\/new\/wp-json\/wp\/v2\/posts\/11509\/revisions\/11512"}],"wp:featuredmedia":[{"embeddable":true,"href":"https:\/\/absi.ch\/new\/wp-json\/wp\/v2\/media\/11511"}],"wp:attachment":[{"href":"https:\/\/absi.ch\/new\/wp-json\/wp\/v2\/media?parent=11509"}],"wp:term":[{"taxonomy":"category","embeddable":true,"href":"https:\/\/absi.ch\/new\/wp-json\/wp\/v2\/categories?post=11509"},{"taxonomy":"post_tag","embeddable":true,"href":"https:\/\/absi.ch\/new\/wp-json\/wp\/v2\/tags?post=11509"}],"curies":[{"name":"wp","href":"https:\/\/api.w.org\/{rel}","templated":true}]}}