{"id":11527,"date":"2018-06-17T01:50:03","date_gmt":"2018-06-16T23:50:03","guid":{"rendered":"http:\/\/absi.ch\/new\/?p=11527"},"modified":"2018-06-17T01:50:03","modified_gmt":"2018-06-16T23:50:03","slug":"xi-tempo-ordinario-17-giugno-2018","status":"publish","type":"post","link":"https:\/\/absi.ch\/new\/2018\/06\/xi-tempo-ordinario-17-giugno-2018\/","title":{"rendered":"XI TEMPO ORDINARIO \u2013 17 giugno 2018"},"content":{"rendered":"<p>[layout][layout_group][one_fourth]<\/p>\n<h3 style=\"text-align: center;\">\u00c8 IL PI\u00d9 PICCOLO DI TUTTI I SEMI,<br \/>\nMA DIVENTA PI\u00d9 GRANDE DI TUTTE LE PIANTE DELL\u2019ORTO<\/h3>\n<hr \/>\n<p><img loading=\"lazy\" decoding=\"async\" class=\"size-full wp-image-11529 aligncenter\" src=\"http:\/\/absi.ch\/new\/wp-content\/uploads\/2018\/06\/jesusparable.jpg\" alt=\"\" width=\"600\" height=\"428\" srcset=\"https:\/\/absi.ch\/new\/wp-content\/uploads\/2018\/06\/jesusparable.jpg 600w, https:\/\/absi.ch\/new\/wp-content\/uploads\/2018\/06\/jesusparable-300x214.jpg 300w\" sizes=\"auto, (max-width: 600px) 100vw, 600px\" \/><\/p>\n<h5 style=\"text-align: center;\"><em>Ges\u00f9 insegna la gente\u00a0 vicino al mare<br \/>\n<\/em><\/h5>\n<p style=\"text-align: center;\"><em><span class=\"photo-description highlight-links\"><span class=\"_2iem\">di James Tissot (1836 &#8211; 1902)<\/span><br \/>\n<\/span><\/em><\/p>\n<p>[\/one_fourth][one_fourth]<\/p>\n<p>XI TEMPO ORDINARIO \u2013 17 giugno 2018<\/p>\n<p>Mc 4,26-34<\/p>\n<p>[In quel tempo, Ges\u00f9] diceva [alla folla]: \u00abCos\u00ec \u00e8 il regno di Dio: come un uomo che getta il seme sul terreno; dorma o vegli, di notte o di giorno, il seme germoglia e cresce. Come, egli stesso non lo sa. Il terreno produce spontaneamente prima lo stelo, poi la spiga, poi il chicco pieno nella spiga; e quando il frutto \u00e8 maturo, subito egli manda la falce, perch\u00e9 \u00e8 arrivata la mietitura\u00bb.<br \/>\nDiceva: \u00abA che cosa possiamo paragonare il regno di Dio o con quale parabola possiamo descriverlo? \u00c8 come un granello di senape che, quando viene seminato sul terreno, \u00e8 il pi\u00f9 piccolo di tutti i semi che sono sul terreno; ma, quando viene seminato, cresce e diventa pi\u00f9 grande di tutte le piante dell\u2019orto e fa rami cos\u00ec grandi che gli uccelli del cielo possono fare il nido alla sua ombra\u00bb. Con molte parabole dello stesso genere annunciava loro la Parola, come potevano intendere. Senza parabole non parlava loro ma, in privato, ai suoi discepoli spiegava ogni cosa.<\/p>\n<p style=\"text-align: center;\">&#8212;&#8212;&#8212;&#8212;-<\/p>\n<p><em>Commento al Vangelo (pdf) di:<\/em><br \/>\n<em><a href=\"http:\/\/absi.ch\/new\/wp-content\/uploads\/2018\/06\/XI-Tempo-ordinario_Anno-B-2017-2018_Castillo.pdf\" target=\"_blank\" rel=\"noopener\">p. Jos\u00e9 Maria Castillo<\/a><br \/>\n<\/em><a href=\"http:\/\/absi.ch\/new\/wp-content\/uploads\/2018\/06\/XI-TO-17.6.2018.pdf\" target=\"_blank\" rel=\"noopener\">p. Alberto Maggi<\/a><br \/>\n&nbsp;<\/p>\n<p><a href=\"http:\/\/absi.ch\/new\/commento-al-vangelo-2018\/\"><em>&gt; sommario Commento al Vangelo 2018<\/em><\/a><\/p>\n<p>[\/one_fourth][one_fourth][\/one_fourth][\/layout_group][\/layout]<\/p>\n<p><span style=\"border-radius: 2px; text-indent: 20px; width: auto; padding: 0px 4px 0px 0px; text-align: center; font: bold 11px\/20px 'Helvetica Neue',Helvetica,sans-serif; color: #ffffff; background: #bd081c no-repeat scroll 3px 50% \/ 14px 14px; position: absolute; opacity: 1; z-index: 8675309; display: none; cursor: pointer;\">Save<\/span><\/p>\n<p><span style=\"border-radius: 2px; text-indent: 20px; width: auto; padding: 0px 4px 0px 0px; text-align: center; font: bold 11px\/20px 'Helvetica Neue',Helvetica,sans-serif; color: #ffffff; background: #bd081c no-repeat scroll 3px 50% \/ 14px 14px; position: absolute; opacity: 1; z-index: 8675309; display: none; cursor: pointer; top: 172px; left: 252px;\">Save<\/span><\/p>\n<div id=\"themify_builder_content-11527\" data-postid=\"11527\" class=\"themify_builder_content themify_builder_content-11527 themify_builder\">\n    <\/div>\n<!-- \/themify_builder_content -->\n","protected":false},"excerpt":{"rendered":"<p>[layout][layout_group][one_fourth] \u00c8 IL PI\u00d9 PICCOLO DI TUTTI I SEMI, MA DIVENTA PI\u00d9 GRANDE DI TUTTE LE PIANTE DELL\u2019ORTO Ges\u00f9 insegna la gente\u00a0 vicino al mare di James Tissot (1836 &#8211; 1902) [\/one_fourth][one_fourth] XI TEMPO ORDINARIO \u2013 17 giugno 2018 Mc 4,26-34 [In quel tempo, Ges\u00f9] diceva [alla folla]: \u00abCos\u00ec \u00e8 il regno di Dio: come [&hellip;]<\/p>\n","protected":false},"author":1,"featured_media":11529,"comment_status":"closed","ping_status":"open","sticky":false,"template":"","format":"standard","meta":{"footnotes":""},"categories":[29,141],"tags":[30,73],"class_list":["post-11527","post","type-post","status-publish","format-standard","has-post-thumbnail","hentry","category-vangelo","category-commento-al-vangelo-2018","tag-p-alberto-maggi","tag-p-jose-maria-castillo","has-post-title","no-post-date","has-post-category","has-post-tag","has-post-comment","has-post-author",""],"builder_content":"","_links":{"self":[{"href":"https:\/\/absi.ch\/new\/wp-json\/wp\/v2\/posts\/11527","targetHints":{"allow":["GET"]}}],"collection":[{"href":"https:\/\/absi.ch\/new\/wp-json\/wp\/v2\/posts"}],"about":[{"href":"https:\/\/absi.ch\/new\/wp-json\/wp\/v2\/types\/post"}],"author":[{"embeddable":true,"href":"https:\/\/absi.ch\/new\/wp-json\/wp\/v2\/users\/1"}],"replies":[{"embeddable":true,"href":"https:\/\/absi.ch\/new\/wp-json\/wp\/v2\/comments?post=11527"}],"version-history":[{"count":2,"href":"https:\/\/absi.ch\/new\/wp-json\/wp\/v2\/posts\/11527\/revisions"}],"predecessor-version":[{"id":11532,"href":"https:\/\/absi.ch\/new\/wp-json\/wp\/v2\/posts\/11527\/revisions\/11532"}],"wp:featuredmedia":[{"embeddable":true,"href":"https:\/\/absi.ch\/new\/wp-json\/wp\/v2\/media\/11529"}],"wp:attachment":[{"href":"https:\/\/absi.ch\/new\/wp-json\/wp\/v2\/media?parent=11527"}],"wp:term":[{"taxonomy":"category","embeddable":true,"href":"https:\/\/absi.ch\/new\/wp-json\/wp\/v2\/categories?post=11527"},{"taxonomy":"post_tag","embeddable":true,"href":"https:\/\/absi.ch\/new\/wp-json\/wp\/v2\/tags?post=11527"}],"curies":[{"name":"wp","href":"https:\/\/api.w.org\/{rel}","templated":true}]}}