{"id":11587,"date":"2018-07-01T01:48:44","date_gmt":"2018-06-30T23:48:44","guid":{"rendered":"http:\/\/absi.ch\/new\/?p=11587"},"modified":"2018-07-01T01:48:44","modified_gmt":"2018-06-30T23:48:44","slug":"xiii-tempo-ordinario-1-luglio-2018","status":"publish","type":"post","link":"https:\/\/absi.ch\/new\/2018\/07\/xiii-tempo-ordinario-1-luglio-2018\/","title":{"rendered":"XIII TEMPO ORDINARIO \u2013 1 luglio 2018"},"content":{"rendered":"<p>[layout][layout_group][one_fourth]<\/p>\n<h3 style=\"text-align: center;\">FANCIULLA IO TI DICO, ALZATI!<\/h3>\n<hr \/>\n<p><img loading=\"lazy\" decoding=\"async\" class=\"alignnone size-full wp-image-11588\" src=\"http:\/\/absi.ch\/new\/wp-content\/uploads\/2018\/07\/figlia-di-giairo.jpg\" alt=\"\" width=\"1000\" height=\"624\" srcset=\"https:\/\/absi.ch\/new\/wp-content\/uploads\/2018\/07\/figlia-di-giairo.jpg 1000w, https:\/\/absi.ch\/new\/wp-content\/uploads\/2018\/07\/figlia-di-giairo-300x187.jpg 300w, https:\/\/absi.ch\/new\/wp-content\/uploads\/2018\/07\/figlia-di-giairo-768x479.jpg 768w\" sizes=\"auto, (max-width: 1000px) 100vw, 1000px\" \/><\/p>\n<h5 style=\"text-align: center;\"><em>Risurrezione della figlia di Giairo<br \/>\n<\/em><\/h5>\n<p style=\"text-align: center;\"><em><span class=\"photo-description highlight-links\"><span class=\"_2iem\">Vasilij Dmitrievi\u010d Polenov (1844 &#8211; 1927)<\/span><br \/>\n<\/span><\/em><\/p>\n<p>[\/one_fourth][one_fourth]<\/p>\n<p>XIII TEMPO ORDINARIO \u2013 1 luglio 2018<\/p>\n<p>Mc 5,21-43<\/p>\n<p>[In quel tempo,] essendo Ges\u00f9 passato di nuovo in barca all\u2019altra riva, gli si radun\u00f2 attorno molta folla ed egli stava lungo il mare. E venne uno dei capi della sinagoga, di nome Gi\u00e0iro, il quale, come lo vide, gli si gett\u00f2 ai piedi e lo supplic\u00f2 con insistenza: \u00abLa mia figlioletta sta morendo: vieni a imporle le mani, perch\u00e9 sia salvata e viva\u00bb. And\u00f2 con lui. Molta folla lo seguiva e gli si stringeva intorno. Ora una donna, che aveva perdite di sangue da dodici anni e aveva molto sofferto per opera di molti medici, spendendo tutti i suoi averi senza alcun vantaggio, anzi piuttosto peggiorando, udito parlare di Ges\u00f9, venne tra la folla e da dietro tocc\u00f2 il suo mantello. Diceva infatti: \u00abSe riuscir\u00f2 anche solo a toccare le sue vesti, sar\u00f2 salvata\u00bb. E subito le si ferm\u00f2 il flusso di sangue e sent\u00ec nel suo corpo che era guarita dal male. E subito Ges\u00f9, essendosi reso conto della forza che era uscita da lui, si volt\u00f2 alla folla dicendo: \u00abChi ha toccato le mie vesti?\u00bb. I suoi discepoli gli dissero: \u00abTu vedi la folla che si stringe intorno a te e dici: \u201cChi mi ha toccato?\u201d\u00bb. Egli guardava attorno, per vedere colei che aveva fatto questo. E la donna, impaurita e tremante, sapendo ci\u00f2 che le era accaduto, venne, gli si gett\u00f2 davanti e gli disse tutta la verit\u00e0. Ed egli le disse: \u00abFiglia, la tua fede ti ha salvata. Va\u2019 in pace e sii guarita dal tuo male\u00bb. Stava ancora parlando, quando dalla casa del capo della sinagoga vennero a dire: \u00abTua figlia \u00e8 morta. Perch\u00e9 disturbi ancora il Maestro?\u00bb. Ma Ges\u00f9, udito quanto dicevano, disse al capo della sinagoga: \u00abNon temere, soltanto abbi fede!\u00bb. E non permise a nessuno di seguirlo, fuorch\u00e9 a Pietro, Giacomo e Giovanni, fratello di Giacomo. Giunsero alla casa del capo della sinagoga ed egli vide trambusto e gente che piangeva e urlava forte. Entrato, disse loro: \u00abPerch\u00e9 vi agitate e piangete? La bambina non \u00e8 morta, ma dorme\u00bb. E lo deridevano. Ma egli, cacciati tutti fuori, prese con s\u00e9 il padre e la madre della bambina e quelli che erano con lui ed entr\u00f2 dove era la bambina. Prese la mano della bambina e le disse: \u00abTalit\u00e0 kum\u00bb, che significa: \u00abFanciulla, io ti dico: \u00e0lzati!\u00bb. E subito la fanciulla si alz\u00f2 e camminava; aveva infatti dodici anni. Essi furono presi da grande stupore. E raccomand\u00f2 loro con insistenza che nessuno venisse a saperlo e disse di darle da mangiare.<\/p>\n<p style=\"text-align: center;\">&#8212;&#8212;&#8212;&#8212;-<\/p>\n<p><em>[\/one_fourth][one_fourth]Commento al Vangelo (pdf) di:<\/em><\/p>\n<p><em><a href=\"http:\/\/absi.ch\/new\/wp-content\/uploads\/2018\/07\/XIII-Tempo-ordinario_Anno-B-2017-2018_Castillo.pdf\" target=\"_blank\" rel=\"noopener\">p. Jos\u00e9 Maria Castillo<\/a><br \/>\n<\/em><a href=\"http:\/\/absi.ch\/new\/wp-content\/uploads\/2018\/07\/XIII-TO-1.07.2018.pdf\" target=\"_blank\" rel=\"noopener\"> <em>p. Alberto Maggi<\/em><\/a><\/p>\n<p><a href=\"http:\/\/absi.ch\/new\/commento-al-vangelo-2018\/\"><em>&gt; sommario Commento al Vangelo 2018<\/em><\/a><\/p>\n<p>[\/one_fourth][one_fourth][\/one_fourth][\/layout_group][\/layout]<\/p>\n<p><span style=\"border-radius: 2px; text-indent: 20px; width: auto; padding: 0px 4px 0px 0px; text-align: center; font: bold 11px\/20px 'Helvetica Neue',Helvetica,sans-serif; color: #ffffff; background: #bd081c no-repeat scroll 3px 50% \/ 14px 14px; position: absolute; opacity: 1; z-index: 8675309; display: none; cursor: pointer;\">Save<\/span><\/p>\n<p><span style=\"border-radius: 2px; text-indent: 20px; width: auto; padding: 0px 4px 0px 0px; text-align: center; font: bold 11px\/20px 'Helvetica Neue',Helvetica,sans-serif; color: #ffffff; background: #bd081c  no-repeat scroll 3px 50% \/ 14px 14px; position: absolute; opacity: 1; z-index: 8675309; display: none; cursor: pointer;\">Save<\/span><\/p>\n<div id=\"themify_builder_content-11587\" data-postid=\"11587\" class=\"themify_builder_content themify_builder_content-11587 themify_builder\">\n    <\/div>\n<!-- \/themify_builder_content -->\n","protected":false},"excerpt":{"rendered":"<p>[layout][layout_group][one_fourth] FANCIULLA IO TI DICO, ALZATI! Risurrezione della figlia di Giairo Vasilij Dmitrievi\u010d Polenov (1844 &#8211; 1927) [\/one_fourth][one_fourth] XIII TEMPO ORDINARIO \u2013 1 luglio 2018 Mc 5,21-43 [In quel tempo,] essendo Ges\u00f9 passato di nuovo in barca all\u2019altra riva, gli si radun\u00f2 attorno molta folla ed egli stava lungo il mare. E venne uno dei [&hellip;]<\/p>\n","protected":false},"author":1,"featured_media":11588,"comment_status":"closed","ping_status":"open","sticky":false,"template":"","format":"standard","meta":{"footnotes":""},"categories":[29,141],"tags":[30,73],"class_list":["post-11587","post","type-post","status-publish","format-standard","has-post-thumbnail","hentry","category-vangelo","category-commento-al-vangelo-2018","tag-p-alberto-maggi","tag-p-jose-maria-castillo","has-post-title","no-post-date","has-post-category","has-post-tag","has-post-comment","has-post-author",""],"builder_content":"","_links":{"self":[{"href":"https:\/\/absi.ch\/new\/wp-json\/wp\/v2\/posts\/11587","targetHints":{"allow":["GET"]}}],"collection":[{"href":"https:\/\/absi.ch\/new\/wp-json\/wp\/v2\/posts"}],"about":[{"href":"https:\/\/absi.ch\/new\/wp-json\/wp\/v2\/types\/post"}],"author":[{"embeddable":true,"href":"https:\/\/absi.ch\/new\/wp-json\/wp\/v2\/users\/1"}],"replies":[{"embeddable":true,"href":"https:\/\/absi.ch\/new\/wp-json\/wp\/v2\/comments?post=11587"}],"version-history":[{"count":2,"href":"https:\/\/absi.ch\/new\/wp-json\/wp\/v2\/posts\/11587\/revisions"}],"predecessor-version":[{"id":11592,"href":"https:\/\/absi.ch\/new\/wp-json\/wp\/v2\/posts\/11587\/revisions\/11592"}],"wp:featuredmedia":[{"embeddable":true,"href":"https:\/\/absi.ch\/new\/wp-json\/wp\/v2\/media\/11588"}],"wp:attachment":[{"href":"https:\/\/absi.ch\/new\/wp-json\/wp\/v2\/media?parent=11587"}],"wp:term":[{"taxonomy":"category","embeddable":true,"href":"https:\/\/absi.ch\/new\/wp-json\/wp\/v2\/categories?post=11587"},{"taxonomy":"post_tag","embeddable":true,"href":"https:\/\/absi.ch\/new\/wp-json\/wp\/v2\/tags?post=11587"}],"curies":[{"name":"wp","href":"https:\/\/api.w.org\/{rel}","templated":true}]}}