{"id":11632,"date":"2018-07-22T00:11:59","date_gmt":"2018-07-21T22:11:59","guid":{"rendered":"http:\/\/absi.ch\/new\/?p=11632"},"modified":"2018-07-22T00:45:24","modified_gmt":"2018-07-21T22:45:24","slug":"xvi-tempo-ordinario-22-luglio-2018","status":"publish","type":"post","link":"https:\/\/absi.ch\/new\/2018\/07\/xvi-tempo-ordinario-22-luglio-2018\/","title":{"rendered":"XVI TEMPO ORDINARIO \u2013 22 luglio 2018"},"content":{"rendered":"<p>[layout][layout_group][one_fourth]<\/p>\n<h3 style=\"text-align: center;\">ERANO COME PECORE CHE NON HANNO PASTORE<\/h3>\n<hr \/>\n<p><img loading=\"lazy\" decoding=\"async\" class=\"size-full wp-image-11634 aligncenter\" src=\"http:\/\/absi.ch\/new\/wp-content\/uploads\/2018\/07\/Tissot3.jpg\" alt=\"\" width=\"768\" height=\"566\" srcset=\"https:\/\/absi.ch\/new\/wp-content\/uploads\/2018\/07\/Tissot3.jpg 768w, https:\/\/absi.ch\/new\/wp-content\/uploads\/2018\/07\/Tissot3-300x221.jpg 300w\" sizes=\"auto, (max-width: 768px) 100vw, 768px\" \/><\/p>\n<h5 style=\"text-align: center;\"><em>Ges\u00f9 comanda agli apostoli di riposare<br \/>\n<\/em><\/h5>\n<p style=\"text-align: center;\"><em><span class=\"photo-description highlight-links\"><span class=\"_2iem\">James Tissot (1836 &#8211; 1902)<\/span><br \/>\n<\/span><\/em><\/p>\n<p>[\/one_fourth][one_fourth]<\/p>\n<p>XVI TEMPO ORDINARIO \u2013 22 luglio 2018<\/p>\n<p>Mc 6, 30-34<\/p>\n<p>[In quel tempo,] gli apostoli si riunirono attorno a Ges\u00f9 e gli riferirono tutto quello che avevano fatto e quello che avevano insegnato. Ed egli disse loro: \u00abVenite in disparte, voi soli, in un luogo deserto, e riposatevi un po\u2019\u00bb. Erano infatti molti quelli che andavano e venivano e non avevano neanche il tempo di mangiare.<br \/>\nAllora andarono con la barca verso un luogo deserto, in disparte. Molti per\u00f2 li videro partire e capirono, e da tutte le citt\u00e0 accorsero l\u00e0 a piedi e li precedettero.<br \/>\nSceso dalla barca, egli vide una grande folla, ebbe compassione di loro, perch\u00e9 erano come pecore che non hanno pastore, e si mise a insegnare loro molte cose.<\/p>\n<p style=\"text-align: center;\">&#8212;&#8212;&#8212;&#8212;-<\/p>\n<p><em>Commento al Vangelo (pdf) di:<\/em><\/p>\n<p><a href=\"http:\/\/absi.ch\/new\/wp-content\/uploads\/2018\/07\/XVI-Tempo-ordinario_Anno-B-2017-2018_Castillo.pdf\" target=\"_blank\" rel=\"noopener\"><em>p. Jos\u00e9 Maria Castillo<\/em><\/a><br \/>\n<a href=\"http:\/\/absi.ch\/new\/wp-content\/uploads\/2018\/07\/XVI-TO-22.7.18.pdf\" target=\"_blank\" rel=\"noopener\"><em>p. Alberto Maggi<\/em><\/a><\/p>\n<p><a href=\"http:\/\/absi.ch\/new\/commento-al-vangelo-2018\/\"><em>&gt; sommario Commento al Vangelo 2018<\/em><\/a><\/p>\n<p><em>[\/one_fourth][one_fourth]<\/em>[\/one_fourth][one_fourth][\/one_fourth][\/layout_group][\/layout]<\/p>\n<p><span style=\"border-radius: 2px; text-indent: 20px; width: auto; padding: 0px 4px 0px 0px; text-align: center; font: bold 11px\/20px 'Helvetica Neue',Helvetica,sans-serif; color: #ffffff; background: #bd081c no-repeat scroll 3px 50% \/ 14px 14px; position: absolute; opacity: 1; z-index: 8675309; display: none; cursor: pointer; top: 104px; left: 20px;\">Save<\/span><\/p>\n<p><span style=\"border-radius: 2px; text-indent: 20px; width: auto; padding: 0px 4px 0px 0px; text-align: center; font: bold 11px\/20px 'Helvetica Neue',Helvetica,sans-serif; color: #ffffff; background: #bd081c no-repeat scroll 3px 50% \/ 14px 14px; position: absolute; opacity: 1; z-index: 8675309; display: none; cursor: pointer; top: 104px; left: 20px;\">Save<\/span><\/p>\n<p><span style=\"border-radius: 2px; text-indent: 20px; width: auto; padding: 0px 4px 0px 0px; text-align: center; font: bold 11px\/20px 'Helvetica Neue',Helvetica,sans-serif; color: #ffffff; background: #bd081c no-repeat scroll 3px 50% \/ 14px 14px; position: absolute; opacity: 1; z-index: 8675309; display: none; cursor: pointer; top: 144px; left: 32px;\">Save<\/span><\/p>\n<p><span style=\"border-radius: 2px; text-indent: 20px; width: auto; padding: 0px 4px 0px 0px; text-align: center; font: bold 11px\/20px 'Helvetica Neue',Helvetica,sans-serif; color: #ffffff; background: #bd081c  no-repeat scroll 3px 50% \/ 14px 14px; position: absolute; opacity: 1; z-index: 8675309; display: none; cursor: pointer;\">Save<\/span><\/p>\n<div id=\"themify_builder_content-11632\" data-postid=\"11632\" class=\"themify_builder_content themify_builder_content-11632 themify_builder\">\n    <\/div>\n<!-- \/themify_builder_content -->\n","protected":false},"excerpt":{"rendered":"<p>[layout][layout_group][one_fourth] ERANO COME PECORE CHE NON HANNO PASTORE Ges\u00f9 comanda agli apostoli di riposare James Tissot (1836 &#8211; 1902) [\/one_fourth][one_fourth] XVI TEMPO ORDINARIO \u2013 22 luglio 2018 Mc 6, 30-34 [In quel tempo,] gli apostoli si riunirono attorno a Ges\u00f9 e gli riferirono tutto quello che avevano fatto e quello che avevano insegnato. Ed egli [&hellip;]<\/p>\n","protected":false},"author":1,"featured_media":11634,"comment_status":"closed","ping_status":"open","sticky":false,"template":"","format":"standard","meta":{"footnotes":""},"categories":[141],"tags":[30,73],"class_list":["post-11632","post","type-post","status-publish","format-standard","has-post-thumbnail","hentry","category-commento-al-vangelo-2018","tag-p-alberto-maggi","tag-p-jose-maria-castillo","has-post-title","no-post-date","has-post-category","has-post-tag","has-post-comment","has-post-author",""],"builder_content":"","_links":{"self":[{"href":"https:\/\/absi.ch\/new\/wp-json\/wp\/v2\/posts\/11632","targetHints":{"allow":["GET"]}}],"collection":[{"href":"https:\/\/absi.ch\/new\/wp-json\/wp\/v2\/posts"}],"about":[{"href":"https:\/\/absi.ch\/new\/wp-json\/wp\/v2\/types\/post"}],"author":[{"embeddable":true,"href":"https:\/\/absi.ch\/new\/wp-json\/wp\/v2\/users\/1"}],"replies":[{"embeddable":true,"href":"https:\/\/absi.ch\/new\/wp-json\/wp\/v2\/comments?post=11632"}],"version-history":[{"count":6,"href":"https:\/\/absi.ch\/new\/wp-json\/wp\/v2\/posts\/11632\/revisions"}],"predecessor-version":[{"id":11642,"href":"https:\/\/absi.ch\/new\/wp-json\/wp\/v2\/posts\/11632\/revisions\/11642"}],"wp:featuredmedia":[{"embeddable":true,"href":"https:\/\/absi.ch\/new\/wp-json\/wp\/v2\/media\/11634"}],"wp:attachment":[{"href":"https:\/\/absi.ch\/new\/wp-json\/wp\/v2\/media?parent=11632"}],"wp:term":[{"taxonomy":"category","embeddable":true,"href":"https:\/\/absi.ch\/new\/wp-json\/wp\/v2\/categories?post=11632"},{"taxonomy":"post_tag","embeddable":true,"href":"https:\/\/absi.ch\/new\/wp-json\/wp\/v2\/tags?post=11632"}],"curies":[{"name":"wp","href":"https:\/\/api.w.org\/{rel}","templated":true}]}}