{"id":11662,"date":"2018-07-29T01:54:05","date_gmt":"2018-07-28T23:54:05","guid":{"rendered":"http:\/\/absi.ch\/new\/?p=11662"},"modified":"2018-07-29T01:54:05","modified_gmt":"2018-07-28T23:54:05","slug":"xvii-tempo-ordinario-29-luglio-2018","status":"publish","type":"post","link":"https:\/\/absi.ch\/new\/2018\/07\/xvii-tempo-ordinario-29-luglio-2018\/","title":{"rendered":"XVII TEMPO ORDINARIO \u2013 29 luglio 2018"},"content":{"rendered":"<p>[layout][layout_group][one_fourth]<\/p>\n<h3 style=\"text-align: center;\">DISTRIBUI\u2019 A QUELLI CHE ERANO SEDUTI<br \/>\nQUANTO NE VOLEVANO<\/h3>\n<hr \/>\n<p><img loading=\"lazy\" decoding=\"async\" class=\"alignnone size-full wp-image-11666\" src=\"http:\/\/absi.ch\/new\/wp-content\/uploads\/2018\/07\/Raffaellino-del-Garbo.png\" alt=\"\" width=\"798\" height=\"528\" srcset=\"https:\/\/absi.ch\/new\/wp-content\/uploads\/2018\/07\/Raffaellino-del-Garbo.png 798w, https:\/\/absi.ch\/new\/wp-content\/uploads\/2018\/07\/Raffaellino-del-Garbo-300x198.png 300w, https:\/\/absi.ch\/new\/wp-content\/uploads\/2018\/07\/Raffaellino-del-Garbo-768x508.png 768w\" sizes=\"auto, (max-width: 798px) 100vw, 798px\" \/><\/p>\n<h5 style=\"text-align: center;\"><em>La moltiplicazione dei pani e dei pesci<br \/>\n<\/em><\/h5>\n<p style=\"text-align: center;\"><em><span class=\"photo-description highlight-links\"><span class=\"_2iem\">Raffaellino del Garbo (ca. <span class=\"st\">1466<\/span> &#8211; 1524)<\/span><br \/>\n<\/span><\/em><\/p>\n<p>[\/one_fourth][one_fourth]<\/p>\n<p>XVII TEMPO ORDINARIO \u2013 29 luglio 2018<\/p>\n<p>Gv 6, 1-15<\/p>\n<p>[In quel tempo,] Ges\u00f9 pass\u00f2 all\u2019altra riva del mare di Galilea, cio\u00e8 di Tiber\u00ecade, e lo seguiva una grande folla, perch\u00e9 vedeva i segni che compiva sugli infermi. Ges\u00f9 sal\u00ec sul monte e l\u00e0 si pose a sedere con i suoi discepoli. Era vicina la Pasqua, la festa dei Giudei.<br \/>\nAllora Ges\u00f9, alz\u00e0ti gli occhi, vide che una grande folla veniva da lui e disse a Filippo: \u00abDove potremo comprare il pane perch\u00e9 costoro abbiano da mangiare?\u00bb. Diceva cos\u00ec per metterlo alla prova; egli infatti sapeva quello che stava per compiere. Gli rispose Filippo: \u00abDuecento denari di pane non sono sufficienti neppure perch\u00e9 ognuno possa riceverne un pezzo\u00bb.<br \/>\nGli disse allora uno dei suoi discepoli, Andrea, fratello di Simon Pietro: \u00abC\u2019\u00e8 qui un ragazzo che ha cinque pani d\u2019orzo e due pesci; ma che cos\u2019\u00e8 questo per tanta gente?\u00bb. Rispose Ges\u00f9: \u00abFateli sedere\u00bb. C\u2019era molta erba in quel luogo. Si misero dunque a sedere ed erano circa cinquemila uomini.<br \/>\nAllora Ges\u00f9 prese i pani e, dopo aver reso grazie, li diede a quelli che erano seduti, e lo stesso fece dei pesci, quanto ne volevano.<br \/>\nE quando furono saziati, disse ai suoi discepoli: \u00abRaccogliete i pezzi avanzati, perch\u00e9 nulla vada perduto\u00bb. Li raccolsero e riempirono dodici canestri con i pezzi dei cinque pani d\u2019orzo, avanzati a coloro che avevano mangiato.<br \/>\nAllora la gente, visto il segno che egli aveva compiuto, diceva: \u00abQuesti \u00e8 davvero il profeta, colui che viene nel mondo!\u00bb. Ma Ges\u00f9, sapendo che venivano a prenderlo per farlo re, si ritir\u00f2 di nuovo sul monte, lui da solo.<\/p>\n<p style=\"text-align: center;\">&#8212;&#8212;&#8212;&#8212;-<\/p>\n<p><em>Commento al Vangelo (pdf) di:<\/em><\/p>\n<p><a href=\"http:\/\/absi.ch\/new\/wp-content\/uploads\/2018\/07\/XVII-Tempo-ordinario_Anno-B-2017-2018_Castillo.pdf\" target=\"_blank\" rel=\"noopener\"><em>p. Jos\u00e9 Maria Castillo<\/em><\/a><br \/>\n<a href=\"http:\/\/absi.ch\/new\/wp-content\/uploads\/2018\/07\/42.-29-luglio-2018-XVII-Dom.-TO-Gv-61-15.pdf\" target=\"_blank\" rel=\"noopener\"> <em>d. Gennaro Lamuro<\/em><\/a><br \/>\n<a href=\"http:\/\/absi.ch\/new\/wp-content\/uploads\/2018\/07\/XVII-TO-29.7.18.pdf\"> <em>p. Alberto Maggi<\/em><\/a><\/p>\n<p><a href=\"http:\/\/absi.ch\/new\/commento-al-vangelo-2018\/\"><em>&gt; sommario Commento al Vangelo 2018<\/em><\/a><\/p>\n<p><em>[\/one_fourth][one_fourth]<\/em>[\/one_fourth][one_fourth][\/one_fourth][\/layout_group][\/layout]<\/p>\n<p><span style=\"border-radius: 2px; text-indent: 20px; width: auto; padding: 0px 4px 0px 0px; text-align: center; font: bold 11px\/20px 'Helvetica Neue',Helvetica,sans-serif; color: #ffffff; background: #bd081c no-repeat scroll 3px 50% \/ 14px 14px; position: absolute; opacity: 1; z-index: 8675311; display: none; cursor: pointer; top: 172px; left: 20px;\">Save<\/span><\/p>\n<div id=\"themify_builder_content-11662\" data-postid=\"11662\" class=\"themify_builder_content themify_builder_content-11662 themify_builder\">\n    <\/div>\n<!-- \/themify_builder_content -->\n","protected":false},"excerpt":{"rendered":"<p>[layout][layout_group][one_fourth] DISTRIBUI\u2019 A QUELLI CHE ERANO SEDUTI QUANTO NE VOLEVANO La moltiplicazione dei pani e dei pesci Raffaellino del Garbo (ca. 1466 &#8211; 1524) [\/one_fourth][one_fourth] XVII TEMPO ORDINARIO \u2013 29 luglio 2018 Gv 6, 1-15 [In quel tempo,] Ges\u00f9 pass\u00f2 all\u2019altra riva del mare di Galilea, cio\u00e8 di Tiber\u00ecade, e lo seguiva una grande folla, [&hellip;]<\/p>\n","protected":false},"author":1,"featured_media":11666,"comment_status":"closed","ping_status":"open","sticky":false,"template":"","format":"standard","meta":{"footnotes":""},"categories":[141],"tags":[91,30,73],"class_list":["post-11662","post","type-post","status-publish","format-standard","has-post-thumbnail","hentry","category-commento-al-vangelo-2018","tag-d-gennaro-lamuro","tag-p-alberto-maggi","tag-p-jose-maria-castillo","has-post-title","no-post-date","has-post-category","has-post-tag","has-post-comment","has-post-author",""],"builder_content":"","_links":{"self":[{"href":"https:\/\/absi.ch\/new\/wp-json\/wp\/v2\/posts\/11662","targetHints":{"allow":["GET"]}}],"collection":[{"href":"https:\/\/absi.ch\/new\/wp-json\/wp\/v2\/posts"}],"about":[{"href":"https:\/\/absi.ch\/new\/wp-json\/wp\/v2\/types\/post"}],"author":[{"embeddable":true,"href":"https:\/\/absi.ch\/new\/wp-json\/wp\/v2\/users\/1"}],"replies":[{"embeddable":true,"href":"https:\/\/absi.ch\/new\/wp-json\/wp\/v2\/comments?post=11662"}],"version-history":[{"count":1,"href":"https:\/\/absi.ch\/new\/wp-json\/wp\/v2\/posts\/11662\/revisions"}],"predecessor-version":[{"id":11667,"href":"https:\/\/absi.ch\/new\/wp-json\/wp\/v2\/posts\/11662\/revisions\/11667"}],"wp:featuredmedia":[{"embeddable":true,"href":"https:\/\/absi.ch\/new\/wp-json\/wp\/v2\/media\/11666"}],"wp:attachment":[{"href":"https:\/\/absi.ch\/new\/wp-json\/wp\/v2\/media?parent=11662"}],"wp:term":[{"taxonomy":"category","embeddable":true,"href":"https:\/\/absi.ch\/new\/wp-json\/wp\/v2\/categories?post=11662"},{"taxonomy":"post_tag","embeddable":true,"href":"https:\/\/absi.ch\/new\/wp-json\/wp\/v2\/tags?post=11662"}],"curies":[{"name":"wp","href":"https:\/\/api.w.org\/{rel}","templated":true}]}}