{"id":11747,"date":"2018-08-29T23:56:40","date_gmt":"2018-08-29T21:56:40","guid":{"rendered":"http:\/\/absi.ch\/new\/?p=11747"},"modified":"2020-10-06T13:18:26","modified_gmt":"2020-10-06T11:18:26","slug":"corsi-letture-vangelo-luca-2018-2019","status":"publish","type":"post","link":"https:\/\/absi.ch\/new\/2018\/08\/corsi-letture-vangelo-luca-2018-2019\/","title":{"rendered":"CORSI-Letture vangelo Luca 2018-2019"},"content":{"rendered":"<p>[layout][layout_group][one_sixth]<br>\n<img loading=\"lazy\" decoding=\"async\" class=\"alignnone size-full wp-image-11748\" src=\"http:\/\/absi.ch\/new\/wp-content\/uploads\/2018\/08\/Corso-Luca.png\" alt=\"\" width=\"651\" height=\"396\" srcset=\"https:\/\/absi.ch\/new\/wp-content\/uploads\/2018\/08\/Corso-Luca.png 651w, https:\/\/absi.ch\/new\/wp-content\/uploads\/2018\/08\/Corso-Luca-300x182.png 300w\" sizes=\"auto, (max-width: 651px) 100vw, 651px\" \/><\/p>\n<p>Questa \u00e8 la presentazione. Inizieremo da settembre 2018 in poi con un corso di lettura continua del vangelo secondo Luca in prospettiva ecumenica ed interculturale, aperto a tutti coloro che fossero interessati. Le occasioni di confronto tra docenti e partecipanti saranno ancora maggiori che in passato e acquisire una conoscenza pi\u00f9 culturalmente esistenziale dei testi evangelici potr\u00e0 essere un\u2019opportunit\u00e0 dagli sviluppi inattesi. Questo corso \u00e8 rivolto davvero a chiunque e sar\u00e0 itinerante: si svolger\u00e0 da settembre 2018 ad aprile in quattro sedi diverse, allo scopo di aumentare l\u2019interazione con tante persone di diversi ambienti, sensibilit\u00e0 e ispirazioni culturali e religiose.<\/p>\n<p>[\/one_sixth][one_sixth]<strong>PROGRAMMA<\/strong><\/p>\n<p><strong>(A) Introduzione generale. Lettura di Luca 1-2:<\/strong> <em>Casa Santa Birgitta,<\/em><br>\nsabato 22 settembre 2018 (h. 9.30-17.00)<\/p>\n<p><strong>(B) Lettura di Luca 3-7:<\/strong> <em>Parrocchia Sacro Cuore,<\/em><br>\nmarted\u00ec 25 settembre 2018; 2-9-16-23 ottobre 2018;<\/p>\n<p><strong>(C) Lettura di Luca 8-13:<\/strong> <em>Centro Pastorale San Giuseppe,<\/em><br>\nmarted\u00ec 6-13-20-27 novembre 2018 \/ 4 dicembre 2018<\/p>\n<p><strong>(D) Lettura di Luca 14-16<\/strong>: <em>Centro Culturale Evangelico,<\/em><br>\nmarted\u00ec 8-15-22-29 gennaio 2019<\/p>\n<p><strong>(E) Lettura di Luca 17-19:<\/strong><em> Casa Santa Birgitta,<\/em><br>\nmarted\u00ec 5-12-19-26 febbraio 2019<\/p>\n<p><strong>(F) Lettura di Luca 20-22:<\/strong> <em>Centro Pastorale San Giuseppe<\/em>,<br>\n12-26 marzo 2019 \/ 2 aprile 2019<\/p>\n<p><strong>(G) Lettura di Luca 23-24. Conclusione:<\/strong> <em>Casa Santa Birgitta,<\/em><br>\nsabato 6 aprile (h. 9.30-17.00)<\/p>\n<p style=\"text-align: left;\"><strong>Orari percorso feriale:<\/strong> h.<strong> 14.45-16.30<\/strong> o <strong>20.30-22.15<\/strong> (a scelta dei partecipanti)<br>\n<strong>Coordinatore:<\/strong> Ernesto Borghi<br>\n<strong>Docenti:<\/strong> Daniele Campoli (pastore evangelico, Lugano); Elena Chiamenti (biblista cattolica, Verona); Stefania De Vito (biblista cattolica, Universit\u00e0 Gregoriana di Roma); Francesco Mosetto (prete e biblista cattolico, Universit\u00e0 Salesiana di Torino); Lidia Maggi (pastora battista); Cesare Marcheselli Casale (prete e biblista cattolico, Facolt\u00e0 Teologica dell\u2019Italia Meridionale); Eric Noffke (pastore e biblista metodista, Facolt\u00e0 Valdese di Teologia di Roma); [\/one_sixth][one_sixth]Angelo Reginato (biblista battista); Elisabetta Tisi (prete cristo-cattolica, Milano-Lugano); Stefano Zeni (prete e biblista cattolico, Facolt\u00e0 Teologica del Triveneto\/ISSR di Trento). <strong>Sedi:<\/strong> Lugano (Casa Santa Birgitta, via Calloni 14 \u2013 Parrocchia Sacro Cuore, via Maderno 20 \u2013 Centro Culturale Evangelico, via Landriani 10 \u2013 Centro Pastorale San Giuseppe, via Cantonale 2a)<br>\n<strong>Testo guida:<\/strong> <em>LUCA<\/em>. <em>Nuova traduzione ecumenica commentata<\/em>, a cura di E. Borghi, Edizioni Terra Santa, Milano 2018.<\/p>\n<p style=\"text-align: left;\"><strong>Iscrizioni<\/strong><br>\nLe iscrizioni si devono inviare, per posta cartacea o per posta elettronica, entro e non oltre il <strong>12 settembre 2018 <\/strong><strong>indicando il proprio nome, cognome, indirizzo postale ed elettronico, numero di<\/strong> <strong>telefono<\/strong> <strong>e orario di incontro prescelto<\/strong> per le giornate di marted\u00ec <strong>(14.45-16.30 oppure 20.30-22.15) a<\/strong>:<\/p>\n<p style=\"text-align: left;\"><strong>Associazione Biblica della Svizzera Italiana<\/strong><br>\n<strong>via Cantonale 2a &#8211; <\/strong><strong>cp 5286 \u2013 6901 \u2013 Lugano<\/strong><br>\n<strong>info@absi.ch <\/strong><br>\ncon l\u2019indicazione<strong> \u201cCorso vangelo secondo Luca\u201d<\/strong><\/p>\n<p style=\"text-align: left;\">Il versamento della quota di iscrizione (<strong>CHF 200<\/strong>, comprensiva di<strong> un anno di iscrizione all\u2019Associazione Biblica della Svizzera Italiana e del testo-guida del corso<\/strong>) avverr\u00e0 tramite una polizza di versamento, che sar\u00e0 consegnata ad iscritte e iscritti in occasione del primo incontro (22 settembre 2018) insieme ad una brochure con<\/p>\n<p style=\"text-align: left;\">tutte le informazioni utili per frequentare il corso stesso.<br>\nChi volesse partecipare soltanto<strong> alla prima e ultima giornata del corso<\/strong>, il 22 settembre 2018 e\/o il 6 aprile 2019<\/p>\n<p style=\"text-align: left;\">[\/one_sixth][one_sixth]specifichi questa sua volont\u00e0 nell\u2019iscrizione (quota di partecipazione per ognuna di queste giornate:<strong> CHF 20.-<\/strong>)<\/p>\n<p><a href=\"http:\/\/absi.ch\/new\/wp-content\/uploads\/2018\/09\/Cop_Luca_definitiva.pdf\" target=\"_blank\" rel=\"noopener noreferrer\"><em>&gt; copertina del libro<\/em><\/a><br>\n<a href=\"http:\/\/absi.ch\/new\/wp-content\/uploads\/2018\/08\/Programma-Corso-Lc-2018-2019-definitivo.pdf\" target=\"_blank\" rel=\"noopener noreferrer\"><em>&gt; programma<\/em><\/a><\/p>\n<p><strong>LETTURA ECUMENICA ONLINE DEL VANGELO SECONDO LUCA<\/strong><\/p>\n<p><strong>Premessa<\/strong><br>\nMolte persone sono rivolte alla nostra associazione per poter partecipare al corso ecumenico di lettura del vangelo secondo Luca che stiamo vivendo a Lugano, anche se sono geograficamente lontane o non possono essere comunque presenti nell&#8217;orario di svolgimento attuale del corso. Abbiamo pensato, pertanto, di offrire a tutti gli interessati la possibilit\u00e0 di prendere parte a a questa iniziativa di formazione biblica attraverso una semplice modalit\u00e0: l&#8217;<strong>iscrizione all\u2019Associazione Biblica della Svizzera Italiana <\/strong>e la possibilit\u00e0 di seguirne gli incontri collegandosi tramite internet, digitando un codice valido per ciascuno&nbsp;<strong>dei ventitr\u00e9 incontri<\/strong>&nbsp;del percorso di lettura lucana.<\/p>\n<p><strong>Organizzazione<\/strong><br>\nA chi aderir\u00e0 a questa possibilit\u00e0, verr\u00e0 comunicato, via posta elettronica, il programma complessivo del corso e, per ogni incontro, un codice che dovr\u00e0 essere digitato esattamente come un qualunque link e ci\u00f2 permetter\u00e0 diseguire questi incontri quando desiderano. Le registrazioni rimarranno online e possono essere guardati anche pi\u00f9 volte. Questa possibilit\u00e0 verr\u00e0 data anche alle persone che frequentano il corso di persona.<br>\nCollegato al corso vi \u00e8 il volume &#8220;LUCA. Nuova traduzione<\/p>\n<p>&nbsp;<\/p>\n<p>[\/one_sixth][one_sixth]ecumenica commentata&#8221;, ETS, Milano 2018, punto di riferimento del nostro lavoro di analisi ed interpretazione del testo lucano.<br>\nDurante lo svolgimento del corso di letture lucane sar\u00e0 possibile rivolgere domande di carattere culturale alla direzione del corso (Prof. Ernesto Borghi) scrivendo a: <strong>info@absi.ch<\/strong> o telefonando al n. <strong>079 53 36 194 (dalla Svizzera) e 348 03 18 169 (dall&#8217;Italia).<\/strong><\/p>\n<p><strong>Modalit\u00e0 d\u2019iscrizione<\/strong><br>\n\u2022 Chi \u00e8 interessato ad iscriversi, <em><strong>essendo gi\u00e0 socio<\/strong><\/em>,<br>\n&#8211; mander\u00e0 un messaggio e-mail con le proprie coordinate (nome, cognome, indirizzo, recapito telefonico ed elettronico);<br>\n&#8211; verser\u00e0 una quota forfettaria di <strong>60 euro\/75 franchi<\/strong> secondo le coordinate bancarie che si trovano sull\u2019ultima pagina della rivista \u201cParola&amp;parole\u201d. Per comodit\u00e0 le riproponiamo qui di seguito:\u2028 Versamenti in <strong>CHF = PostFinance SA \u2013 3030 Berna<\/strong>, Numero <strong>IBAN: CH18 0900 0000 6513 4890 5,<\/strong> intestato a <strong>Associazione Biblica della Svizzera italiana<\/strong>.\u2028 Versamenti in <strong>\u20ac = PostFinance SA, CH-3030 Berna<\/strong>, Numero IBAN: <strong>CH67 0900 0000 9136 3796 3<\/strong>. \u2028Nome beneficiario: Associazione Biblica della Svizzera Italiana.\u2028BIC (Swift Code) della Banca: <strong>POFICHBEXXX\u2028. <\/strong>Tale versamento implicher\u00e0 ricevere i ventitr\u00e9 links utili all&#8217;accesso al corso di letture lucane.<br>\n\u2022 Chi \u00e8 interessato ad iscriversi, <em><strong>non essendo socio<\/strong>,<\/em><strong><br>\n<\/strong>&#8211; mander\u00e0 un messaggio e-mail con le proprie coordinate (nome, cognome, indirizzo, recapito telefonico ed elettronico);<br>\n&#8211; verser\u00e0 una quota da membro sostenitore dell\u2019Associazione Biblica della Svizzera Italiana (<strong>105 euro o <\/strong><\/p>\n<p>&nbsp;<\/p>\n<p>[\/one_sixth][one_sixth]<strong>120 franchi<\/strong>) secondo le seguenti coordinate bancarie:\u2028Versamenti in CHF = <strong>PostFinance SA \u2013 3030 Berna<\/strong>, Numero IBAN: <strong>CH18 0900 0000 6513 4890 5<\/strong>, intestato a Associazione Biblica della Svizzera italiana.\u2028Versamenti in \u20ac = <strong>PostFinance SA, CH-3030 Berna<\/strong>, Numero IBAN: <strong>CH67 0900 0000 9136 3796 3. <\/strong>\u2028Nome beneficiario: Associazione Biblica della Svizzera Italiana.\u2028 BIC (Swift Code) della Banca: <strong>POFICHBEXXX<\/strong><br>\nTale versamento significher\u00e0 essere membri dell&#8217;Associazione Biblica della Svizzera Italiana sino al 31 dicembre 2019, fatto che implicher\u00e0 ricevere<br>\n\u2022 i ventitr\u00e9 links utili all&#8217;accesso al corso di letture lucane<br>\n\u2022 e, dal dicembre 2018, quattro numeri successivi di <strong>&#8220;Parola&amp;parole&#8221;, la rivista ufficiale della nostra associazione<\/strong> (chi volesse rendersi conto di che cosa sia questa pubblicazione, visiti il sito www.absi.ch alla rubrica &#8220;pubblicazioni&#8221;) e altre pubblicazioni e strumenti di carattere culturale.<\/p>\n<p>Chi volesse acquistare personalmente il libro &#8220;LUCA&#8221; prima citato, pu\u00f2 farlo nelle librerie religiose e su internet. Chi non avesse queste opportunit\u00e0 e volesse riceverlo dalla nostra associazione, segnali esplicitamente questa esigenza, aggiunga al versamento altri 15 euro\/20 franchi e lo ricever\u00e0 a casa.<\/p>\n<p>Per poter iniziare il corso ONLINE \u00e8 opportuno che chi \u00e8 interessato segua le indicazioni fornite, <strong>al pi\u00f9 presto<\/strong>.<\/p>\n<p><a href=\"http:\/\/absi.ch\/new\/wp-content\/uploads\/2018\/08\/Corso-Lettura-on-line-Luca-soci-absi.pdf\" target=\"_blank\" rel=\"noopener noreferrer\"><em>&#8211; Condizioni per seguire il corso online per soci (pdf)<\/em><\/a><br>\n<a href=\"http:\/\/absi.ch\/new\/wp-content\/uploads\/2018\/08\/Corso-Lettura-on-line-Luca.pdf\" target=\"_blank\" rel=\"noopener noreferrer\"><em>&#8211; Condizioni per seguire il corso online per non soci (pdf) <\/em><\/a><\/p>\n<p>[\/one_sixth][one_sixth][\/one_sixth][one_sixth][\/one_sixth][\/layout_group][\/layout]<\/p>\n\n<div id=\"themify_builder_content-11747\" data-postid=\"11747\" class=\"themify_builder_content themify_builder_content-11747 themify_builder\">\n    <\/div>\n\n","protected":false},"excerpt":{"rendered":"<p>[layout][layout_group][one_sixth] Questa \u00e8 la presentazione. Inizieremo da settembre 2018 in poi con un corso di lettura continua del vangelo secondo Luca in prospettiva ecumenica ed interculturale, aperto a tutti coloro che fossero interessati. Le occasioni di confronto tra docenti e partecipanti saranno ancora maggiori che in passato e acquisire una conoscenza pi\u00f9 culturalmente esistenziale dei [&hellip;]<\/p>\n","protected":false},"author":1,"featured_media":0,"comment_status":"closed","ping_status":"open","sticky":false,"template":"","format":"standard","meta":{"footnotes":""},"categories":[72],"tags":[139],"class_list":["post-11747","post","type-post","status-publish","format-standard","hentry","category-attivita-absi","tag-corsi","has-post-title","no-post-date","has-post-category","has-post-tag","has-post-comment","has-post-author",""],"builder_content":"","_links":{"self":[{"href":"https:\/\/absi.ch\/new\/wp-json\/wp\/v2\/posts\/11747","targetHints":{"allow":["GET"]}}],"collection":[{"href":"https:\/\/absi.ch\/new\/wp-json\/wp\/v2\/posts"}],"about":[{"href":"https:\/\/absi.ch\/new\/wp-json\/wp\/v2\/types\/post"}],"author":[{"embeddable":true,"href":"https:\/\/absi.ch\/new\/wp-json\/wp\/v2\/users\/1"}],"replies":[{"embeddable":true,"href":"https:\/\/absi.ch\/new\/wp-json\/wp\/v2\/comments?post=11747"}],"version-history":[{"count":67,"href":"https:\/\/absi.ch\/new\/wp-json\/wp\/v2\/posts\/11747\/revisions"}],"predecessor-version":[{"id":14937,"href":"https:\/\/absi.ch\/new\/wp-json\/wp\/v2\/posts\/11747\/revisions\/14937"}],"wp:attachment":[{"href":"https:\/\/absi.ch\/new\/wp-json\/wp\/v2\/media?parent=11747"}],"wp:term":[{"taxonomy":"category","embeddable":true,"href":"https:\/\/absi.ch\/new\/wp-json\/wp\/v2\/categories?post=11747"},{"taxonomy":"post_tag","embeddable":true,"href":"https:\/\/absi.ch\/new\/wp-json\/wp\/v2\/tags?post=11747"}],"curies":[{"name":"wp","href":"https:\/\/api.w.org\/{rel}","templated":true}]}}