{"id":11862,"date":"2018-09-29T23:08:13","date_gmt":"2018-09-29T21:08:13","guid":{"rendered":"http:\/\/absi.ch\/new\/?p=11862"},"modified":"2018-09-29T23:44:28","modified_gmt":"2018-09-29T21:44:28","slug":"xxvi-tempo-ordinario-30-settembre-2018","status":"publish","type":"post","link":"https:\/\/absi.ch\/new\/2018\/09\/xxvi-tempo-ordinario-30-settembre-2018\/","title":{"rendered":"XXVI TEMPO ORDINARIO \u2013 30 settembre 2018"},"content":{"rendered":"<p>[layout][layout_group][one_third]<\/p>\n<h3 style=\"text-align: center;\">CHI NON E\u2019 CONTRO DI NOI E\u2019 PER NOI.<br \/>\nSE LA TUA MANO TI E\u2019 MOTIVO DI SCANDALO, TAGLIALA<\/h3>\n<p style=\"text-align: center;\">&#8212;&#8212;&#8212;&#8212;&#8212;&#8212;&#8212;&#8212;&#8212;&#8212;&#8212;&#8212;&#8212;&#8212;&#8212;&#8212;&#8212;&#8212;&#8212;&#8212;&#8212;&#8212;&#8212;&#8212;&#8212;&#8212;&#8212;&#8212;&#8212;&#8212;&#8212;&#8212;&#8212;&#8212;&#8212;&#8212;&#8212;&#8211;<\/p>\n<p><img loading=\"lazy\" decoding=\"async\" class=\" wp-image-11863 aligncenter\" src=\"http:\/\/absi.ch\/new\/wp-content\/uploads\/2018\/09\/cristo-della-moneta_van-dyck.jpg\" alt=\"\" width=\"438\" height=\"520\" srcset=\"https:\/\/absi.ch\/new\/wp-content\/uploads\/2018\/09\/cristo-della-moneta_van-dyck.jpg 600w, https:\/\/absi.ch\/new\/wp-content\/uploads\/2018\/09\/cristo-della-moneta_van-dyck-252x300.jpg 252w\" sizes=\"auto, (max-width: 438px) 100vw, 438px\" \/><\/p>\n<h5 style=\"text-align: center;\">Il Cristo della moneta<\/h5>\n<p style=\"text-align: center;\"><em>Anthonis van Dyck (1599-1641)<br \/>\n<\/em><\/p>\n<p>&nbsp;<\/p>\n<p>[\/one_third][one_third]<\/p>\n<p>XXVI TEMPO ORDINARIO \u2013 30 settembre 2018<\/p>\n<p><strong>Mc 9, 38-43.45.47-48<\/strong><br \/>\n[In quel tempo] Giovanni disse a Ges\u00f9: \u00abMaestro, abbiamo visto uno che scacciava dem\u00f2ni nel tuo nome e volevamo impedirglielo, perch\u00e9 non ci seguiva\u00bb. Ma Ges\u00f9 disse: \u00abNon glielo impedite, perch\u00e9 non c\u2019\u00e8 nessuno che agisca con potenza nel mio nome e subito possa parlare male di me: chi non \u00e8 contro di noi \u00e8 per noi.<br \/>\nChiunque infatti vi dar\u00e0 da bere un bicchiere d\u2019acqua nel mio nome perch\u00e9 siete di Cristo, vi assicuro, non perder\u00e0 la sua ricompensa.<br \/>\nChi scandalizzer\u00e0 uno solo di questi piccoli che credono in me, \u00e8 molto meglio per lui che gli venga messa al collo una macina da mulino e sia gettato nel mare. Se la tua mano ti \u00e8 motivo di scandalo, tagliala: \u00e8 meglio per te entrare nella vita con una mano sola, anzich\u00e9 con le due mani andare nella Ge\u00e8nna, nel fuoco inestinguibile. E se il tuo piede ti \u00e8 motivo di scandalo, taglialo: \u00e8 meglio per te entrare nella vita con un piede solo, anzich\u00e9 con i due piedi essere gettato nella Ge\u00e8nna. E se il tuo occhio ti \u00e8 motivo di scandalo, gettalo via: \u00e8 meglio per te entrare nel regno di Dio con un occhio solo, anzich\u00e9 con due occhi essere gettato nella Ge\u00e8nna, dove il loro verme non muore e il fuoco non si estingue\u00bb.<\/p>\n<p>&nbsp;<\/p>\n<p><em>Commento al Vangelo (pdf) di:<\/em><\/p>\n<p><a href=\"http:\/\/absi.ch\/new\/wp-content\/uploads\/2015\/09\/XXVI-TEMPO-ORDINARIO_Anno-B-2014-2015_Castillo1.pdf\" target=\"_blank\" rel=\"noopener\">&gt; p. Jos\u00e9 Mar\u00eda Castillo<\/a><\/p>\n<p><a href=\"http:\/\/absi.ch\/new\/wp-content\/uploads\/2015\/09\/XXVI-TO-27.9.20151.pdf\" target=\"_blank\" rel=\"noopener\">&gt; p. Alberto Maggi<\/a><\/p>\n<p>&nbsp;<\/p>\n<p><a href=\"http:\/\/absi.ch\/new\/commento-al-vangelo-2018\/\"><em>&gt; sommario Commento al Vangelo 2018<\/em><\/a><\/p>\n<p>[\/one_third][one_third][\/one_third][one_third][\/one_third][\/layout_group][\/layout]<\/p>\n<p><span style=\"border-radius: 2px; text-indent: 20px; width: auto; padding: 0px 4px 0px 0px; text-align: center; font: bold 11px\/20px 'Helvetica Neue',Helvetica,sans-serif; color: #ffffff; background: #bd081c no-repeat scroll 3px 50% \/ 14px 14px; position: absolute; opacity: 1; z-index: 8675311; display: none; cursor: pointer; top: 242px; left: 152px;\">Save<\/span><\/p>\n<p><span style=\"border-radius: 2px; text-indent: 20px; width: auto; padding: 0px 4px 0px 0px; text-align: center; font: bold 11px\/20px 'Helvetica Neue',Helvetica,sans-serif; color: #ffffff; background: #bd081c  no-repeat scroll 3px 50% \/ 14px 14px; position: absolute; opacity: 1; z-index: 8675311; display: none; cursor: pointer; top: 218px; left: 28px;\">Save<\/span><\/p>\n<div id=\"themify_builder_content-11862\" data-postid=\"11862\" class=\"themify_builder_content themify_builder_content-11862 themify_builder\">\n    <\/div>\n<!-- \/themify_builder_content -->\n","protected":false},"excerpt":{"rendered":"<p>[layout][layout_group][one_third] CHI NON E\u2019 CONTRO DI NOI E\u2019 PER NOI. SE LA TUA MANO TI E\u2019 MOTIVO DI SCANDALO, TAGLIALA &#8212;&#8212;&#8212;&#8212;&#8212;&#8212;&#8212;&#8212;&#8212;&#8212;&#8212;&#8212;&#8212;&#8212;&#8212;&#8212;&#8212;&#8212;&#8212;&#8212;&#8212;&#8212;&#8212;&#8212;&#8212;&#8212;&#8212;&#8212;&#8212;&#8212;&#8212;&#8212;&#8212;&#8212;&#8212;&#8212;&#8212;&#8211; Il Cristo della moneta Anthonis van Dyck (1599-1641) &nbsp; [\/one_third][one_third] XXVI TEMPO ORDINARIO \u2013 30 settembre 2018 Mc 9, 38-43.45.47-48 [In quel tempo] Giovanni disse a Ges\u00f9: \u00abMaestro, abbiamo visto uno che scacciava dem\u00f2ni [&hellip;]<\/p>\n","protected":false},"author":1,"featured_media":11863,"comment_status":"closed","ping_status":"open","sticky":false,"template":"","format":"standard","meta":{"footnotes":""},"categories":[29,141],"tags":[30,73],"class_list":["post-11862","post","type-post","status-publish","format-standard","has-post-thumbnail","hentry","category-vangelo","category-commento-al-vangelo-2018","tag-p-alberto-maggi","tag-p-jose-maria-castillo","has-post-title","no-post-date","has-post-category","has-post-tag","has-post-comment","has-post-author",""],"builder_content":"","_links":{"self":[{"href":"https:\/\/absi.ch\/new\/wp-json\/wp\/v2\/posts\/11862","targetHints":{"allow":["GET"]}}],"collection":[{"href":"https:\/\/absi.ch\/new\/wp-json\/wp\/v2\/posts"}],"about":[{"href":"https:\/\/absi.ch\/new\/wp-json\/wp\/v2\/types\/post"}],"author":[{"embeddable":true,"href":"https:\/\/absi.ch\/new\/wp-json\/wp\/v2\/users\/1"}],"replies":[{"embeddable":true,"href":"https:\/\/absi.ch\/new\/wp-json\/wp\/v2\/comments?post=11862"}],"version-history":[{"count":2,"href":"https:\/\/absi.ch\/new\/wp-json\/wp\/v2\/posts\/11862\/revisions"}],"predecessor-version":[{"id":11873,"href":"https:\/\/absi.ch\/new\/wp-json\/wp\/v2\/posts\/11862\/revisions\/11873"}],"wp:featuredmedia":[{"embeddable":true,"href":"https:\/\/absi.ch\/new\/wp-json\/wp\/v2\/media\/11863"}],"wp:attachment":[{"href":"https:\/\/absi.ch\/new\/wp-json\/wp\/v2\/media?parent=11862"}],"wp:term":[{"taxonomy":"category","embeddable":true,"href":"https:\/\/absi.ch\/new\/wp-json\/wp\/v2\/categories?post=11862"},{"taxonomy":"post_tag","embeddable":true,"href":"https:\/\/absi.ch\/new\/wp-json\/wp\/v2\/tags?post=11862"}],"curies":[{"name":"wp","href":"https:\/\/api.w.org\/{rel}","templated":true}]}}