{"id":14324,"date":"2020-08-17T00:38:33","date_gmt":"2020-08-16T22:38:33","guid":{"rendered":"http:\/\/absi.ch\/new\/?p=14324"},"modified":"2020-10-06T14:10:22","modified_gmt":"2020-10-06T12:10:22","slug":"eucharistie-16-aout-2020","status":"publish","type":"post","link":"https:\/\/absi.ch\/new\/2020\/08\/eucharistie-16-aout-2020\/","title":{"rendered":"Eucharistie, 16 ao\u00fbt 2020"},"content":{"rendered":"<p>[layout][layout_group][one_fourth]<\/p>\n<h3>Les barri\u00e8res ethniques\u2026 tombent !<\/h3>\n<p><strong> ______________________________________________________________________________________________<\/strong><\/p>\n<p>Eucharistie : 16 ao\u00fbt 2020, : 20<sup>\u00e8me<\/sup> Dimanche du Temps Ordinaire \u2014 Ann\u00e9e A<\/p>\n<p><span style=\"background: yellow;\">Premi\u00e8re lecture<\/span><br><em>La premi\u00e8re lecture est la page d\u2019un proph\u00e8te actif entre les ann\u00e9es 538 et 520 avant la naissance de J\u00e9sus. Les exil\u00e9s sont rentr\u00e9s de l\u2019exil \u00e0 Babylone, et maintenant il faut reconstruire une communaut\u00e9 avec les personnes qui sont rest\u00e9es \u00e0 J\u00e9rusalem et avec des \u00e9trangers qui sont arriv\u00e9s en ville pendant l\u2019exil. C\u2019est dans cette situation qu\u2019un proph\u00e8te, dont le message a \u00e9t\u00e9 accueilli dans le livre d\u2019Isa\u00efe, prend la parole.<br>Et le message de ce proph\u00e8te est vraiment bouleversant : la communaut\u00e9 qui va na\u00eetre est une communaut\u00e9 \u00e0 laquelle tous les humains peuvent participer. M\u00eame les \u00e9trangers et les personnes mal consid\u00e9r\u00e9es peuvent faire partie de cette communaut\u00e9. La seule condition c\u2019est de s\u2019attacher \u00e0 Dieu, de se donner \u00e0 Dieu et de se conduire en cons\u00e9quence : prendre soin du droit et pratiquer la justice (v. 1). Ce comportement ne doit pas caract\u00e9riser seulement les responsables politiques. Tout le peuple et chacun de ses membres est invit\u00e9 \u00e0 agir ainsi.<br>Quant aux \u00e9trangers, eux aussi ont leur place dans le peuple de Dieu. Ils y entrent par le fait m\u00eame qu\u2019ils se joignent \u00e0 Yhwh . Ils trouvent leur place dans le peuple de Dieu et ils pourront aussi entrer dans le temple \u2013 c\u2019est Dieu lui-m\u00eame qui va les conduire (v. 7) \u2013 et assumer des offices dans le temple : il faudra seulement qu\u2019ils s\u2019attachent \u00e0 Yhwh et qu\u2019ils aiment son nom (v. 6). Et Dieu les remplira de joie dans le temple. Et c\u2019est ainsi que la Maison de Dieu \u00ab sera appel\u00e9e \u201cMaison de pri\u00e8re pour tous les peuples\u201d \u00bb (v. 7).<br>Et l\u2019histoire de l\u2019humanit\u00e9 sera totalement diff\u00e9rente : \u00e0 la place de l\u2019exclusion et des conflits, l\u2019histoire sera l\u2019histoire de Dieu qui rassemble. Dieu, qui a rassembl\u00e9 les exil\u00e9s de Babylone, va rassembler tous les peuples et toutes les personnes marginalis\u00e9es.<\/em><\/p>\n<p><strong>Du livre d\u2019Isa\u00efe (56,1. 6-7)<\/strong><br><sup>1<\/sup> Ainsi parle Yhwh :<br>\u00ab&nbsp;Prenez soin du droit et pratiquez la justice,<br>car mon salut est proche, il est sur le point d\u2019arriver,<\/p>\n<p>[\/one_fourth][one_fourth]et ma justice sur le point de se r\u00e9v\u00e9ler.<br><sup>6<\/sup> Et les fils de l\u2019\u00e9tranger qui s\u2019attachent \u00e0 Yhwh<br>pour l\u2019honorer, pour aimer le nom de Yhwh,<br>pour \u00eatre \u00e0 lui comme serviteurs,<br>tous ceux qui prendront soin du sabbat sans le d\u00e9shonorer<br>et se tiennent solidement \u00e0 mon alliance,<br><sup>7<\/sup> ces personnes-l\u00e0, je les ferai venir \u00e0 ma sainte montagne,<br>je les remplirai de joie dans la Maison o\u00f9 l\u2019on me prie.<br>J\u2019accepterai les divers sacrifices qu\u2019ils m\u2019offriront sur l\u2019autel,<br>car ma Maison sera appel\u00e9e \u201cMaison de pri\u00e8re pour tous les peuples\u201d \u00bb.<\/p>\n<p><span style=\"background: yellow;\">Psaume<\/span><br><em>Nous sommes, tr\u00e8s probablement, entre les ann\u00e9es 522 et 486, au temps de Darius Premier, roi de Perse. Ce souverain favorisait la reconstruction du temple de J\u00e9rusalem et permettait, dans tout l\u2019Orient, de vivre une p\u00e9riode de paix . C\u2019est dans ce climat de paix qu\u2019un po\u00e8te compose le psaume 67, un petit bijou &#8211; 53 mots en h\u00e9breu &#8211; pour chanter Dieu qui intervient, comme lumi\u00e8re, pour la terre enti\u00e8re et pour tous les peuples.<br>La structure du psaume est tr\u00e8s soign\u00e9e . Apr\u00e8s le premier verset qui nous donne les informations sur la musique et les instruments, nous avons trois strophes. La strophe centrale est \u00e9videmment le c\u0153ur du psaume, et elle est encadr\u00e9e entre la premi\u00e8re strophe (vv. 2-3) et la troisi\u00e8me (vv. 7-8) qui se correspondent. Et la m\u00eame structure nous l\u2019avons dans la strophe centrale, l\u00e0 o\u00f9 le verset 5 est encadr\u00e9 entre le pr\u00e9c\u00e9dent et le suivant, deux versets identiques.<br>Dans la premi\u00e8re et dans la derni\u00e8re strophe, le po\u00e8te invoque la b\u00e9n\u00e9diction de Dieu (vv. 2.7.8) : il demande que la \u00ab gr\u00e2ce \u00bb, l\u2019amour et la tendresse de Dieu nous accompagnent, nous soutiennent dans notre vie. Dans sa requ\u00eate, le po\u00e8te fait r\u00e9f\u00e9rence au livre des Nombres au chapitre 6. Ici nous avons des invocations qu\u2019Aaron et ses descendants devaient utiliser pour b\u00e9nir le peuple. En reprenant trois de ces invocations, le po\u00e8te du psaume prie : \u00ab Que Dieu nous accorde sa gr\u00e2ce et qu\u2019il nous b\u00e9nisse, qu\u2019il fasse briller parmi nous son visage \u00bb (v. 2. cf. No 6,25b. 24a. 25a). En effet, un visage lumineux, un visage souriant, c\u2019est le visage d\u2019une personne heureuse de te voir, de t\u2019accueillir, de t\u2019aider . Voil\u00e0 Dieu, le Dieu que le po\u00e8te nous invite \u00e0 chanter.<br><\/em><\/p>\n<p><em>[\/one_fourth][one_fourth]La premi\u00e8re et la derni\u00e8re strophe ont une perspective universelle : que Dieu, dans son chemin porteur de salut, soit connu \u00ab parmi toutes les nations \u00bb (v. 3), et que toutes les nations puissent mettre leur \u00ab confiance \u00bb (v. 8) en lui. La terre elle-m\u00eame &#8211; g\u00e9n\u00e9reuse envers les humains en leur donnant la r\u00e9colte (v. 7) qui est une b\u00e9n\u00e9diction de Dieu &#8211; peut pousser les nations \u00e0 s\u2019ouvrir \u00e0 Dieu.<br>Quant \u00e0 la strophe centrale (vv. 4-6), elle donne aux peuples une autre motivation pour louer Dieu. En effet, au centre du psaume, dans le verset 5, le po\u00e8te dit \u00e0 Dieu : \u00ab tu gouvernes les peuples avec droiture \u00bb, et \u00ab les populations tu les accompagnes sur la terre d\u2019une fa\u00e7on surprenante \u00bb . Le verbe &#8220;accompagner&#8221; sugg\u00e8re fr\u00e9quemment l\u2019id\u00e9e de Dieu comme le berger qui prend soin de ses brebis. Quant au verbe &#8220;gouverner&#8221;, il n\u2019\u00e9voque aucune crainte. Au contraire, l\u2019action de Dieu qui gouverne avec droiture pousse les peuples \u00e0 se r\u00e9jouir et \u00e0 crier de joie. Et le pluriel \u00ab les populations \u00bb, \u00ab les peuples \u00bb, fait tomber toutes les barri\u00e8res et souligne que l\u2019action de Dieu n\u2019a pas de limites ethniques et religieuses.<br>Bref. Le psaume est une invitation \u00e0 nous ouvrir, \u00e0 devenir une communaut\u00e9 toujours plus ouverte. Dieu n\u2019est pas seulement notre Dieu. Nous pouvons l\u2019appeler \u00ab notre Dieu \u00bb (v. 7) seulement si nous sommes capables de reconna\u00eetre que Dieu aime aussi les autres, tous et toutes, tout pr\u00e8s de nous et jusqu\u2019\u00e0 \u00ab toutes les extr\u00e9mit\u00e9s de la terre \u00bb (v. 8).<br>Je vous invite dont \u00e0 intervenir, \u00e0 la fin de chaque strophe, avec les mots des versets 4 et 6, qui encadrent le verset central du psaume :<\/em><\/p>\n<p><strong>Que les peuples, Dieu, te rendent gr\u00e2ce,<br>que les peuples te rendent gr\u00e2ce tous ensemble !<br><\/strong><\/p>\n<p><strong>Psaume 67 (versets 2-3. 5. 7-8)<\/strong><br><sup>2<\/sup> Que Dieu nous accorde sa gr\u00e2ce et qu\u2019il nous <u>b\u00e9nisse<\/u>,<\/p>\n<p>qu\u2019il fasse briller parmi nous son visage, sa pr\u00e9sence surprenante !<br><sup>3<\/sup> Alors sur la terre, on pourra conna\u00eetre ton chemin,<br>ton salut parmi toutes les nations !<br><em>Refr.<\/em>&nbsp;:&nbsp; <strong>Que les peuples, Dieu, te rendent gr\u00e2ce,<\/strong><br><strong>que les peuples te rendent gr\u00e2ce tous ensemble !<\/strong><\/p>\n<p><sup>[\/one_fourth][one_fourth]5<\/sup> Que les populations se r\u00e9jouissent,<br>qu\u2019elles chantent leur joie ;<br>car tu gouvernes les peuples avec droiture,<br>les populations tu les accompagnes sur la terre d\u2019une fa\u00e7on surprenante.<br><em>Refr.<\/em>&nbsp;:&nbsp; <strong>Que les peuples, Dieu, te rendent gr\u00e2ce,<\/strong><br><strong>que les peuples te rendent gr\u00e2ce tous ensemble !<\/strong><\/p>\n<p><sup>7<\/sup> La terre a donn\u00e9 ses r\u00e9coltes ;<br>que Dieu, notre Dieu, nous <u>b\u00e9nisse<\/u> !<br><sup>8<\/sup> Oui, que Dieu nous <u>b\u00e9nisse<\/u>,<br>et qu\u2019elles aient confiance en lui,<br>toutes les extr\u00e9mit\u00e9s de la terre&nbsp;!<br><em>Refr.<\/em>&nbsp;:&nbsp; <strong>Que les peuples, Dieu, te rendent gr\u00e2ce,<\/strong><br><strong>que les peuples te rendent gr\u00e2ce tous ensemble ! <\/strong><\/p>\n<p>[ &#8230;]<\/p>\n<p><a href=\"http:\/\/absi.ch\/new\/wp-content\/uploads\/2020\/08\/16-aou\u0302t-2020.pdf\" target=\"_blank\" rel=\"noopener noreferrer\"><em>&gt; testo integrale (p<\/em><em>d<\/em><em>f)<\/em><\/a><br><em>&gt; <a href=\"http:\/\/absi.ch\/new\/formazione-biblica-2\/\">Formazione biblica<\/a><\/em><\/p>\n<p>[\/one_fourth][one_fourth][\/one_fourth][\/layout_group][\/layout]<\/p>\n\n<div id=\"themify_builder_content-14324\" data-postid=\"14324\" class=\"themify_builder_content themify_builder_content-14324 themify_builder\">\n    <\/div>\n\n","protected":false},"excerpt":{"rendered":"<p>Eucharistie : 16 ao\u00fbt 2020, : 20\u00e8me Dimanche du Temps Ordinaire \u2014 Ann\u00e9e A<\/p>\n","protected":false},"author":1,"featured_media":12256,"comment_status":"closed","ping_status":"open","sticky":false,"template":"","format":"standard","meta":{"footnotes":""},"categories":[40,159],"tags":[42],"class_list":["post-14324","post","type-post","status-publish","format-standard","has-post-thumbnail","hentry","category-rpe","category-rp-eucharistie-2020","tag-rp","has-post-title","no-post-date","has-post-category","has-post-tag","has-post-comment","has-post-author",""],"builder_content":"","_links":{"self":[{"href":"https:\/\/absi.ch\/new\/wp-json\/wp\/v2\/posts\/14324","targetHints":{"allow":["GET"]}}],"collection":[{"href":"https:\/\/absi.ch\/new\/wp-json\/wp\/v2\/posts"}],"about":[{"href":"https:\/\/absi.ch\/new\/wp-json\/wp\/v2\/types\/post"}],"author":[{"embeddable":true,"href":"https:\/\/absi.ch\/new\/wp-json\/wp\/v2\/users\/1"}],"replies":[{"embeddable":true,"href":"https:\/\/absi.ch\/new\/wp-json\/wp\/v2\/comments?post=14324"}],"version-history":[{"count":10,"href":"https:\/\/absi.ch\/new\/wp-json\/wp\/v2\/posts\/14324\/revisions"}],"predecessor-version":[{"id":14963,"href":"https:\/\/absi.ch\/new\/wp-json\/wp\/v2\/posts\/14324\/revisions\/14963"}],"wp:featuredmedia":[{"embeddable":true,"href":"https:\/\/absi.ch\/new\/wp-json\/wp\/v2\/media\/12256"}],"wp:attachment":[{"href":"https:\/\/absi.ch\/new\/wp-json\/wp\/v2\/media?parent=14324"}],"wp:term":[{"taxonomy":"category","embeddable":true,"href":"https:\/\/absi.ch\/new\/wp-json\/wp\/v2\/categories?post=14324"},{"taxonomy":"post_tag","embeddable":true,"href":"https:\/\/absi.ch\/new\/wp-json\/wp\/v2\/tags?post=14324"}],"curies":[{"name":"wp","href":"https:\/\/api.w.org\/{rel}","templated":true}]}}