{"id":14396,"date":"2020-09-01T20:13:54","date_gmt":"2020-09-01T18:13:54","guid":{"rendered":"http:\/\/absi.ch\/new\/?p=14396"},"modified":"2021-03-13T13:37:39","modified_gmt":"2021-03-13T12:37:39","slug":"nl-1-9-2020","status":"publish","type":"post","link":"https:\/\/absi.ch\/new\/2020\/09\/nl-1-9-2020\/","title":{"rendered":"Newsletter dell&#8217;1.9.2020"},"content":{"rendered":"<p><\/p>\n<p>1.9.2020<\/p>\n<p>Gentili Signore, Egregi Signori,<\/p>\n<p>vi speriamo bene tutte e tutti in questo momento storico cos\u00ec incerto e arduo in tutto il mondo. Per quanto ci riguarda cerchiamo di continuare la nostra azione formativa con tutta la cautela e la determinazione possibili. Come stanno facendo tante altre istituzioni culturali utilizzeremo ampiamente le modalit\u00e0 &#8220;a distanza&#8221; e confidiamo che tale scelta permetta a tante e tanti tra voi di fruire delle nostre proposte.<\/p>\n<p>1. Come gi\u00e0 preannunciato prima dell&#8217;estate, \u00e8 stato pubblicato il volume&nbsp;<strong>\u201cDio soffre con noi? Il mistero del male nel mondo\u201d<\/strong>, che&nbsp;<strong>don Sandro Vitalini<\/strong>, co-fondatore della nostra associazione, grande teologo e amico sincero, ha redatto prima della sua morte, avvenuta per Covid-19, lo scorso 5 maggio. Questo libro sar\u00e0 presentato,&nbsp;<strong>domenica 13 settembre, alle ore 16&nbsp;<\/strong>(<a href=\"https:\/\/absi.us3.list-manage.com\/track\/click?u=ab15875d8ee9ef1f698f7e3ae&amp;id=563e3b582b&amp;e=c853096247\" target=\"_blank\" rel=\"nofollow noopener noreferrer\">cfr. locandina allegata<\/a>), in collaborazione con l\u2019Associazione Biblioteca Salita dei Frati, con l\u2019intervento della&nbsp;<strong>teologa Gaia De Vecchi<\/strong>&nbsp;e del&nbsp;<strong>giornalista e scrittore Carlo Silini<\/strong>. Siccome, a causa della distanziazione Covid-19, sono disponibili&nbsp;<strong>soltanto 60 posti<\/strong>, vi preghiamo di inviare la vostra iscrizione all\u2019incontro,&nbsp;<strong>scrivendo&nbsp;<\/strong>a:<strong>&nbsp;<\/strong><strong>info@absi.ch&nbsp;o lasciando un messaggio al n. tel. 00 4191 993 32 59 entro il 7 settembre 2020<\/strong>&nbsp;(tale incontro sar\u00e0 comunque registrato perch\u00e9 sia fruibile anche da chi purtroppo non potesse essere presente). Chi volesse ricevere una o pi\u00f9 copie del volume di don Vitalini (contributo CHF 10\/euro 10 la copia), si rivolga alla nostra associazione, secondo le coordinate appena indicate.<\/p>\n<p class=\"yiv1582061323Rientrocorpodeltesto31\">&nbsp;2. La pi\u00f9 rilevante sar\u00e0&nbsp;<strong>il ciclo di 11 incontri (ottobre 2020 \u2013 marzo 2021)<\/strong>&nbsp;intitolato&nbsp;<strong>\u201c<\/strong><strong>Bibbia-<\/strong><\/p>\n<p>[\/one_fourth][one_fourth]teologia-vita. questioni aperte<strong>\u201d<\/strong>.<strong>&nbsp;<\/strong>Nel <a href=\"https:\/\/absi.us3.list-manage.com\/track\/click?u=ab15875d8ee9ef1f698f7e3ae&amp;id=b02700da1a&amp;e=c853096247\" target=\"_blank\" rel=\"nofollow noopener noreferrer\">foglio allegato<\/a> a questa lettera, troverete il programma e tutte le modalit\u00e0 per iscrivervi cos\u00ec da partecipare efficacemente&nbsp;<em>(l\u2019iscrizione \u00e8 obbligatoria)<\/em>. Sar\u00e0 possibile&nbsp;<strong><em>ascoltare in diretta conversazioni proposte da esperte ed esperti di valore internazionale<\/em><\/strong><em>, porre loro<strong>&nbsp;domande sempre in diretta e&nbsp;<\/strong>poter riascoltare<strong>&nbsp;questi interventi anche in momenti diversi<\/strong><\/em>. Ovviamente potete diffondere questo programma ovunque desideriate, coinvolgendo anche altre persone.<\/p>\n<p>3. Nei prossimi mesi sono previste varie iniziative di formazione, in parte rinviate nella scorsa primavera ed altre nuove. Durante i mesi di novembre-dicembre 2020 e i mesi di aprile-maggio 2021 vi saranno tre altre serie di incontri, la prima intitolata&nbsp;<strong>\u201cBibbia e arte \u2013 edizione 2020\u201d <\/strong>(con Stefano Zuffi e Michele Amad\u00f2), la seconda dedicata alla visione del film \u201cIl vangelo secondo Matteo\u201d di Pier Paolo Pasolini (con don Claudio Laim) e la terza sul tema&nbsp;<strong>povert\u00e0\/ricchezza tra cultura greco-latina ed ebraico-cristiana<\/strong>. E il 21 novembre 2020 si terr\u00e0 un convegno internazionale intitolato&nbsp;<strong>\u201cAlle radici della comunit\u00e0 cristiana\u201d<\/strong>. A tempo opportuno vi faremo pervenire i programmi relativi e le modalit\u00e0 di partecipazione.<\/p>\n<p>Restando a vostra disposizione per ogni chiarimento, vi auguriamo giornate pienamente serene.<\/p>\n<p>Con vivissima cordialit\u00e0<\/p>\n<p>Segretariato ABSI<\/p>\n<p><\/p>\n<p><a href=\"http:\/\/absi.ch\/new\/wp-content\/uploads\/2020\/06\/NL_1-9-2020.pdf\" target=\"_blank\" rel=\"noopener noreferrer\"><em>&gt; scarica la NL (pdf)<\/em><\/a><\/p>\n<p><a href=\"http:\/\/absi.ch\/new\/newsletter\/\">&gt; <em>vai alla pagina delle NL<\/em><\/a><\/p>\n<p><\/p>\n\n<div id=\"themify_builder_content-14396\" data-postid=\"14396\" class=\"themify_builder_content themify_builder_content-14396 themify_builder\">\n    <\/div>\n\n","protected":false},"excerpt":{"rendered":"<p>1.9.2020 Gentili Signore, Egregi Signori, vi speriamo bene tutte e tutti in questo momento storico cos\u00ec incerto e arduo in tutto il mondo. Per quanto ci riguarda cerchiamo di continuare la nostra azione formativa con tutta la cautela e la determinazione possibili. Come stanno facendo tante altre istituzioni culturali utilizzeremo ampiamente le modalit\u00e0 &#8220;a distanza&#8221; [&hellip;]<\/p>\n","protected":false},"author":1,"featured_media":14678,"comment_status":"closed","ping_status":"open","sticky":false,"template":"","format":"standard","meta":{"footnotes":""},"categories":[166],"tags":[],"class_list":["post-14396","post","type-post","status-publish","format-standard","has-post-thumbnail","hentry","category-newsletter","has-post-title","no-post-date","has-post-category","has-post-tag","has-post-comment","has-post-author",""],"builder_content":"","_links":{"self":[{"href":"https:\/\/absi.ch\/new\/wp-json\/wp\/v2\/posts\/14396","targetHints":{"allow":["GET"]}}],"collection":[{"href":"https:\/\/absi.ch\/new\/wp-json\/wp\/v2\/posts"}],"about":[{"href":"https:\/\/absi.ch\/new\/wp-json\/wp\/v2\/types\/post"}],"author":[{"embeddable":true,"href":"https:\/\/absi.ch\/new\/wp-json\/wp\/v2\/users\/1"}],"replies":[{"embeddable":true,"href":"https:\/\/absi.ch\/new\/wp-json\/wp\/v2\/comments?post=14396"}],"version-history":[{"count":14,"href":"https:\/\/absi.ch\/new\/wp-json\/wp\/v2\/posts\/14396\/revisions"}],"predecessor-version":[{"id":16061,"href":"https:\/\/absi.ch\/new\/wp-json\/wp\/v2\/posts\/14396\/revisions\/16061"}],"wp:featuredmedia":[{"embeddable":true,"href":"https:\/\/absi.ch\/new\/wp-json\/wp\/v2\/media\/14678"}],"wp:attachment":[{"href":"https:\/\/absi.ch\/new\/wp-json\/wp\/v2\/media?parent=14396"}],"wp:term":[{"taxonomy":"category","embeddable":true,"href":"https:\/\/absi.ch\/new\/wp-json\/wp\/v2\/categories?post=14396"},{"taxonomy":"post_tag","embeddable":true,"href":"https:\/\/absi.ch\/new\/wp-json\/wp\/v2\/tags?post=14396"}],"curies":[{"name":"wp","href":"https:\/\/api.w.org\/{rel}","templated":true}]}}