{"id":16654,"date":"2021-10-06T18:33:17","date_gmt":"2021-10-06T16:33:17","guid":{"rendered":"https:\/\/absi.ch\/new\/?p=16654"},"modified":"2021-11-21T18:22:11","modified_gmt":"2021-11-21T17:22:11","slug":"per-paschale-mysterium","status":"publish","type":"post","link":"https:\/\/absi.ch\/new\/2021\/10\/per-paschale-mysterium\/","title":{"rendered":"Per Paschale Mysterium"},"content":{"rendered":"\n<p><\/p>\n\n\n\n<h3 class=\"wp-block-heading\" id=\"block-08df5404-27af-42f3-a96f-c43b7019c165\">Studi interdisciplinari sulla celebrazione del mistero cristiano<br>in onore di monsignor Salvatore Esposito <\/h3>\n\n\n\n<p id=\"block-96df0e91-0d9a-4ca3-b7ba-c90ca5794c6b\"><em>a cura di<\/em><br>Carmine Matarazzo<\/p>\n\n\n\n<p id=\"block-75015124-b147-4a44-b835-77f2e6a87bcb\"><em>Presentazione di Sua Ecc.za Mons. Domenico Battaglia<\/em><br><\/p>\n\n\n\n<p>IL LIBRO<br>Nell\u2019esperienza sacerdotale di monsignor Salvatore Esposito c\u2019\u00e8 una costante, l\u2019amore alla Chiesa servita con il ministero di maestro delle Liturgie. La presente miscellanea vuole essere un omaggio grato al lavoro svolto in Facolt\u00e0 Teologica sezione San Tommaso d\u2019Aquino in Napoli. La liturgia \u00e8 lo spartito necessario perch\u00e9 si possa educare il popolo di Dio all\u2019ascolto della parola di Dio. Infatti ha il compito di esprimere i sentimenti, le gioie e le tristezze di ogni battezzato e di portarle al cuore di Cristo che presenta al Padre la vita della sua Sposa. Educa all\u2019oblativit\u00e0, perch\u00e9 ogni battezzato prenda su di s\u00e9 i pesi e le fatiche di chi \u00e8 pi\u00f9 debole ed affaticato sul modello del Signore Ges\u00f9. La liturgia \u00e8 esperienza profondamente ecclesiale, perch\u00e9 unisce la confessione di fede alla vita di ogni credente e ci indica che la via cristica \u00e8 ascolto religioso dell\u2019uomo, delle sue realt\u00e0 pi\u00f9 profonde, delle sue fragilit\u00e0 e dei suoi condizionamenti. Nella preghiera pi\u00f9 elevata si contempla Dio nel frammento umano. Ges\u00f9 insegna che la liturgia \u00e8 vita nel soccorrere il povero, nel credere che ognuno dei pi\u00f9 abbandonati dice qualcosa della presenza di Dio in mezzo al mondo. Allora credendo a Dio e credendo in Dio apriamo il nostro sguardo nel dare fi ducia all\u2019uomo e nel confi &#8211; dare nelle potenzialit\u00e0 dell\u2019uomo. La Chiesa non pu\u00f2 sussistere senza la liturgia che celebra il mistero pasquale di Ges\u00f9 Cristo, Dio fattosi uomo.<br>Dalla <br> di monsignor Domenico Battaglia<\/p>\n\n\n\n<p>IL CURATORE<br><strong>Carmine Matarazzo<\/strong>, Direttore del Biennio di specializzazione in Teologia pastorale alla Sezione San Tommaso d\u2019Aquino della Pontifi cia Facolt\u00e0 Teologica dell\u2019Italia Meridionale in Napoli, \u00e8 componente del consiglio di redazione di Asprenas e fa parte del consiglio direttivo del Centro Interuniversitario di Ricerca Bioetica (Cirb). Esperto del pensiero di alcuni filosofi francesi, come J. Maritain, \u00c9. Gilson, M. Henry di cui ha presentato prime edizioni in italiano di opere ancora inedite nel nostro Paese, ha curato i volumi <em>Il futuro della fede in un tempo di crisi<\/em> (2018) e <em>La Chiesa in carcere<\/em> (2018) per le EDB e con la stessa casa editrice ha pubblicato il libro <em>Liturgia e secolarizzazione. La missione della Chiesa nel mondo attuale <\/em>(<sup>1r<\/sup>2019). Tra i suoi ultimi lavori nell\u2019ambito della pastorale liturgica, ricordiamo il contributo apparso nel volume a cura di S. Esposito, <em>In attesa del \u201cnuovo\u201d Messale. Come accogliere la terza edizione italiana del Messale Romano<\/em>, Elledici, Torino <sup>1r<\/sup>2020. <em>Per la nostra casa editrice ha curato in collaborazione il testo Per una parrocchia generativa. Prospettive e rifl essioni da pi\u00f9 punti di vista <\/em>(2020), che ha inaugurato la collana \u00abLa Missione\u00bb<\/p>\n\n\n\n<p id=\"block-c9348789-a47e-44fe-8bf9-767f0ea4d4dc\"><em>&gt;<a href=\"https:\/\/issuu.com\/absi.ch\/docs\/estratto_e._borghi\" data-type=\"URL\" data-id=\"https:\/\/issuu.com\/absi.ch\/docs\/estratto_e._borghi\"> estratto su ISSUU <\/a>(cliccare su &#8220;Fullscreen&#8221;)<\/em><\/p>\n\n\n\n<figure class=\"wp-block-image size-large\" id=\"block-821ef75f-2fcf-4b73-a47b-875aa122a99b\"><img loading=\"lazy\" decoding=\"async\" width=\"755\" height=\"1071\" src=\"https:\/\/absi.ch\/new\/wp-content\/uploads\/2021\/10\/Schermata-2021-10-06-alle-18.49.35.png\" alt=\"\" class=\"wp-image-16661\" srcset=\"https:\/\/absi.ch\/new\/wp-content\/uploads\/2021\/10\/Schermata-2021-10-06-alle-18.49.35.png 755w, https:\/\/absi.ch\/new\/wp-content\/uploads\/2021\/10\/Schermata-2021-10-06-alle-18.49.35-211x300.png 211w\" sizes=\"auto, (max-width: 755px) 100vw, 755px\" \/><\/figure>\n\n\n\n<h3 class=\"wp-block-heading\" id=\"block-dc1911bc-f5c6-4e17-8daa-7b663ed1da60\">Ordina libro<\/h3>\n\n\n\n<p id=\"block-66245d1a-2404-4ac5-9947-d0dadc2492d9\">Richiedi informazioni o ordina il libro compilando questo formulario<\/p>\n\n\n\n<p id=\"block-35403f89-33e0-4f38-b36e-25d8e4d1d306\">\n<div class=\"wpcf7 no-js\" id=\"wpcf7-f14504-o1\" lang=\"it-IT\" dir=\"ltr\" data-wpcf7-id=\"14504\">\n<div class=\"screen-reader-response\"><p role=\"status\" aria-live=\"polite\" aria-atomic=\"true\"> <ul><\/ul><\/div>\n<form action=\"\/new\/wp-json\/wp\/v2\/posts\/16654#wpcf7-f14504-o1\" method=\"post\" class=\"wpcf7-form init\" aria-label=\"Modulo di contatto\" novalidate=\"novalidate\" data-status=\"init\">\n<fieldset class=\"hidden-fields-container\"><input type=\"hidden\" name=\"_wpcf7\" value=\"14504\" \/><input type=\"hidden\" name=\"_wpcf7_version\" value=\"6.1.5\" \/><input type=\"hidden\" name=\"_wpcf7_locale\" value=\"it_IT\" \/><input type=\"hidden\" name=\"_wpcf7_unit_tag\" value=\"wpcf7-f14504-o1\" \/><input type=\"hidden\" name=\"_wpcf7_container_post\" value=\"0\" \/><input type=\"hidden\" name=\"_wpcf7_posted_data_hash\" value=\"\" \/><input type=\"hidden\" name=\"_wpcf7_recaptcha_response\" value=\"\" \/>\n<\/fieldset>\n<p><label> Nome e Cognome<br \/>\n<span class=\"wpcf7-form-control-wrap\" data-name=\"your-name\"><input size=\"40\" maxlength=\"400\" class=\"wpcf7-form-control wpcf7-text wpcf7-validates-as-required\" aria-required=\"true\" aria-invalid=\"false\" value=\"\" type=\"text\" name=\"your-name\" \/><\/span> <\/label>\n<\/p>\n<p><label> E-mail<br \/>\n<span class=\"wpcf7-form-control-wrap\" data-name=\"your-email\"><input size=\"40\" maxlength=\"400\" class=\"wpcf7-form-control wpcf7-email wpcf7-validates-as-required wpcf7-text wpcf7-validates-as-email\" aria-required=\"true\" aria-invalid=\"false\" value=\"\" type=\"email\" name=\"your-email\" \/><\/span> <\/label>\n<\/p>\n<p><label> Indirizzo di spedizione<br \/>\n<span class=\"wpcf7-form-control-wrap\" data-name=\"your-subject\"><input size=\"40\" maxlength=\"400\" class=\"wpcf7-form-control wpcf7-text\" aria-invalid=\"false\" value=\"\" type=\"text\" name=\"your-subject\" \/><\/span> <\/label>\n<\/p>\n<p><label> Pubblicazioni richieste e messaggio<br \/>\n<span class=\"wpcf7-form-control-wrap\" data-name=\"your-message\"><textarea cols=\"40\" rows=\"10\" maxlength=\"2000\" class=\"wpcf7-form-control wpcf7-textarea\" aria-invalid=\"false\" name=\"your-message\"><\/textarea><\/span> <\/label>\n<\/p>\n<p><input class=\"wpcf7-form-control wpcf7-submit has-spinner\" type=\"submit\" value=\"Invia\" \/>\n<\/p><div class=\"wpcf7-response-output\" aria-hidden=\"true\"><\/div>\n<\/form>\n<\/div>\n\n\n<div id=\"themify_builder_content-16654\" data-postid=\"16654\" class=\"themify_builder_content themify_builder_content-16654 themify_builder\">\n    <\/div>\n\n","protected":false},"excerpt":{"rendered":"<p>IL LIBRO Nell\u2019esperienza sacerdotale di monsignor Salvatore Esposito c\u2019\u00e8 una costante, l\u2019amore alla Chiesa servita con il ministero di maestro delle Liturgie. <\/p>\n","protected":false},"author":1,"featured_media":16661,"comment_status":"closed","ping_status":"open","sticky":false,"template":"","format":"standard","meta":{"footnotes":""},"categories":[170],"tags":[],"class_list":["post-16654","post","type-post","status-publish","format-standard","has-post-thumbnail","hentry","category-pubblicazioni","has-post-title","no-post-date","has-post-category","has-post-tag","has-post-comment","has-post-author",""],"builder_content":"","_links":{"self":[{"href":"https:\/\/absi.ch\/new\/wp-json\/wp\/v2\/posts\/16654","targetHints":{"allow":["GET"]}}],"collection":[{"href":"https:\/\/absi.ch\/new\/wp-json\/wp\/v2\/posts"}],"about":[{"href":"https:\/\/absi.ch\/new\/wp-json\/wp\/v2\/types\/post"}],"author":[{"embeddable":true,"href":"https:\/\/absi.ch\/new\/wp-json\/wp\/v2\/users\/1"}],"replies":[{"embeddable":true,"href":"https:\/\/absi.ch\/new\/wp-json\/wp\/v2\/comments?post=16654"}],"version-history":[{"count":13,"href":"https:\/\/absi.ch\/new\/wp-json\/wp\/v2\/posts\/16654\/revisions"}],"predecessor-version":[{"id":16765,"href":"https:\/\/absi.ch\/new\/wp-json\/wp\/v2\/posts\/16654\/revisions\/16765"}],"wp:featuredmedia":[{"embeddable":true,"href":"https:\/\/absi.ch\/new\/wp-json\/wp\/v2\/media\/16661"}],"wp:attachment":[{"href":"https:\/\/absi.ch\/new\/wp-json\/wp\/v2\/media?parent=16654"}],"wp:term":[{"taxonomy":"category","embeddable":true,"href":"https:\/\/absi.ch\/new\/wp-json\/wp\/v2\/categories?post=16654"},{"taxonomy":"post_tag","embeddable":true,"href":"https:\/\/absi.ch\/new\/wp-json\/wp\/v2\/tags?post=16654"}],"curies":[{"name":"wp","href":"https:\/\/api.w.org\/{rel}","templated":true}]}}