{"id":16669,"date":"2021-10-06T20:30:19","date_gmt":"2021-10-06T18:30:19","guid":{"rendered":"https:\/\/absi.ch\/new\/?p=16669"},"modified":"2021-11-05T00:34:45","modified_gmt":"2021-11-04T23:34:45","slug":"newsletter-del-6-ottobre-2021","status":"publish","type":"post","link":"https:\/\/absi.ch\/new\/2021\/10\/newsletter-del-6-ottobre-2021\/","title":{"rendered":"Newsletter del 6 ottobre 2021"},"content":{"rendered":"<div id=\"themify_builder_content-16669\" data-postid=\"16669\" class=\"themify_builder_content themify_builder_content-16669 themify_builder\">\n    \t<!-- module_row -->\n\t<div  class=\"themify_builder_row module_row clearfix module_row_1 themify_builder_16669_row module_row_16669-1 tb_73ky333\">\n\t    \t    <div class=\"row_inner col_align_top\" >\n\t\t\t<div  class=\"module_column tb-column col-full first tb_16669_column module_column_0 module_column_16669-1-0 tb_modi334\">\n\t    \t    \t        <div class=\"tb-column-inner\">\n\t\t    <!-- module text -->\n<div  class=\"module module-text tb_zfgm342    \">\n            <div  class=\"tb_text_wrap\">\n    <p><img loading=\"lazy\" decoding=\"async\" class=\"size-full wp-image-13964 alignleft\" src=\"https:\/\/absi.ch\/new\/wp-content\/uploads\/2020\/03\/Logo-NL.png\" alt=\"\" width=\"264\" height=\"194\" srcset=\"https:\/\/absi.ch\/new\/wp-content\/uploads\/2020\/03\/Logo-NL.png 264w, https:\/\/absi.ch\/new\/wp-content\/uploads\/2020\/03\/Logo-NL-978x718.png 978w, https:\/\/absi.ch\/new\/wp-content\/uploads\/2020\/03\/Logo-NL-200x146.png 200w\" sizes=\"auto, (max-width: 264px) 100vw, 264px\" \/><\/p>\n<p>\u00a0<\/p>\n<p>\u00a0<\/p>\n<p>\u00a0<\/p>\n<p>\u00a0<\/p>\n<p>\u00a0<\/p>\n<table class=\"yiv6170786013mcnTextBlock\" border=\"0\" width=\"100%\" cellspacing=\"0\" cellpadding=\"0\">\n<tbody class=\"yiv6170786013mcnTextBlockOuter\">\n<tr>\n<td class=\"yiv6170786013mcnTextBlockInner\" valign=\"top\">\n<table class=\"yiv6170786013mcnTextContentContainer\" border=\"0\" width=\"100%\" cellspacing=\"0\" cellpadding=\"0\" align=\"left\">\n<tbody>\n<tr>\n<td class=\"yiv6170786013mcnTextContent\" valign=\"top\">\n<p>Gentili Signore, Egregi Signori,\u00a0<br \/><br \/>vi speriamo in ottima salute.<br \/><br \/>1. Domenica 10 ottobre, dalle ore 20.45, in collegamento online, si svolger\u00e0 un incontro culturale di carattere interreligioso, tra esponenti ebrei e cristiani dal titolo &#8220;Dialogo e Dialoghi fra suscettibilit\u00e0 e ambiguit\u00e0&#8221; (<a href=\"https:\/\/absi.us3.list-manage.com\/track\/click?u=ab15875d8ee9ef1f698f7e3ae&amp;id=93964b1770&amp;e=c853096247\" target=\"_blank\" rel=\"nofollow noopener noreferrer\">cfr. locandina allegata<\/a>). Per potersi connettere all&#8217;incontro, si leggano le modalit\u00e0 indicate sulla locandina.<br \/><br \/>2. A partire dal 20 ottobre, a Trento, a cura dell&#8217;Istituto Superiore di Scienze Religiose &#8220;Guardini&#8221;, sar\u00e0 proposto, in modalit\u00e0 mista (in presenza e a distanza) un corso di introduzione alla lettura dei vangeli sinottici e degli Atti degli Apostoli (docenti: Stefano Zeni; Ernesto Borghi). Per le modalit\u00e0 di iscrizione consultate la\u00a0<a href=\"https:\/\/absi.us3.list-manage.com\/track\/click?u=ab15875d8ee9ef1f698f7e3ae&amp;id=cedd60e30f&amp;e=c853096247\" target=\"_blank\" rel=\"nofollow noopener noreferrer\">locandina qui allegata<\/a>.<br \/><br \/>3. In allegato a questo messaggio trovate l&#8217;ultima\u00a0<a href=\"https:\/\/absi.us3.list-manage.com\/track\/click?u=ab15875d8ee9ef1f698f7e3ae&amp;id=dbf971d5c6&amp;e=c853096247\" target=\"_blank\" rel=\"noopener noreferrer\">pubblicazione scientifica del Prof. Borghi<\/a>, sul rapporto tra rito e vita negli scritti neotestamentari. Si tratta di un contributo pubblicato in un volume collettaneo curato da Carmine Matarazzo, direttore del biennio di specializzazione in teologia pastorale della Facolt\u00e0 Teologica di Napoli (sez. San Tommaso) e formatore attentissimo al rapporto tra fede, cultura e vita oggi.<br \/><br \/>4. Il corso online ABSI di lettura del vangelo secondo Giovanni sar\u00e0 attivato (<a href=\"https:\/\/absi.us3.list-manage.com\/track\/click?u=ab15875d8ee9ef1f698f7e3ae&amp;id=df67a701da&amp;e=c853096247\" target=\"_blank\" rel=\"nofollow noopener noreferrer\">cfr. locandina allegata<\/a>). Inizier\u00e0 il prossimo 9 novembre ed \u00e8 aperto a chiunque sia interessato ad un&#8217;interazione culturale seria ed appassionata con questa versione evangelica ritenuta spesso di difficile approccio. Tanto le persone singole quanto gruppi e istituzioni possono iscriversi a questo corso. Se qualcuno di voi desiderasse capire quale sia il livello culturale di questa proposta, vada pure a visitare i corsi analoghi relativi ai vangeli secondo\u00a0<a href=\"https:\/\/absi.us3.list-manage.com\/track\/click?u=ab15875d8ee9ef1f698f7e3ae&amp;id=ff53ce8596&amp;e=c853096247\" target=\"_blank\" rel=\"nofollow noopener noreferrer\">Luca<\/a>\u00a0e secondo\u00a0<a href=\"https:\/\/absi.us3.list-manage.com\/track\/click?u=ab15875d8ee9ef1f698f7e3ae&amp;id=2de405cfe0&amp;e=c853096247\" target=\"_blank\" rel=\"nofollow noopener noreferrer\">Matteo<\/a>, che si trovano sul canale YouTube &#8220;Associazione Biblica della Svizzera Italiana&#8221;. Siccome ogni incontro sar\u00e0 registrato, anche chi non potesse seguire in diretta tutte le &#8220;puntate&#8221; del corso, potr\u00e0 recuperarne la registrazione senza alcuna difficolt\u00e0.\u00a0<br \/><br \/>5. Il canale YouTube &#8220;Associazione Biblica della Svizzera Italiana&#8221; e le pagine facebook &#8220;ABSI&#8221; e &#8220;I volti della Bibbia&#8221; vedono il costante aumento dei loro iscritti. Chiunque volesse unirsi, \u00e8 benvenuto&#8230;<br \/><br \/>6. Il seguente link\u00a0<a href=\"https:\/\/absi.us3.list-manage.com\/track\/click?u=ab15875d8ee9ef1f698f7e3ae&amp;id=57857f83f3&amp;e=c853096247\" target=\"_blank\" rel=\"nofollow noopener noreferrer\">https:\/\/www.fareastmosaico.com\/post\/lezioni-di-spessore<\/a>\u00a0consente di avere informazione su un&#8217;iniziativa interessante organizzata a Milano dalla Fareast viaggi, una delle agenzie con le quali ABSI ha organizzato significativi itinerari di approfondimento culturale negli ultimi anni (segnatamente in Grecia e in Sicilia).\u00a0<br \/><br \/>Augurando a tutte e a tutti giornate serene, salutiamo con grata e viva cordialit\u00e0<br \/><br \/>Segretariato absi<\/p>\n<\/td>\n<\/tr>\n<\/tbody>\n<\/table>\n<\/td>\n<\/tr>\n<\/tbody>\n<\/table>\n<table class=\"yiv6170786013mcnDividerBlock\" border=\"0\" width=\"100%\" cellspacing=\"0\" cellpadding=\"0\">\n<tbody class=\"yiv6170786013mcnDividerBlockOuter\">\n<tr>\n<td class=\"yiv6170786013mcnDividerBlockInner\">\n<table class=\"yiv6170786013mcnDividerContent\" border=\"0\" width=\"100%\" cellspacing=\"0\" cellpadding=\"0\">\n<tbody>\n<tr>\n<td>\u00a0<\/td>\n<\/tr>\n<\/tbody>\n<\/table>\n<\/td>\n<\/tr>\n<\/tbody>\n<\/table>    <\/div>\n<\/div>\n<!-- \/module text -->\n\t        <\/div>\n\t    \t<\/div>\n\t\t    <\/div>\n\t    <!-- \/row_inner -->\n\t<\/div>\n\t<!-- \/module_row -->\n\t<\/div>\n\n","protected":false},"excerpt":{"rendered":"<p>\u00a0 \u00a0 \u00a0 \u00a0 \u00a0 Gentili Signore, Egregi Signori,\u00a0vi speriamo in ottima salute.1. Domenica 10 ottobre, dalle ore 20.45, in collegamento online, si svolger\u00e0 un incontro culturale di carattere interreligioso, tra esponenti ebrei e cristiani dal titolo &#8220;Dialogo e Dialoghi fra suscettibilit\u00e0 e ambiguit\u00e0&#8221; (cfr. locandina allegata). Per potersi connettere all&#8217;incontro, si leggano le modalit\u00e0 [&hellip;]<\/p>\n","protected":false},"author":1,"featured_media":13964,"comment_status":"closed","ping_status":"open","sticky":false,"template":"","format":"standard","meta":{"footnotes":""},"categories":[171,166],"tags":[],"class_list":["post-16669","post","type-post","status-publish","format-standard","has-post-thumbnail","hentry","category-news","category-newsletter","has-post-title","no-post-date","has-post-category","has-post-tag","has-post-comment","has-post-author",""],"builder_content":"<p><img loading=\"lazy\" decoding=\"async\" src=\"https:\/\/absi.ch\/new\/wp-content\/uploads\/2020\/03\/Logo-NL.png\" alt=\"\" width=\"264\" height=\"194\" srcset=\"https:\/\/absi.ch\/new\/wp-content\/uploads\/2020\/03\/Logo-NL.png 264w, https:\/\/absi.ch\/new\/wp-content\/uploads\/2020\/03\/Logo-NL-978x718.png 978w, https:\/\/absi.ch\/new\/wp-content\/uploads\/2020\/03\/Logo-NL-200x146.png 200w\" sizes=\"auto, (max-width: 264px) 100vw, 264px\" \/><\/p> <p>\u00a0<\/p> <p>\u00a0<\/p> <p>\u00a0<\/p> <p>\u00a0<\/p> <p>\u00a0<\/p> <table border=\"0\" width=\"100%\" cellspacing=\"0\" cellpadding=\"0\"> <tbody> <tr> <td valign=\"top\"> <table border=\"0\" width=\"100%\" cellspacing=\"0\" cellpadding=\"0\" align=\"left\"> <tbody> <tr> <td valign=\"top\"> <p>Gentili Signore, Egregi Signori,\u00a0<br \/><br \/>vi speriamo in ottima salute.<br \/><br \/>1. Domenica 10 ottobre, dalle ore 20.45, in collegamento online, si svolger\u00e0 un incontro culturale di carattere interreligioso, tra esponenti ebrei e cristiani dal titolo \"Dialogo e Dialoghi fra suscettibilit\u00e0 e ambiguit\u00e0\" (<a href=\"https:\/\/absi.us3.list-manage.com\/track\/click?u=ab15875d8ee9ef1f698f7e3ae&amp;id=93964b1770&amp;e=c853096247\" target=\"_blank\" rel=\"nofollow noopener noreferrer\">cfr. locandina allegata<\/a>). Per potersi connettere all'incontro, si leggano le modalit\u00e0 indicate sulla locandina.<br \/><br \/>2. A partire dal 20 ottobre, a Trento, a cura dell'Istituto Superiore di Scienze Religiose \"Guardini\", sar\u00e0 proposto, in modalit\u00e0 mista (in presenza e a distanza) un corso di introduzione alla lettura dei vangeli sinottici e degli Atti degli Apostoli (docenti: Stefano Zeni; Ernesto Borghi). Per le modalit\u00e0 di iscrizione consultate la\u00a0<a href=\"https:\/\/absi.us3.list-manage.com\/track\/click?u=ab15875d8ee9ef1f698f7e3ae&amp;id=cedd60e30f&amp;e=c853096247\" target=\"_blank\" rel=\"nofollow noopener noreferrer\">locandina qui allegata<\/a>.<br \/><br \/>3. In allegato a questo messaggio trovate l'ultima\u00a0<a href=\"https:\/\/absi.us3.list-manage.com\/track\/click?u=ab15875d8ee9ef1f698f7e3ae&amp;id=dbf971d5c6&amp;e=c853096247\" target=\"_blank\" rel=\"noopener noreferrer\">pubblicazione scientifica del Prof. Borghi<\/a>, sul rapporto tra rito e vita negli scritti neotestamentari. Si tratta di un contributo pubblicato in un volume collettaneo curato da Carmine Matarazzo, direttore del biennio di specializzazione in teologia pastorale della Facolt\u00e0 Teologica di Napoli (sez. San Tommaso) e formatore attentissimo al rapporto tra fede, cultura e vita oggi.<br \/><br \/>4. Il corso online ABSI di lettura del vangelo secondo Giovanni sar\u00e0 attivato (<a href=\"https:\/\/absi.us3.list-manage.com\/track\/click?u=ab15875d8ee9ef1f698f7e3ae&amp;id=df67a701da&amp;e=c853096247\" target=\"_blank\" rel=\"nofollow noopener noreferrer\">cfr. locandina allegata<\/a>). Inizier\u00e0 il prossimo 9 novembre ed \u00e8 aperto a chiunque sia interessato ad un'interazione culturale seria ed appassionata con questa versione evangelica ritenuta spesso di difficile approccio. Tanto le persone singole quanto gruppi e istituzioni possono iscriversi a questo corso. Se qualcuno di voi desiderasse capire quale sia il livello culturale di questa proposta, vada pure a visitare i corsi analoghi relativi ai vangeli secondo\u00a0<a href=\"https:\/\/absi.us3.list-manage.com\/track\/click?u=ab15875d8ee9ef1f698f7e3ae&amp;id=ff53ce8596&amp;e=c853096247\" target=\"_blank\" rel=\"nofollow noopener noreferrer\">Luca<\/a>\u00a0e secondo\u00a0<a href=\"https:\/\/absi.us3.list-manage.com\/track\/click?u=ab15875d8ee9ef1f698f7e3ae&amp;id=2de405cfe0&amp;e=c853096247\" target=\"_blank\" rel=\"nofollow noopener noreferrer\">Matteo<\/a>, che si trovano sul canale YouTube \"Associazione Biblica della Svizzera Italiana\". Siccome ogni incontro sar\u00e0 registrato, anche chi non potesse seguire in diretta tutte le \"puntate\" del corso, potr\u00e0 recuperarne la registrazione senza alcuna difficolt\u00e0.\u00a0<br \/><br \/>5. Il canale YouTube \"Associazione Biblica della Svizzera Italiana\" e le pagine facebook \"ABSI\" e \"I volti della Bibbia\" vedono il costante aumento dei loro iscritti. Chiunque volesse unirsi, \u00e8 benvenuto...<br \/><br \/>6. Il seguente link\u00a0<a href=\"https:\/\/absi.us3.list-manage.com\/track\/click?u=ab15875d8ee9ef1f698f7e3ae&amp;id=57857f83f3&amp;e=c853096247\" target=\"_blank\" rel=\"nofollow noopener noreferrer\">https:\/\/www.fareastmosaico.com\/post\/lezioni-di-spessore<\/a>\u00a0consente di avere informazione su un'iniziativa interessante organizzata a Milano dalla Fareast viaggi, una delle agenzie con le quali ABSI ha organizzato significativi itinerari di approfondimento culturale negli ultimi anni (segnatamente in Grecia e in Sicilia).\u00a0<br \/><br \/>Augurando a tutte e a tutti giornate serene, salutiamo con grata e viva cordialit\u00e0<br \/><br \/>Segretariato absi<\/p> <\/td> <\/tr> <\/tbody> <\/table> <\/td> <\/tr> <\/tbody> <\/table> <table border=\"0\" width=\"100%\" cellspacing=\"0\" cellpadding=\"0\"> <tbody> <tr> <td> <table border=\"0\" width=\"100%\" cellspacing=\"0\" cellpadding=\"0\"> <tbody> <tr> <td>\u00a0<\/td> <\/tr> <\/tbody> <\/table> <\/td> <\/tr> <\/tbody> <\/table>","_links":{"self":[{"href":"https:\/\/absi.ch\/new\/wp-json\/wp\/v2\/posts\/16669","targetHints":{"allow":["GET"]}}],"collection":[{"href":"https:\/\/absi.ch\/new\/wp-json\/wp\/v2\/posts"}],"about":[{"href":"https:\/\/absi.ch\/new\/wp-json\/wp\/v2\/types\/post"}],"author":[{"embeddable":true,"href":"https:\/\/absi.ch\/new\/wp-json\/wp\/v2\/users\/1"}],"replies":[{"embeddable":true,"href":"https:\/\/absi.ch\/new\/wp-json\/wp\/v2\/comments?post=16669"}],"version-history":[{"count":2,"href":"https:\/\/absi.ch\/new\/wp-json\/wp\/v2\/posts\/16669\/revisions"}],"predecessor-version":[{"id":16671,"href":"https:\/\/absi.ch\/new\/wp-json\/wp\/v2\/posts\/16669\/revisions\/16671"}],"wp:featuredmedia":[{"embeddable":true,"href":"https:\/\/absi.ch\/new\/wp-json\/wp\/v2\/media\/13964"}],"wp:attachment":[{"href":"https:\/\/absi.ch\/new\/wp-json\/wp\/v2\/media?parent=16669"}],"wp:term":[{"taxonomy":"category","embeddable":true,"href":"https:\/\/absi.ch\/new\/wp-json\/wp\/v2\/categories?post=16669"},{"taxonomy":"post_tag","embeddable":true,"href":"https:\/\/absi.ch\/new\/wp-json\/wp\/v2\/tags?post=16669"}],"curies":[{"name":"wp","href":"https:\/\/api.w.org\/{rel}","templated":true}]}}