{"id":1681,"date":"2014-04-19T18:05:17","date_gmt":"2014-04-19T18:05:17","guid":{"rendered":"http:\/\/absi.ch\/new\/?p=1681"},"modified":"2014-04-27T00:06:09","modified_gmt":"2014-04-27T00:06:09","slug":"domenica-di-pasqua-20-aprile-2014","status":"publish","type":"post","link":"https:\/\/absi.ch\/new\/2014\/04\/domenica-di-pasqua-20-aprile-2014\/","title":{"rendered":"DOMENICA DI PASQUA \u2013 20 aprile 2014"},"content":{"rendered":"<p>[layout][layout_group][one_fourth]DOMENICA DI PASQUA \u2013 20 aprile 2014<\/p>\n<h3>EGLI DOVEVA RISUSCITARE DAI MORTI<\/h3>\n<hr \/>\n<h5>Commento al Vangelo<em> <\/em><\/h5>\n<h6><em>di p. Alberto MAGGI OSM<\/em><\/h6>\n<hr \/>\n<p align=\"LEFT\"><span style=\"color: #000000;\"><span style=\"font-family: Century Gothic,sans-serif;\"><span style=\"font-size: small;\"><i><b>Gv 20, 1-9 <\/b><\/i><\/span><\/span><\/span><\/p>\n<p align=\"LEFT\"><span style=\"color: #000000;\"><span style=\"font-family: Century Gothic,sans-serif;\"><span style=\"font-size: small;\"><i><b>Il primo giorno della settimana, Maria di M\u00e0gdala si rec\u00f2 al sepolcro di mattino, quando era ancora buio, e vide che la pietra era stata tolta dal sepolcro. <\/b><\/i><\/span><\/span><\/span><\/p>\n<p align=\"LEFT\"><span style=\"color: #000000;\"><span style=\"font-family: Century Gothic,sans-serif;\"><span style=\"font-size: small;\"><span style=\"color: #000000;\"><i><b>Corse allora e and\u00f2 da Simon Pietro e dall\u2019altro discepolo, quello che Ges\u00f9 amava, e disse loro: \u00abHanno portato via il Signore dal sepolcro e non sappiamo dove l\u2019hanno posto!\u00bb. Pietro allora usc\u00ec insieme all\u2019altro discepolo e si recarono al sepolcro. Correvano insieme tutti e due, ma l\u2019altro discepolo corse pi\u00f9 veloce di Pietro e giunse per primo al sepolcro. Si chin\u00f2, vide i teli posati l\u00e0, ma non entr\u00f2. <\/b><\/i><\/span><\/span><\/span><\/span><\/p>\n<p align=\"LEFT\"><span style=\"color: #000000;\"><span style=\"font-family: Century Gothic,sans-serif;\"><span style=\"font-size: small;\"><span style=\"color: #000000;\"><i><b>Giunse intanto anche Simon Pietro, che lo seguiva, ed entr\u00f2 nel sepolcro e osserv\u00f2 i teli posati l\u00e0, e il sudario \u2013 che era stato sul suo capo \u2013 non posato l\u00e0 con i teli, ma avvolto in un luogo a parte. <\/b><\/i><\/span><\/span><\/span><\/span><\/p>\n<p align=\"LEFT\"><span style=\"color: #000000;\"><span style=\"font-family: Century Gothic,sans-serif;\"><span style=\"font-size: small;\"><span style=\"color: #000000;\"><i><b>Allora entr\u00f2 anche l\u2019altro discepolo, che era giunto per primo al sepolcro, e vide e credette. Infatti non avevano ancora compreso la Scrittura, che cio\u00e8 egli doveva risorgere dai morti.<\/b><\/i><\/span><\/span><\/span><\/span><\/p>\n<p align=\"LEFT\"><span style=\"color: #000000;\"><span style=\"font-family: Century Gothic,sans-serif;\"><span style=\"font-size: small;\">Se Maria di M\u00e0gdala si fosse recata al sepolcro un giorno prima, avremmo celebrato la Pasqua un giorno prima. <\/span><\/span><\/span><\/p>\n<p align=\"LEFT\"><span style=\"color: #000000;\"><span style=\"font-family: Calibri,Calibri,sans-serif;\"><span style=\"font-size: medium;\"><span style=\"color: #000000;\"><span style=\"font-family: Century Gothic,sans-serif;\"><span style=\"font-size: small;\">Scrive Giovanni nel capitolo 20: <\/span><\/span><\/span><span style=\"color: #000000;\"><span style=\"font-family: Century Gothic,sans-serif;\"><span style=\"font-size: small;\"><i>\u201cIl primo giorno della settimana\u201d <\/i><\/span><\/span><\/span><span style=\"color: #000000;\"><span style=\"font-family: Century Gothic,sans-serif;\"><span style=\"font-size: small;\">&#8211; letteralmente \u201cnel primo dopo il sabato\u201d (<\/span><\/span><\/span><span style=\"color: #000000;\"><span style=\"font-family: Bwgrkn;\"><span style=\"font-size: large;\">t<\/span><\/span><\/span><span style=\"color: #000000;\"><span style=\"font-family: Bwgrkn;\"><span style=\"font-size: large;\">h\/| <\/span><\/span><\/span><span style=\"color: #000000;\"><span style=\"font-family: Bwgrkn;\"><span style=\"font-size: large;\">d<\/span><\/span><\/span><span style=\"color: #000000;\"><span style=\"font-family: Bwgrkn;\"><span style=\"font-size: large;\">e.<\/span><\/span><\/span><span style=\"color: #000000;\"><span style=\"font-family: Bwgrkn;\"><span style=\"font-size: large;\">mi<\/span><\/span><\/span><span style=\"color: #000000;\"><span style=\"font-family: Bwgrkn;\"><span style=\"font-size: large;\">a\/|<\/span><\/span><\/span><span style=\"color: #000000;\"><span style=\"font-family: Bwgrkn;\"><span style=\"font-size: large;\"> t<\/span><\/span><\/span><span style=\"color: #000000;\"><span style=\"font-family: Bwgrkn;\"><span style=\"font-size: large;\">w\/<\/span><\/span><\/span><span style=\"color: #000000;\"><span style=\"font-family: Bwgrkn;\"><span style=\"font-size: large;\">n sabb\u00a3<\/span><\/span><\/span><span style=\"color: #000000;\"><span style=\"font-family: Bwgrkn;\"><span style=\"font-size: large;\">a,<\/span><\/span><\/span><span style=\"color: #000000;\"><span style=\"font-family: Bwgrkn;\"><span style=\"font-size: large;\">twn<\/span><\/span><\/span><span style=\"color: #000000;\"><span style=\"font-family: Century Gothic,sans-serif;\"><span style=\"font-size: small;\">) &#8211; \u201c<\/span><\/span><\/span><span style=\"color: #000000;\"><span style=\"font-family: Century Gothic,sans-serif;\"><span style=\"font-size: small;\"><i>Maria di M\u00e0gdala si rec\u00f2 al sepolcro\u201d. <\/i><\/span><\/span><\/span><\/span><\/span><\/span><\/p>\n<p align=\"LEFT\"><span style=\"color: #000000;\"><span style=\"font-family: Century Gothic,sans-serif;\"><span style=\"font-size: small;\"><span style=\"color: #000000;\">Perch\u00e9 Maria di M\u00e0gdala non si \u00e8 recata al sepolcro subito dopo la sepoltura di Ges\u00f9, ma ha atteso il primo giorno dopo il sabato? Perch\u00e9 \u00e8 ancora condizionata dall\u2019osservanza della legge del riposo del sabato. <\/span><\/span><\/span><\/span><\/p>\n<p align=\"LEFT\">[\/one_fourth][one_fourth]<span style=\"color: #000000;\"><span style=\"font-family: Century Gothic,sans-serif;\"><span style=\"font-size: small;\"><span style=\"color: #000000;\">E quindi l\u2019osservanza della legge ha impedito di sperimentare subito la potenza della vita che c\u2019era in Ges\u00f9, una vita capace di superare la morte. L\u2019evangelista, attraverso questa indicazione, vuole segnalare ai suoi lettori che l\u2019osservanza della legge ritarda l\u2019esperienza della nuova creazione che viene inaugurata da Ges\u00f9. <\/span>L\u2019espressione <i>\u201cil primo della settimana\u201d <\/i>richiama infatti al primo giorno della creazione. In Ges\u00f9 c\u2019\u00e8 una nuova creazione, quella veramente creata da Dio non conosce la morte, non conosce la fine. <\/span><\/span><\/span><\/p>\n<p align=\"LEFT\"><span style=\"color: #000000;\"><span style=\"font-family: Century Gothic,sans-serif;\"><span style=\"font-size: small;\">Ma la comunit\u00e0, rappresentata da Maria di M\u00e0gdala, \u00e8 ancora condizionata dall\u2019osservanza della legge, per questo ritarda l\u2019esperienza della risurrezione. <\/span><\/span><\/span><\/p>\n<p align=\"LEFT\"><span style=\"color: #000000;\">\u201c<span style=\"font-family: Century Gothic,sans-serif;\"><span style=\"font-size: small;\"><i>Si rec\u00f2 al sepolcro di mattino, quando era ancora buio\u201d<\/i><\/span><\/span><span style=\"font-family: Century Gothic,sans-serif;\"><span style=\"font-size: small;\">. <\/span><\/span><\/span><\/p>\n<p align=\"LEFT\"><span style=\"color: #000000;\"><span style=\"font-family: Century Gothic,sans-serif;\"><span style=\"font-size: small;\">Le tenebre sono immagine dell\u2019incomprensione della comunit\u00e0 che ancora non ha compreso Ges\u00f9, che si \u00e8 definito \u201cluce del mondo\u201d, il suo messaggio, la sua verit\u00e0. <\/span><\/span><\/span><\/p>\n<p align=\"LEFT\"><span style=\"color: #000000;\">\u201c<span style=\"font-family: Century Gothic,sans-serif;\"><span style=\"font-size: small;\"><i>E vide che la pietra era stata tolta dal sepolcro\u201d. <\/i><\/span><\/span><\/span><\/p>\n<p align=\"LEFT\"><span style=\"color: #000000;\"><span style=\"font-family: Century Gothic,sans-serif;\"><span style=\"font-size: small;\">Ebbene la prima reazione di Maria di M\u00e0gdala \u00e8 correre da Simon Pietro e \u201c<i>dall\u2019altro discepolo\u201d. <\/i>Ges\u00f9 aveva detto: <i>\u201c<\/i><i>\u00ab<\/i><i>Viene l\u2019ora in cui vi disperderete, ciascuno per conto suo<\/i><i>\u00bb<\/i><i>\u201d. <\/i><\/span><\/span><\/span><\/p>\n<p align=\"LEFT\"><span style=\"color: #000000;\"><span style=\"font-family: Century Gothic,sans-serif;\"><span style=\"font-size: small;\">Ebbene, l\u2019evangelista attribuisce a questa donna, Maria di M\u00e0gdala, il ruolo del pastore che raduna le pecore che si erano disperse. <\/span><\/span><\/span><\/p>\n<p align=\"LEFT\"><span style=\"color: #000000;\">\u201c<span style=\"font-family: Century Gothic,sans-serif;\"><span style=\"font-size: small;\"><i>E annunci\u00f2 loro: <\/i><\/span><\/span><span style=\"font-family: Century Gothic,sans-serif;\"><span style=\"font-size: small;\"><i>\u00ab<\/i><i>Hanno portato via il Signore dal sepolcro e non sappiamo dove l\u2019hanno posto!<\/i><i>\u00bb<\/i><i>\u201d <\/i>Non parla di un corpo, ma parla del Signore. E quindi gi\u00e0 c\u2019\u00e8 l\u2019allusione che \u00e8 vivo questo Ges\u00f9. <\/span><\/span><\/span><\/p>\n<p align=\"LEFT\"><span style=\"color: #000000;\"><span style=\"font-family: Century Gothic,sans-serif;\"><span style=\"font-size: small;\">Ebbene, Pietro e l\u2019altro discepolo cosa fanno? Si recano al sepolcro, l\u2019unico posto dove non dovevano andare. Nel vangelo di Luca sar\u00e0 espresso molto chiaramente dagli uomini che frenano le donne che vanno al sepolcro, <i>\u201c<\/i><i>\u00ab<\/i><i>Perch\u00e9 cercate tra i morti colui che \u00e8 vivo?<\/i><i>\u00bb<\/i><i>\u201d <\/i><\/span><\/span><\/span><\/p>\n<p><span style=\"color: #000000;\"><span style=\"font-family: Century Gothic,sans-serif;\"><span style=\"font-size: small;\">Ebbene, Pietro e l\u2019altro discepolo vanno in cerca del Signore nell\u2019unico posto dove lui non c\u2019\u00e8, cio\u00e8 nel luogo della morte. Come Maria, per l\u2019osservanza del sabato ha ritardato l\u2019esperienza di una vita pi\u00f9 forte della morte, perch\u00e9 Ges\u00f9 non pu\u00f2 essere trattenuto nel sepolcro, luogo di morte. Lui \u00e8 vivente.<br \/>\n<\/span><\/span><\/span><\/p>\n<p>[\/one_fourth][one_fourth]<\/p>\n<p align=\"LEFT\"><span style=\"color: #000000;\"><span style=\"font-family: Century Gothic,sans-serif;\"><span style=\"font-size: small;\">Cos\u00ec i discepoli vanno al sepolcro, l\u2019unico posto dove non si pu\u00f2 trovare Ges\u00f9. Se si piange la persona come morta, cio\u00e8 se ci si rivolge al sepolcro, non la si pu\u00f2 sperimentare viva e vivificante nella propria esistenza. <\/span><\/span><\/span><\/p>\n<p align=\"LEFT\"><span style=\"color: #000000;\"><span style=\"font-family: Century Gothic,sans-serif;\"><span style=\"font-size: small;\">Corrono tutti e due i discepoli, giunge per primo il discepolo amato, quello che ha l\u2019esperienza dell\u2019amore di Ges\u00f9. Pietro, che ha rifiutato di farsi lavare i piedi e quindi non ha voluto accettare l\u2019amore di Ges\u00f9 espresso nel servizio, arriva pi\u00f9 tardi. Ma l\u2019altro discepolo si ferma e permette che sia Pietro il primo ad entrare. Perch\u00e9? E\u2019 importante che il discepolo che ha tradito Ges\u00f9 e per il quale la morte \u00e8 la fine di tutto &#8211; e questo era il motivo del tradimento \u2013 faccia per primo l\u2019esperienza della vita. <\/span><\/span><\/span><\/p>\n<p align=\"LEFT\"><span style=\"color: #000000;\"><span style=\"font-family: Century Gothic,sans-serif;\"><span style=\"font-size: small;\">E poi entra anche l\u2019altro discepolo, <i>\u201cvide e credette\u201d. <\/i><\/span><\/span><\/span><\/p>\n<p align=\"LEFT\"><span style=\"color: #000000;\"><span style=\"font-family: Century Gothic,sans-serif;\"><span style=\"font-size: small;\">Ma il monito dell\u2019evangelista molto importante \u00e8 che <i>\u201cnon avevano ancora compreso le Scritture che cio\u00e8 egli doveva risorgere dai morti\u201d. <\/i>La preoccupazione di Giovanni \u00e8 che si possa credere alla risurrezione di Ges\u00f9 solo vedendo i segni della sua vittoria sulla morte. No! <\/span><\/span><\/span><\/p>\n<p align=\"LEFT\"><span style=\"color: #000000;\"><span style=\"font-family: Century Gothic,sans-serif;\"><span style=\"font-size: small;\">La risurrezione di Ges\u00f9 non \u00e8 un privilegio concesso a qualche personaggio duemila anni fa, ma una possibilit\u00e0 per tutti i credenti. <\/span><\/span><\/span><\/p>\n<p align=\"LEFT\"><span style=\"color: #000000;\"><span style=\"font-family: Century Gothic,sans-serif;\"><span style=\"font-size: small;\">Come? Lo dice l\u2019evangelista. <i>\u201cNon avevano ancora compreso le Scritture che cio\u00e8 egli doveva risorgere dai morti\u201d. <\/i>L\u2019accoglienza della Scrittura, la parola del Signore, nel discepolo, la radicalizzazione di questo messaggio nella sua vita, e la sua trasformazione, permettono al discepolo di avere una vita di una qualit\u00e0 tale che gli fa sperimentare il risorto nella sua esistenza. <\/span><\/span><\/span><\/p>\n<p align=\"LEFT\"><span style=\"color: #000000;\"><span style=\"font-family: Century Gothic,sans-serif;\"><span style=\"font-size: small;\">Non si crede che Ges\u00f9 \u00e8 risorto perch\u00e9 c\u2019\u00e8 un sepolcro vuoto, ma soltanto se lo si incontra vivo e vivificante nella propria vita. <\/span><\/span><\/span><\/p>\n<p>[\/one_fourth][one_fourth]<a href=\"http:\/\/absi.ch\/new\/wp-content\/uploads\/2014\/04\/burnand-peter-john-running800x484.jpg\"><img loading=\"lazy\" decoding=\"async\" class=\"alignnone size-full wp-image-1698\" alt=\"burnand-peter-john-running800x484\" src=\"http:\/\/absi.ch\/new\/wp-content\/uploads\/2014\/04\/burnand-peter-john-running800x484.jpg\" width=\"800\" height=\"484\" srcset=\"https:\/\/absi.ch\/new\/wp-content\/uploads\/2014\/04\/burnand-peter-john-running800x484.jpg 800w, https:\/\/absi.ch\/new\/wp-content\/uploads\/2014\/04\/burnand-peter-john-running800x484-300x181.jpg 300w\" sizes=\"auto, (max-width: 800px) 100vw, 800px\" \/><\/a><\/p>\n<p><strong>I discepoli Pietro e Giovanni corrono al sepolcro la mattina della Risurrezione<\/strong><\/p>\n<p><em>di Eug\u00e8ne Burnand<\/em><\/p>\n<p>&nbsp;<\/p>\n<p><a href=\"http:\/\/absi.ch\/new\/commento-al-vangelo-3\/\"><em>&gt; torna a &#8220;Commento al Vangelo&#8221;<\/em><\/a><\/p>\n<p><a href=\"http:\/\/absi.ch\/new\/formazione-biblica-2\/\"><em>&gt; torna a &#8220;Formazione biblica&#8221;<\/em><\/a><\/p>\n<p>[\/one_fourth][\/layout_group][\/layout]<\/p>\n<p>&nbsp;<\/p>\n<div id=\"themify_builder_content-1681\" data-postid=\"1681\" class=\"themify_builder_content themify_builder_content-1681 themify_builder\">\n    <\/div>\n<!-- \/themify_builder_content -->\n","protected":false},"excerpt":{"rendered":"<p>[layout][layout_group][one_fourth]DOMENICA DI PASQUA \u2013 20 aprile 2014 EGLI DOVEVA RISUSCITARE DAI MORTI Commento al Vangelo di p. Alberto MAGGI OSM Gv 20, 1-9 Il primo giorno della settimana, Maria di M\u00e0gdala si rec\u00f2 al sepolcro di mattino, quando era ancora buio, e vide che la pietra era stata tolta dal sepolcro. Corse allora e and\u00f2 [&hellip;]<\/p>\n","protected":false},"author":1,"featured_media":349,"comment_status":"closed","ping_status":"open","sticky":false,"template":"","format":"standard","meta":{"footnotes":""},"categories":[29],"tags":[30,62],"class_list":["post-1681","post","type-post","status-publish","format-standard","has-post-thumbnail","hentry","category-vangelo","tag-p-alberto-maggi","tag-pasqua","has-post-title","no-post-date","has-post-category","has-post-tag","has-post-comment","has-post-author",""],"builder_content":"","_links":{"self":[{"href":"https:\/\/absi.ch\/new\/wp-json\/wp\/v2\/posts\/1681","targetHints":{"allow":["GET"]}}],"collection":[{"href":"https:\/\/absi.ch\/new\/wp-json\/wp\/v2\/posts"}],"about":[{"href":"https:\/\/absi.ch\/new\/wp-json\/wp\/v2\/types\/post"}],"author":[{"embeddable":true,"href":"https:\/\/absi.ch\/new\/wp-json\/wp\/v2\/users\/1"}],"replies":[{"embeddable":true,"href":"https:\/\/absi.ch\/new\/wp-json\/wp\/v2\/comments?post=1681"}],"version-history":[{"count":24,"href":"https:\/\/absi.ch\/new\/wp-json\/wp\/v2\/posts\/1681\/revisions"}],"predecessor-version":[{"id":1891,"href":"https:\/\/absi.ch\/new\/wp-json\/wp\/v2\/posts\/1681\/revisions\/1891"}],"wp:featuredmedia":[{"embeddable":true,"href":"https:\/\/absi.ch\/new\/wp-json\/wp\/v2\/media\/349"}],"wp:attachment":[{"href":"https:\/\/absi.ch\/new\/wp-json\/wp\/v2\/media?parent=1681"}],"wp:term":[{"taxonomy":"category","embeddable":true,"href":"https:\/\/absi.ch\/new\/wp-json\/wp\/v2\/categories?post=1681"},{"taxonomy":"post_tag","embeddable":true,"href":"https:\/\/absi.ch\/new\/wp-json\/wp\/v2\/tags?post=1681"}],"curies":[{"name":"wp","href":"https:\/\/api.w.org\/{rel}","templated":true}]}}