{"id":18473,"date":"2024-01-16T00:49:02","date_gmt":"2024-01-15T23:49:02","guid":{"rendered":"https:\/\/absi.ch\/new\/?p=18473"},"modified":"2024-03-06T20:32:45","modified_gmt":"2024-03-06T19:32:45","slug":"incontro-dibattito-4-febbraio-2024-2","status":"publish","type":"post","link":"https:\/\/absi.ch\/new\/2024\/01\/incontro-dibattito-4-febbraio-2024-2\/","title":{"rendered":"Incontro-dibattito 4 febbraio 2024"},"content":{"rendered":"<div id=\"themify_builder_content-18473\" data-postid=\"18473\" class=\"themify_builder_content themify_builder_content-18473 themify_builder\">\n    \t<!-- module_row -->\n\t<div  class=\"themify_builder_row module_row clearfix module_row_1 themify_builder_18473_row module_row_18473-1 tb_hdl4238\">\n\t    \t    <div class=\"row_inner col_align_top\" >\n\t\t\t<div  class=\"module_column tb-column col-full first tb_18473_column module_column_0 module_column_18473-1-0 tb_c6vg240\">\n\t    \t    \t        <div class=\"tb-column-inner\">\n\t\t    <!-- module text -->\n<div  class=\"module module-text tb_34b8252    \">\n            <div  class=\"tb_text_wrap\">\n    <p><a href=\"https:\/\/absi.ch\/new\/wp-content\/uploads\/2024\/01\/Schermata-2024-01-16-alle-00.23.34.png\"><img loading=\"lazy\" decoding=\"async\" class=\"alignnone size-full wp-image-18466\" src=\"https:\/\/absi.ch\/new\/wp-content\/uploads\/2024\/01\/Schermata-2024-01-16-alle-00.23.34.png\" alt=\"\" width=\"825\" height=\"1166\" srcset=\"https:\/\/absi.ch\/new\/wp-content\/uploads\/2024\/01\/Schermata-2024-01-16-alle-00.23.34.png 825w, https:\/\/absi.ch\/new\/wp-content\/uploads\/2024\/01\/Schermata-2024-01-16-alle-00.23.34-212x300.png 212w, https:\/\/absi.ch\/new\/wp-content\/uploads\/2024\/01\/Schermata-2024-01-16-alle-00.23.34-768x1085.png 768w, https:\/\/absi.ch\/new\/wp-content\/uploads\/2024\/01\/Schermata-2024-01-16-alle-00.23.34-200x282.png 200w\" sizes=\"auto, (max-width: 825px) 100vw, 825px\" \/><\/a><\/p>\n<p><a href=\"https:\/\/absi.ch\/new\/wp-content\/uploads\/2024\/01\/4.2.2024.pdf\" target=\"_blank\" rel=\"noopener\"><em>&gt; volantino (pdf)<\/em><\/a><\/p>\n<p><a href=\"https:\/\/absi.ch\/new\/wp-content\/uploads\/2024\/03\/Dire-Dio-oggi-Lugano-4-febbraio-2024-De-Vecchi.pdf\" target=\"_blank\" rel=\"noopener\"><em>&gt; testo (pdf) &#8220;Dire Dio oggi (di Gaia De Vecchi)<\/em><\/a><\/p>    <\/div>\n<\/div>\n<!-- \/module text -->\n\t        <\/div>\n\t    \t<\/div>\n\t\t    <\/div>\n\t    <!-- \/row_inner -->\n\t<\/div>\n\t<!-- \/module_row -->\n\t<\/div>\n\n","protected":false},"excerpt":{"rendered":"<p>Incontro-dibattito &#8220;IL DIO DI GES\u00d9 CRISTO NELLA VITA E CULTURA DI OGGI: PERCH\u00c9?&#8221; in occasione della pubblicazione del volume &#8220;Dire oggi il dio di Ges\u00f9&#8221;<\/p>\n","protected":false},"author":1,"featured_media":18466,"comment_status":"closed","ping_status":"open","sticky":false,"template":"","format":"standard","meta":{"footnotes":""},"categories":[172,212],"tags":[],"class_list":["post-18473","post","type-post","status-publish","format-standard","has-post-thumbnail","hentry","category-attivita","category-attivita-2024","has-post-title","no-post-date","has-post-category","has-post-tag","has-post-comment","has-post-author",""],"builder_content":"<p><a href=\"https:\/\/absi.ch\/new\/wp-content\/uploads\/2024\/01\/Schermata-2024-01-16-alle-00.23.34.png\"><img loading=\"lazy\" decoding=\"async\" src=\"https:\/\/absi.ch\/new\/wp-content\/uploads\/2024\/01\/Schermata-2024-01-16-alle-00.23.34.png\" alt=\"\" width=\"825\" height=\"1166\" srcset=\"https:\/\/absi.ch\/new\/wp-content\/uploads\/2024\/01\/Schermata-2024-01-16-alle-00.23.34.png 825w, https:\/\/absi.ch\/new\/wp-content\/uploads\/2024\/01\/Schermata-2024-01-16-alle-00.23.34-212x300.png 212w, https:\/\/absi.ch\/new\/wp-content\/uploads\/2024\/01\/Schermata-2024-01-16-alle-00.23.34-768x1085.png 768w, https:\/\/absi.ch\/new\/wp-content\/uploads\/2024\/01\/Schermata-2024-01-16-alle-00.23.34-200x282.png 200w\" sizes=\"auto, (max-width: 825px) 100vw, 825px\" \/><\/a><\/p> <p><a href=\"https:\/\/absi.ch\/new\/wp-content\/uploads\/2024\/01\/4.2.2024.pdf\" target=\"_blank\" rel=\"noopener\"><em>&gt; volantino (pdf)<\/em><\/a><\/p> <p><a href=\"https:\/\/absi.ch\/new\/wp-content\/uploads\/2024\/03\/Dire-Dio-oggi-Lugano-4-febbraio-2024-De-Vecchi.pdf\" target=\"_blank\" rel=\"noopener\"><em>&gt; testo (pdf) \"Dire Dio oggi (di Gaia De Vecchi)<\/em><\/a><\/p>","_links":{"self":[{"href":"https:\/\/absi.ch\/new\/wp-json\/wp\/v2\/posts\/18473","targetHints":{"allow":["GET"]}}],"collection":[{"href":"https:\/\/absi.ch\/new\/wp-json\/wp\/v2\/posts"}],"about":[{"href":"https:\/\/absi.ch\/new\/wp-json\/wp\/v2\/types\/post"}],"author":[{"embeddable":true,"href":"https:\/\/absi.ch\/new\/wp-json\/wp\/v2\/users\/1"}],"replies":[{"embeddable":true,"href":"https:\/\/absi.ch\/new\/wp-json\/wp\/v2\/comments?post=18473"}],"version-history":[{"count":7,"href":"https:\/\/absi.ch\/new\/wp-json\/wp\/v2\/posts\/18473\/revisions"}],"predecessor-version":[{"id":18551,"href":"https:\/\/absi.ch\/new\/wp-json\/wp\/v2\/posts\/18473\/revisions\/18551"}],"wp:featuredmedia":[{"embeddable":true,"href":"https:\/\/absi.ch\/new\/wp-json\/wp\/v2\/media\/18466"}],"wp:attachment":[{"href":"https:\/\/absi.ch\/new\/wp-json\/wp\/v2\/media?parent=18473"}],"wp:term":[{"taxonomy":"category","embeddable":true,"href":"https:\/\/absi.ch\/new\/wp-json\/wp\/v2\/categories?post=18473"},{"taxonomy":"post_tag","embeddable":true,"href":"https:\/\/absi.ch\/new\/wp-json\/wp\/v2\/tags?post=18473"}],"curies":[{"name":"wp","href":"https:\/\/api.w.org\/{rel}","templated":true}]}}