{"id":18643,"date":"2024-03-24T20:23:25","date_gmt":"2024-03-24T19:23:25","guid":{"rendered":"https:\/\/absi.ch\/new\/?p=18643"},"modified":"2024-09-08T01:44:55","modified_gmt":"2024-09-07T23:44:55","slug":"anno-xxii-marzo-2024-numero-29","status":"publish","type":"post","link":"https:\/\/absi.ch\/new\/2024\/03\/anno-xxii-marzo-2024-numero-29\/","title":{"rendered":"Anno XXII &#8211; Marzo 2024 &#8211; Numero 29"},"content":{"rendered":"\n<p><strong>EDITORIALE<\/strong><\/p>\n\n\n\n<h4 class=\"wp-block-heading\"><strong>Pluralismo, collaborazione ed umanit\u00e0 per tutti<\/strong><\/h4>\n\n\n\n<p><em>Dopo alcuni anni la nostra rivista \u201cParola&amp;parole\u201d torna ad essere tematicamente eterogenea. I quattro saggi pubblicati in questo numero sono frutto della competenza tecnica e della passione formativa di quattro biblisti assai diversi tra loro per molti motivi, i quali fanno parte di un novero preciso: quello delle decine di colleghe e colleghi che hanno co-operato al nostro progetto internazionale \u201cLeggere i vangeli per la vita di tutti\u201d (2017-2022). Questa iniziativa culturale, tramite la sua componente editoriale, ha consentito, sinora a qualche migliaio di persone, di avere tra le mani e sotto gli occhi nuove traduzioni ecumeniche commentate dei primi cinque libri del Nuovo Testamento.<\/em><\/p>\n\n\n\n<p><em>Si \u00e8 trattato di un\u2019avventura culturale alla quale chi l\u2019ha coordinata guarda con viva gratitudine verso chi vi ha cooperato con autorevolezza scientifica e generosit\u00e0 intellettuale. E ci \u00e8 sembrato bello e naturale che anche \u201cParola&amp;parole\u201d potesse essere un terreno in cui poter proseguire tale collaborazione con chi volesse continuarla. E le pagine che queste righe introducono evidenziano chiaramente, oltre alle doti formative ed espressive di chi le ha redatte \u2013 Adrian Graffy, Fabrizio Filiberti, Francesco Mosetto, Eric Noffke \u2013 quanto la Bibbia offra temi che, da radici etiche ed estetiche antiche, parlano seriamente alla cultura e vita di oggi e pongono gli esseri umani costantemente in posizione di apertura verso gli altri e verso una condizione di vita non ripiegata su se stessa. La migrazione come situazione varia di vita, l\u2019attesa del futuro carica di speranza di bene, la fiducia e l\u2019affidabilit\u00e0 esistenziali, l\u2019orientamento al nuovo senza tradire le proprie radici: sono alcuni valori fondamentali che emergono dai saggi che compaiono in questo numero del nostro periodico.<\/em><\/p>\n\n\n\n<p><em>Lettrici e lettori potranno cogliere tanti elementi di riflessione anche per la loro vita contemporanea e si renderanno conto, pensiamo, ancora<\/em> <em>una volta che Bibbia ebraica\/Primo Testamento e Nuovo Testamento vanno considerati in continuit\u00e0 senza concordismi n\u00e9 contrapposizioni. L\u2019obiettivo essenziale appare la ricerca delle idee di Dio e di essere umano che ne scaturiscono con tutte le multiformit\u00e0 e le sfumature poliedriche proprie del rapporto di fedele impegno esistenziale che il Divino \u2013 rivelato dal roveto ardente al Sinai e da Ges\u00f9 di Nazareth crocifisso e risuscitato \u2013 propone all\u2019essere umano.<\/em><\/p>\n\n\n\n<p><em>La cultura biblica non autorizza esclusivismi culturali e chiusure di carattere religioso a meno che ci si voglia sostituire al Creatore e si vogliano arbitrariamente dettare le condizioni per interpretare anche per gli altri il senso della vita. Aprirsi alla verit\u00e0 che un altro essere umano pu\u00f2 portare anche nelle relazioni interpersonali \u00e8 una bella e buona opportunit\u00e0 per la propria esistenza? Lasciamo la risposta a chi legger\u00e0 la nostra rivista, in questi momenti difficili della storia del mondo, dove la tragica logica dell\u2019affermazione anche violenta e cruenta sull\u2019altro pare essere, vicino e lontano, una prospettiva senza alternative per far riconoscere i propri diritti, troppo spesso al di l\u00e0 di ogni giustizia, libert\u00e0 e responsabilit\u00e0&#8230;<\/em><\/p>\n\n\n\n<p class=\"has-text-align-right\"><strong><em>Ernesto Borghi<\/em><\/strong><\/p>\n\n\n\n<p><a href=\"https:\/\/absi.ch\/new\/wp-content\/uploads\/2024\/09\/pep29-estratto.pdf\">> <em>Estratto<\/em><\/a><\/p>\n\n\n\n<p>pep29 &#8211; CHF 5.00 \/ \u20ac 6.00<\/p>\n\n\n\n<p><a href=\"http:\/\/absi.ch\/new\/elenco-delle-rivsite\/\"><em>&gt; elenco delle edizioni<\/em><\/a><\/p>\n\n\n\n<div class=\"wp-block-image\"><figure class=\"aligncenter size-large is-resized\"><a href=\"https:\/\/absi.ch\/new\/wp-content\/uploads\/2024\/03\/B19a.png\"><img loading=\"lazy\" decoding=\"async\" src=\"https:\/\/absi.ch\/new\/wp-content\/uploads\/2024\/03\/B19a-1009x1443.png\" alt=\"\" class=\"wp-image-18646\" width=\"524\" height=\"747\" srcset=\"https:\/\/absi.ch\/new\/wp-content\/uploads\/2024\/03\/B19a-210x300.png 210w, https:\/\/absi.ch\/new\/wp-content\/uploads\/2024\/03\/B19a-1009x1443-200x286.png 200w\" sizes=\"auto, (max-width: 524px) 100vw, 524px\" \/><\/a><\/figure><\/div>\n\n\n\n<h3 class=\"wp-block-heading\">Ordina libro<\/h3>\n\n\n\n<p>Richiedi informazioni o ordina il libro<br>compilando questo formulario \n<div class=\"wpcf7 no-js\" id=\"wpcf7-f14504-o1\" lang=\"it-IT\" dir=\"ltr\" data-wpcf7-id=\"14504\">\n<div class=\"screen-reader-response\"><p role=\"status\" aria-live=\"polite\" aria-atomic=\"true\"> <ul><\/ul><\/div>\n<form action=\"\/new\/wp-json\/wp\/v2\/posts\/18643#wpcf7-f14504-o1\" method=\"post\" class=\"wpcf7-form init\" aria-label=\"Modulo di contatto\" novalidate=\"novalidate\" data-status=\"init\">\n<fieldset class=\"hidden-fields-container\"><input type=\"hidden\" name=\"_wpcf7\" value=\"14504\" \/><input type=\"hidden\" name=\"_wpcf7_version\" value=\"6.1.5\" \/><input type=\"hidden\" name=\"_wpcf7_locale\" value=\"it_IT\" \/><input type=\"hidden\" name=\"_wpcf7_unit_tag\" value=\"wpcf7-f14504-o1\" \/><input type=\"hidden\" name=\"_wpcf7_container_post\" value=\"0\" \/><input type=\"hidden\" name=\"_wpcf7_posted_data_hash\" value=\"\" \/><input type=\"hidden\" name=\"_wpcf7_recaptcha_response\" value=\"\" \/>\n<\/fieldset>\n<p><label> Nome e Cognome<br \/>\n<span class=\"wpcf7-form-control-wrap\" data-name=\"your-name\"><input size=\"40\" maxlength=\"400\" class=\"wpcf7-form-control wpcf7-text wpcf7-validates-as-required\" aria-required=\"true\" aria-invalid=\"false\" value=\"\" type=\"text\" name=\"your-name\" \/><\/span> <\/label>\n<\/p>\n<p><label> E-mail<br \/>\n<span class=\"wpcf7-form-control-wrap\" data-name=\"your-email\"><input size=\"40\" maxlength=\"400\" class=\"wpcf7-form-control wpcf7-email wpcf7-validates-as-required wpcf7-text wpcf7-validates-as-email\" aria-required=\"true\" aria-invalid=\"false\" value=\"\" type=\"email\" name=\"your-email\" \/><\/span> <\/label>\n<\/p>\n<p><label> Indirizzo di spedizione<br \/>\n<span class=\"wpcf7-form-control-wrap\" data-name=\"your-subject\"><input size=\"40\" maxlength=\"400\" class=\"wpcf7-form-control wpcf7-text\" aria-invalid=\"false\" value=\"\" type=\"text\" name=\"your-subject\" \/><\/span> <\/label>\n<\/p>\n<p><label> Pubblicazioni richieste e messaggio<br \/>\n<span class=\"wpcf7-form-control-wrap\" data-name=\"your-message\"><textarea cols=\"40\" rows=\"10\" maxlength=\"2000\" class=\"wpcf7-form-control wpcf7-textarea\" aria-invalid=\"false\" name=\"your-message\"><\/textarea><\/span> <\/label>\n<\/p>\n<p><input class=\"wpcf7-form-control wpcf7-submit has-spinner\" type=\"submit\" value=\"Invia\" \/>\n<\/p><div class=\"wpcf7-response-output\" aria-hidden=\"true\"><\/div>\n<\/form>\n<\/div>\n\n\n<div id=\"themify_builder_content-18643\" data-postid=\"18643\" class=\"themify_builder_content themify_builder_content-18643 themify_builder\">\n    <\/div>\n\n","protected":false},"excerpt":{"rendered":"<p>EDITORIALE Pluralismo, collaborazione ed umanit\u00e0 per tutti Dopo alcuni anni la nostra rivista \u201cParola&amp;parole\u201d torna ad essere tematicamente eterogenea. I quattro saggi pubblicati in questo numero sono frutto della competenza tecnica e della passione formativa di quattro biblisti assai diversi tra loro per molti motivi, i quali fanno parte di un novero preciso: quello delle [&hellip;]<\/p>\n","protected":false},"author":1,"featured_media":18646,"comment_status":"closed","ping_status":"open","sticky":false,"template":"","format":"standard","meta":{"footnotes":""},"categories":[195,170],"tags":[180],"class_list":["post-18643","post","type-post","status-publish","format-standard","has-post-thumbnail","hentry","category-pp","category-pubblicazioni","tag-riviste","has-post-title","no-post-date","has-post-category","has-post-tag","has-post-comment","has-post-author",""],"builder_content":"","_links":{"self":[{"href":"https:\/\/absi.ch\/new\/wp-json\/wp\/v2\/posts\/18643","targetHints":{"allow":["GET"]}}],"collection":[{"href":"https:\/\/absi.ch\/new\/wp-json\/wp\/v2\/posts"}],"about":[{"href":"https:\/\/absi.ch\/new\/wp-json\/wp\/v2\/types\/post"}],"author":[{"embeddable":true,"href":"https:\/\/absi.ch\/new\/wp-json\/wp\/v2\/users\/1"}],"replies":[{"embeddable":true,"href":"https:\/\/absi.ch\/new\/wp-json\/wp\/v2\/comments?post=18643"}],"version-history":[{"count":11,"href":"https:\/\/absi.ch\/new\/wp-json\/wp\/v2\/posts\/18643\/revisions"}],"predecessor-version":[{"id":18936,"href":"https:\/\/absi.ch\/new\/wp-json\/wp\/v2\/posts\/18643\/revisions\/18936"}],"wp:featuredmedia":[{"embeddable":true,"href":"https:\/\/absi.ch\/new\/wp-json\/wp\/v2\/media\/18646"}],"wp:attachment":[{"href":"https:\/\/absi.ch\/new\/wp-json\/wp\/v2\/media?parent=18643"}],"wp:term":[{"taxonomy":"category","embeddable":true,"href":"https:\/\/absi.ch\/new\/wp-json\/wp\/v2\/categories?post=18643"},{"taxonomy":"post_tag","embeddable":true,"href":"https:\/\/absi.ch\/new\/wp-json\/wp\/v2\/tags?post=18643"}],"curies":[{"name":"wp","href":"https:\/\/api.w.org\/{rel}","templated":true}]}}