{"id":18782,"date":"2024-06-15T18:18:59","date_gmt":"2024-06-15T16:18:59","guid":{"rendered":"https:\/\/absi.ch\/new\/?p=18782"},"modified":"2024-06-15T19:51:53","modified_gmt":"2024-06-15T17:51:53","slug":"leggere-i-vangeli-per-la-vita-di-tutti-progetto","status":"publish","type":"post","link":"https:\/\/absi.ch\/new\/2024\/06\/leggere-i-vangeli-per-la-vita-di-tutti-progetto\/","title":{"rendered":"&#8220;Leggere i Vangeli per la Vita di Tutti&#8221; &#8211; Progetto"},"content":{"rendered":"<div id=\"themify_builder_content-18782\" data-postid=\"18782\" class=\"themify_builder_content themify_builder_content-18782 themify_builder\">\n    \t<!-- module_row -->\n\t<div  class=\"themify_builder_row module_row clearfix module_row_1 themify_builder_18782_row module_row_18782-1 tb_z38d656\">\n\t    \t    <div class=\"row_inner col_align_top\" >\n\t\t\t<div  class=\"module_column tb-column col-full first tb_18782_column module_column_0 module_column_18782-1-0 tb_bhhc656\">\n\t    \t    \t        <div class=\"tb-column-inner\">\n\t\t    <!-- module text -->\n<div  class=\"module module-text tb_be1s662    \">\n            <div  class=\"tb_text_wrap\">\n    <p style=\"text-align: center;\">\u00a0<\/p>\n<p style=\"text-align: left;\">\u00a0\u00a0 <a href=\"https:\/\/absi.ch\/new\/wp-content\/uploads\/2024\/06\/Schermata-2024-06-15-alle-18.17.10.png\"><img loading=\"lazy\" decoding=\"async\" class=\"alignnone  wp-image-18783\" src=\"https:\/\/absi.ch\/new\/wp-content\/uploads\/2024\/06\/Schermata-2024-06-15-alle-18.17.10.png\" alt=\"\" width=\"830\" height=\"571\" srcset=\"https:\/\/absi.ch\/new\/wp-content\/uploads\/2024\/06\/Schermata-2024-06-15-alle-18.17.10.png 847w, https:\/\/absi.ch\/new\/wp-content\/uploads\/2024\/06\/Schermata-2024-06-15-alle-18.17.10-300x206.png 300w, https:\/\/absi.ch\/new\/wp-content\/uploads\/2024\/06\/Schermata-2024-06-15-alle-18.17.10-768x529.png 768w, https:\/\/absi.ch\/new\/wp-content\/uploads\/2024\/06\/Schermata-2024-06-15-alle-18.17.10-200x137.png 200w\" sizes=\"auto, (max-width: 830px) 100vw, 830px\" \/><\/a>\u00a0<\/p>\n<p style=\"text-align: left;\">\u00a0\u00a0\u00a0\u00a0 Come \u00e8 possibile proporre oggi la lettura e l\u2019interpretazione dei vangeli<br \/>secondo Marco, Matteo, Luca e Giovanni e degli Atti degli Apostoli in prospettiva<br \/>culturale ampia? La domanda \u00e8 nello stesso tempo entusiasmante e complessa e<br \/>coinvolge almeno tre dimensioni culturali: studio scientifico, attenzione pedagogica e<br \/>formazione esistenziale complessiva.<br \/>\u00a0\u00a0\u00a0\u00a0 L\u2019analisi e interpretazione dei testi e il confronto tra quanto emerge da questi<br \/>due momenti di relazione con i testi stessi e la vita e cultura1 di lettrici e lettori<br \/>contemporanei: ecco, in estrema sintesi, il processo che occorre avviare ogniqualvolta<br \/>si voglia leggere, per esempio, un passo neotestamentario in modo rispettoso delle<br \/>finalit\u00e0 con le quali detto scritto \u00e8 stato redatto. Diciamo questo tenendo conto,<br \/>ovviamente, di tutte le differenze esistenti tra chi ascoltava queste parole nel I secolo<br \/>d.C. dalla Palestina al bacino del Mediterraneo e alle terre mediorientali e chi le legge<br \/>nelle societ\u00e0 euro-occidentali del XXI secolo.<br \/>\u00a0\u00a0\u00a0\u00a0 Nel quadro di una conoscenza dei testi biblici sempre pi\u00f9 seria ed appassionata,<br \/>in cui si stabiliscano dei solidi \u201cponti\u201d tra un\u2019accurata lettura esegetico-ermeneutica e<br \/>la cultura e vita contemporanee, l\u2019attenzione alle versioni evangeliche canoniche e<br \/>agli Atti degli Apostoli resta un punto di partenza di grandissima rilevanza<br \/>complessiva.<br \/>\u00a0\u00a0\u00a0\u00a0 Infatti tanto la vita liturgico-formativa delle comunit\u00e0 cristiane quanto le<br \/>esigenze formative ed informative in campo biblico di un\u2019opinione pubblica non<br \/>ecclesiale manifestano una necessit\u00e0 importante: proporre strumenti introduttivi e<br \/>commenti che aiutino pi\u00f9 che mai un pubblico sempre pi\u00f9 vasto a fare un salto di<br \/>qualit\u00e0 nel campo della sua cultura biblica. La prospettiva che l\u2019Associazione Biblica<br \/>della Svizzera Italiana ha pensato di scegliere \u00e8 stata duplice:<br \/>\u2022 esegetico-ermeneutica relativamente ai testi evangelici in s\u00e9;<br \/>\u2022 e interculturale in ordine alle influenze e manifestazioni artistico-figurative,<br \/>musicali e storiche di tali libri neo-testamentari e dei diversi testi che li compongono.<br \/>\u00a0\u00a0\u00a0\u00a0 Si \u00e8 mirato e si punta ad evitare ristrettezze spirituali, confessionalismi, spinte<br \/>apologetiche o laiciste egualmente negative.<br \/>\u00a0\u00a0\u00a0\u00a0 La finalit\u00e0 generale \u00e8 stata ed \u00e8, quindi, quella di una formazione culturale ad<br \/>ampio spettro, senza volont\u00e0 indottrinanti, nello spirito di una lettura biblica utile alle<br \/>dimensioni ecclesiali e proprie delle societ\u00e0 civili nel loro complesso.<br \/>\u00a0\u00a0\u00a0\u00a0 Il progetto ultimo del nostro operare in ordine alla versioni evangeliche<br \/>canoniche, ossia <strong>\u201cLeggere i vangeli per la vita di tutti\u201d<\/strong>, ha avuto come arco<br \/>temporale di svolgimento sinora il periodo 2016-2022 e l\u2019articolazione ha voluto<br \/>essere, ad un tempo, per quanto attiene all\u2019ambito editoriale, sia cartacea che<br \/>elettronica.<br \/>\u00a0\u00a0\u00a0\u00a0 Per quanto concerne il primo ambito, tenendo conto della pluralit\u00e0 di livelli<br \/>culturali e di attenzione biblica e religiosa che l\u2019opinione pubblica italofona<br \/>contemporanea manifesta, abbiamo pubblicato, in collaborazione con le <strong>Edizioni<\/strong><br \/><strong>Terrasanta<\/strong> <strong>(www.tsedizioni.com)<\/strong>, cinque volumi, che siano in grado di far<br \/>confrontare lettrici e lettori con le quattro versioni evangeliche canoniche, tramite<br \/>\u2022 un\u2019essenziale introduzione generale;<br \/>\u2022 la traduzione completa e commentata delle versioni evangeliche stesse,<br \/>secondo una suddivisione in pericopi scientificamente sostenibile (con commentatrici<br \/>e commentatori vari);<br \/>\u2022 una sintetica conclusione ermeneutico-teologica;<br \/>\u2022 alcune appendici di carattere pastorale ed interculturale.<br \/>\u00a0\u00a0\u00a0\u00a0 Ogni volume \u00e8 il frutto degli interventi di numerose\/i bibliste\/i, teologi ed<br \/>esperti di storia dell\u2019arte, di ispirazione culturale e religiosa eterogenea, provenienti<br \/>sia dal mondo accademico sia dalla pastorale ecclesiale, di stati di vita multiformi,<br \/>individuati tra persone capaci scientificamente e didatticamente, che non hanno<br \/>sostanzialmente complessi di superiorit\u00e0 o di inferiorit\u00e0 culturali e religiosi2.<br \/>\u00a0\u00a0\u00a0\u00a0 La traduzione di riferimento \u00e8 stata a cura dell\u2019Associazione Biblica della<br \/>Svizzera Italiana (autori: Ernesto Borghi e Renzo Petraglio). Ogni<br \/>commentatrice\/commentatore ha avuto la massima libert\u00e0 di apportare a detta<br \/>traduzione di base le modifiche che ha reputato utili a partire dalla sua lettura<br \/>esegetico-ermeneutica delle pericopi di cui gli \u00e8 stato affidato il commento (la scelta<br \/>\u00e8 avvenuta tra il curatore e ogni esperta\/esperto cercando un equilibrio tra i<br \/>desiderata e le competenze specifiche di esperte\/esperti e le esigenze globali della<br \/>pubblicazione).<br \/>\u00a0\u00a0\u00a0\u00a0\u00a0\u00a0 Le pericopi sono corredate, lungo il testo, da note di critica testuale e da altre,<br \/>le pi\u00f9 numerose ed estese, di commento esegetico, storico e teologico. Esse sono utili<br \/>al confronto di lettrici e lettori con il testo in s\u00e9. Queste due tipologie di note sono in<br \/>calce alla traduzione per favorirne la lettura.<br \/>\u00a0\u00a0\u00a0\u00a0\u00a0 L\u2019attenzione metodologica essenziale, la consapevolezza di fondo alla base di<br \/>questo progetto culturale \u00e8 riassunta dalle seguenti parole di Bruno Maggioni, in cui<br \/>tutti coloro che sono stati coinvolti in questa avventura sostanzialmente si<br \/>riconoscono.<\/p>\n<p style=\"text-align: left;\">\u00abil mio scopo, da sempre, \u00e8 di far incontrare la Parola con la vita e la vita con la Parola.<br \/>Sono sempre pi\u00f9 convinto che la Parola di Dio si fa appello attraverso un\u2019esistenza<br \/>concreta, mai senza l\u2019esistenza. \u00c8 nell\u2019esistenza, scontrandosi con l\u2019esistenza, che la<br \/>Parola svela il suo vero significato, mostrando anche quella diversit\u00e0 che sovrasta i<br \/>nostri pensieri, quanto il cielo sovrasta la terra: non soltanto i nostri pensieri sul mondo,<br \/>ma i nostri pensieri su Dio. Non basta dunque l\u2019ascolto della Parola, come non basta il<br \/>semplice ascolto dell\u2019esistenza. Ascoltare significa confrontare la Parola con l\u2019esistenza<br \/>e l\u2019esistenza con la Parola\u00bb3.<\/p>\n<p style=\"text-align: left;\"><br \/>E le versioni evangeliche canoniche, in estrema sintesi, che cosa ci pare siano?<br \/>Secondo un prospettiva di analisi ed interpretazione, che ha avuto tra i suoi<br \/>sostenitori anche Carlo Maria Martini,<br \/>\u2022 MARCO \u00e8 il testo per coloro che entrano per la prima volta in rapporto con la<br \/>fede nel Dio di Ges\u00f9 Cristo e vengono spesso da una cultura non religiosa;<br \/>\u2022 MATTEO \u00e8 il testo per chi viene sovente da una cultura religiosa tradizionale<br \/>ed \u00e8 sensibile alla ricerca della giustizia;<br \/>\u2022 LUCA \u00e8 il testo per persone che vengono da varie ispirazioni e culturali e<br \/>sono sensibili all\u2019attenzione a chi \u00e8 povero ed emarginato e ad una prospettiva<br \/>universale della fede cristiana;<br \/>\u2022 GIOVANNI \u00e8 il testo per chi \u00e8 alla ricerca di una sintesi essenziale della fede<br \/>cristiana, a confronto con culture diverse, da quella giudaica a quelle pagane.<br \/>\u2022 ATTI DEGLI APOSTOLI sono il testo che narra gli effetti dell\u2019annuncio del<br \/>Vangelo di Ges\u00f9 Cristo dalla generazione del Nazareno alle due successive dalla<br \/>Palestina al bacino centrale del Mediterraneo4.<br \/>\u00a0\u00a0\u00a0\u00a0 Ai volumi qui indicati sono variamente collegati <strong>corsi online di lettura<\/strong> dei<br \/>libri neotestamentari citati, disponibili visitando il <strong>canale youtube \u201cAssociazione<\/strong><br \/><strong>Biblica della Svizzera Italiana\u201d<\/strong>, oppure <strong>momenti di introduzione alla lettura dei<\/strong><br \/><strong>libri biblici citati<\/strong> raggiungibili tramite i seguenti links:<br \/><br \/><strong>Marco:<\/strong> https:\/\/youtu.be\/N8qucTMqk0k<\/p>\n<p style=\"text-align: left;\"><strong>Matteo:<\/strong> https:\/\/youtu.be\/AxCUcKqQ3XM<\/p>\n<p style=\"text-align: left;\"><strong>Luca:<\/strong> https:\/\/youtu.be\/1I43KW99Gy0<\/p>\n<p style=\"text-align: left;\"><strong>Giovanni:<\/strong> https:\/\/youtu.be\/UsAVH42V6Ok<\/p>\n<p style=\"text-align: left;\"><strong>Atti degli Apostoli:<\/strong> https:\/\/www.youtube.com\/live\/tO9nZt7Lpsg?si=XE-<br \/>eStPgTFjWI3ve<\/p>\n<p style=\"text-align: left;\"><br \/><em>Per ogni informazione circa questo progetto, ci si rivolga pure a:<\/em> <strong>info@absi.ch<\/strong><\/p>\n<hr \/>\n<p>1 Per cultura intendiamo (cfr., per es., Vocabolario della lingua italiana, II, Istituto<br \/>dell\u2019Enciclopedia Italiana, Roma 1987, pp. 1026-1027) l\u2019insieme delle cognizioni intellettuali che,<br \/>acquisite attraverso lo studio, la lettura, l\u2019esperienza, l\u2019influenza dell\u2019ambiente e rielaborate in<br \/>modo soggettivo e autonomo diventano elemento costitutivo della personalit\u00e0, contribuendo ad<br \/>arricchire lo spirito, a sviluppare o migliorare le facolt\u00e0 individuali, specialmente la capacit\u00e0 di<br \/>giudizio. La cultura, se \u00e8 autentica, costruisce l\u2019esistenza in termini di apertura di mente e di cuore,<br \/>insomma di vita. E, in questo quadro, appare credibile quanto risulta degno di fiducia non in<br \/>astratto, ma nella concretezza di ogni giorno. I vangeli canonici sono dei terreni significativi in<br \/>questa prospettiva.<\/p>\n<p>2 L\u2019ideatore e curatore dell\u2019intero progetto \u00e8 stato <strong>Ernesto Borghi<\/strong>, biblista cattolico (docente<br \/>universitario di materie bibliche dal 1992, attualmente professore invitato all\u2019ISSR \u201cGuardini\u201d di<br \/>Trento e alla Facolt\u00e0 Teologica di Napoli, sez. san Tommaso d\u2019Aquino, coordinatore della<br \/>Formazione Biblica nella Diocesi di Lugano e dell\u2019area Europa del Sud e dell\u2019Ovest della<br \/>Federazione Biblica Cattolica).<br \/>Ecco, in ordine alfabetico, l\u2019elenco delle esperte ed esperti che hanno collaborato ad uno o pi\u00f9<br \/>volumi secondo le loro competenze e possibilit\u00e0: <strong>Fran\u00e7ois-Xavier Amherdt<\/strong>, presbitero e teologo<br \/>cattolico (Universit\u00e0 di Fribourg); S<strong>ilvio Barbaglia,<\/strong> presbitero e biblista cattolico (Studio Teologico di Novara), <strong>Elena Lea Bartolini De Angeli<\/strong>, giudaista ebrea (ISSR di Milano\/Limec di<br \/>Milano); <strong>Guido Benzi<\/strong>, presbitero e biblista cattolico (Universit\u00e0 Salesiana di Roma); <strong>Carlo<\/strong><br \/><strong>Broccardo<\/strong>, presbitero e biblista cattolico (Facolt\u00e0 Teologica del Triveneto di Padova); <strong>Emanuela<\/strong><br \/><strong>Buccioni,<\/strong> biblista cattolica (ISSR di Arezzo); <strong>Elena Chiamenti,<\/strong> biblista cattolica; <strong>Luigi Cuonzo<\/strong>,<br \/>diacono permanente e teologo (Lanciano\/CH); <strong>Stefania De Vito<\/strong>, biblista cattolica (Universit\u00e0<br \/>Gregoriana di Roma \/ LUMSA di Roma), <strong>Giuseppe De Virgilio<\/strong>, presbitero e biblista cattolico<br \/>(Universit\u00e0 della Santa Croce di Roma); <strong>Gaetano Di Palma<\/strong>, presbitero e biblista cattolico (Facolt\u00e0<br \/>Teologica di Napoli, sez. san Tommaso d\u2019Aquino); <strong>Stefano Dolfini<\/strong>, docente di religione cattolico<br \/>(Milano); <strong>Nicoletta Gatti<\/strong>, biblista cattolica (Universit\u00e0 di Stato del Ghana); <strong>Fabrizio Filiberti<\/strong>,<br \/>biblista cattolico; <strong>Adrian Graffy<\/strong>, presbitero e biblista cattolico (Pontificia Commissione Biblica di<br \/>Roma); <strong>Roberto Geroldi<\/strong>, presbitero e biblista cattolico; Luciano Locatelli, presbitero e biblista<br \/>cattolico; <strong>Alberto Maggi<\/strong>, presbitero e biblista cattolico; <strong>Lidia Maggi<\/strong>, pastora e biblista battista;<br \/><strong>Cesare Marcheselli Casale<\/strong>, presbitero e biblista cattolico (em. Facolt\u00e0 Teologica di Napoli, sez.<br \/>san Tommaso d\u2019Aquino); <strong>Mariarita Marenco<\/strong>, biblista cattolica (Facolt\u00e0 Teologica di Torino \/<br \/>Universit\u00e0 Salesiana di Torino); <strong>Carmine Matarazzo<\/strong>, teologo cattolico (Facolt\u00e0 Teologica di<br \/>Napoli, sez. san Tommaso d\u2019Aquino); <strong>Giorgio Jossa<\/strong>, storico delle origini cristiane cattolico (em.<br \/>Universit\u00e0 \u201cFederico II\u201d di Napoli);<strong> George Ossom-Batsa<\/strong>, presbitero e biblista cattolico<br \/>(Universit\u00e0 di Stato del Ghana); <strong>Giulio Michelini<\/strong>, presbitero e biblista cattolico (Studio Teologico<br \/>di Assisi); <strong>Francesco Mosetto<\/strong>, presbitero e biblista cattolico (em. Universit\u00e0 Salesiana di Torino);<br \/><strong>Eric Noffke<\/strong>, pastore e biblista metodista (Facolt\u00e0 Valdese di Teologia di Roma), <strong>Lorella Parente<\/strong>,<br \/>teologa cattolica (ISSR \u201cSan Matteo\u201d di Salerno); <strong>Renzo Petraglio<\/strong>, biblista ed antichista cattolico;<br \/><strong>Giorgio Sgubbi<\/strong>, presbitero e teologo cattolico (Facolt\u00e0 Teologica dell\u2019Emilia Romagnadi<br \/>Bologna); <strong>Luciano Zappella<\/strong>, biblista valdese; <strong>Angelo Reginato<\/strong>, biblista battista; <strong>Stefano Zeni<\/strong>,<br \/>presbitero e biblista cattolico (ISSR \u201cGuardini\u201d di Trento); <strong>Giorgio Zevini<\/strong>, presbitero e biblista<br \/>cattolico (em. Universit\u00e0 Salesiana di Roma); <strong>Stefano Zuff<\/strong>i, storico dell\u2019arte cattolico.<br \/>Sono stati coinvolti, in quanto prefatori o postfatori dei volumi:<strong> Claudio G. Bottini<\/strong>, presbitero e<br \/>biblista cattolico (em. Studio Biblico Francescano di Gerusalemme); <strong>Gaetano Castello<\/strong>, presbitero<br \/>e biblista cattolico (Facolt\u00e0 Teologica di Napoli, sez. san Tommaso d\u2019Aquino); <strong>Bruno Maggioni<\/strong>,<br \/>presbitero e biblista cattolico (Facolt\u00e0 Teologica di Milano \/ Seminario di Como); <strong>Daniel<\/strong><br \/><strong>Marguerat<\/strong>, pastore e biblista riformato (Universit\u00e0 di Lausanne); <strong>Marinella Perron<\/strong>i, biblista<br \/>cattolica (em. Ateneo S. Anselmo di Roma); <strong>Mauro Pesce<\/strong>, biblista em. Universit\u00e0 degli Studi di<br \/>Bologna); <strong>Paolo Ricca<\/strong>, teologo valdese (em. Facolt\u00e0 Valdese di Teologia di Roma).<\/p>\n<p>3 <em>Prefazione<\/em>, in ABSI, <em>MARCO. Nuova traduzione ecumenica commentata,<\/em> Edizioni Terra Santa,<br \/>Milano 2017, p. 6<\/p>\n<p>4 Accanto a questo volume, in termini complementari segnaliamo il libro di E. Borghi, <em>Verso la<\/em><br \/><em>verit\u00e0 della Chiesa. Leggere gli Atti degli Apostoli oggi<\/em>, pubblicato sempre dalle Edizioni<br \/>Terrasanta di Milano nell\u2019aprile 2024.<\/p>\n<p>\u00a0<\/p>\n<p><a href=\"https:\/\/absi.ch\/new\/wp-content\/uploads\/2024\/05\/ABSI.Leggere-i-vangeli-per-la-vita-di-tutti.pdf\" target=\"_blank\" rel=\"noopener\"><em>&gt; testo progetto (pdf)<\/em><\/a><\/p>    <\/div>\n<\/div>\n<!-- \/module text -->\n\t        <\/div>\n\t    \t<\/div>\n\t\t    <\/div>\n\t    <!-- \/row_inner -->\n\t<\/div>\n\t<!-- \/module_row -->\n\t<\/div>\n\n","protected":false},"excerpt":{"rendered":"<p>\u00a0 \u00a0\u00a0 \u00a0 \u00a0\u00a0\u00a0\u00a0 Come \u00e8 possibile proporre oggi la lettura e l\u2019interpretazione dei vangelisecondo Marco, Matteo, Luca e Giovanni e degli Atti degli Apostoli in prospettivaculturale ampia? La domanda \u00e8 nello stesso tempo entusiasmante e complessa ecoinvolge almeno tre dimensioni culturali: studio scientifico, attenzione pedagogica eformazione esistenziale complessiva.\u00a0\u00a0\u00a0\u00a0 L\u2019analisi e interpretazione dei testi e [&hellip;]<\/p>\n","protected":false},"author":1,"featured_media":18783,"comment_status":"closed","ping_status":"open","sticky":false,"template":"","format":"standard","meta":{"footnotes":""},"categories":[100],"tags":[],"class_list":["post-18782","post","type-post","status-publish","format-standard","has-post-thumbnail","hentry","category-corsi","has-post-title","no-post-date","has-post-category","has-post-tag","has-post-comment","has-post-author",""],"builder_content":"<p style=\"text-align: center;\">\u00a0<\/p> <p style=\"text-align: left;\">\u00a0\u00a0 <a href=\"https:\/\/absi.ch\/new\/wp-content\/uploads\/2024\/06\/Schermata-2024-06-15-alle-18.17.10.png\"><img loading=\"lazy\" decoding=\"async\" src=\"https:\/\/absi.ch\/new\/wp-content\/uploads\/2024\/06\/Schermata-2024-06-15-alle-18.17.10.png\" alt=\"\" width=\"830\" height=\"571\" srcset=\"https:\/\/absi.ch\/new\/wp-content\/uploads\/2024\/06\/Schermata-2024-06-15-alle-18.17.10.png 847w, https:\/\/absi.ch\/new\/wp-content\/uploads\/2024\/06\/Schermata-2024-06-15-alle-18.17.10-300x206.png 300w, https:\/\/absi.ch\/new\/wp-content\/uploads\/2024\/06\/Schermata-2024-06-15-alle-18.17.10-768x529.png 768w, https:\/\/absi.ch\/new\/wp-content\/uploads\/2024\/06\/Schermata-2024-06-15-alle-18.17.10-200x137.png 200w\" sizes=\"auto, (max-width: 830px) 100vw, 830px\" \/><\/a>\u00a0<\/p> <p style=\"text-align: left;\">\u00a0\u00a0\u00a0\u00a0 Come \u00e8 possibile proporre oggi la lettura e l\u2019interpretazione dei vangeli<br \/>secondo Marco, Matteo, Luca e Giovanni e degli Atti degli Apostoli in prospettiva<br \/>culturale ampia? La domanda \u00e8 nello stesso tempo entusiasmante e complessa e<br \/>coinvolge almeno tre dimensioni culturali: studio scientifico, attenzione pedagogica e<br \/>formazione esistenziale complessiva.<br \/>\u00a0\u00a0\u00a0\u00a0 L\u2019analisi e interpretazione dei testi e il confronto tra quanto emerge da questi<br \/>due momenti di relazione con i testi stessi e la vita e cultura1 di lettrici e lettori<br \/>contemporanei: ecco, in estrema sintesi, il processo che occorre avviare ogniqualvolta<br \/>si voglia leggere, per esempio, un passo neotestamentario in modo rispettoso delle<br \/>finalit\u00e0 con le quali detto scritto \u00e8 stato redatto. Diciamo questo tenendo conto,<br \/>ovviamente, di tutte le differenze esistenti tra chi ascoltava queste parole nel I secolo<br \/>d.C. dalla Palestina al bacino del Mediterraneo e alle terre mediorientali e chi le legge<br \/>nelle societ\u00e0 euro-occidentali del XXI secolo.<br \/>\u00a0\u00a0\u00a0\u00a0 Nel quadro di una conoscenza dei testi biblici sempre pi\u00f9 seria ed appassionata,<br \/>in cui si stabiliscano dei solidi \u201cponti\u201d tra un\u2019accurata lettura esegetico-ermeneutica e<br \/>la cultura e vita contemporanee, l\u2019attenzione alle versioni evangeliche canoniche e<br \/>agli Atti degli Apostoli resta un punto di partenza di grandissima rilevanza<br \/>complessiva.<br \/>\u00a0\u00a0\u00a0\u00a0 Infatti tanto la vita liturgico-formativa delle comunit\u00e0 cristiane quanto le<br \/>esigenze formative ed informative in campo biblico di un\u2019opinione pubblica non<br \/>ecclesiale manifestano una necessit\u00e0 importante: proporre strumenti introduttivi e<br \/>commenti che aiutino pi\u00f9 che mai un pubblico sempre pi\u00f9 vasto a fare un salto di<br \/>qualit\u00e0 nel campo della sua cultura biblica. La prospettiva che l\u2019Associazione Biblica<br \/>della Svizzera Italiana ha pensato di scegliere \u00e8 stata duplice:<br \/>\u2022 esegetico-ermeneutica relativamente ai testi evangelici in s\u00e9;<br \/>\u2022 e interculturale in ordine alle influenze e manifestazioni artistico-figurative,<br \/>musicali e storiche di tali libri neo-testamentari e dei diversi testi che li compongono.<br \/>\u00a0\u00a0\u00a0\u00a0 Si \u00e8 mirato e si punta ad evitare ristrettezze spirituali, confessionalismi, spinte<br \/>apologetiche o laiciste egualmente negative.<br \/>\u00a0\u00a0\u00a0\u00a0 La finalit\u00e0 generale \u00e8 stata ed \u00e8, quindi, quella di una formazione culturale ad<br \/>ampio spettro, senza volont\u00e0 indottrinanti, nello spirito di una lettura biblica utile alle<br \/>dimensioni ecclesiali e proprie delle societ\u00e0 civili nel loro complesso.<br \/>\u00a0\u00a0\u00a0\u00a0 Il progetto ultimo del nostro operare in ordine alla versioni evangeliche<br \/>canoniche, ossia <strong>\u201cLeggere i vangeli per la vita di tutti\u201d<\/strong>, ha avuto come arco<br \/>temporale di svolgimento sinora il periodo 2016-2022 e l\u2019articolazione ha voluto<br \/>essere, ad un tempo, per quanto attiene all\u2019ambito editoriale, sia cartacea che<br \/>elettronica.<br \/>\u00a0\u00a0\u00a0\u00a0 Per quanto concerne il primo ambito, tenendo conto della pluralit\u00e0 di livelli<br \/>culturali e di attenzione biblica e religiosa che l\u2019opinione pubblica italofona<br \/>contemporanea manifesta, abbiamo pubblicato, in collaborazione con le <strong>Edizioni<\/strong><br \/><strong>Terrasanta<\/strong> <strong>(www.tsedizioni.com)<\/strong>, cinque volumi, che siano in grado di far<br \/>confrontare lettrici e lettori con le quattro versioni evangeliche canoniche, tramite<br \/>\u2022 un\u2019essenziale introduzione generale;<br \/>\u2022 la traduzione completa e commentata delle versioni evangeliche stesse,<br \/>secondo una suddivisione in pericopi scientificamente sostenibile (con commentatrici<br \/>e commentatori vari);<br \/>\u2022 una sintetica conclusione ermeneutico-teologica;<br \/>\u2022 alcune appendici di carattere pastorale ed interculturale.<br \/>\u00a0\u00a0\u00a0\u00a0 Ogni volume \u00e8 il frutto degli interventi di numerose\/i bibliste\/i, teologi ed<br \/>esperti di storia dell\u2019arte, di ispirazione culturale e religiosa eterogenea, provenienti<br \/>sia dal mondo accademico sia dalla pastorale ecclesiale, di stati di vita multiformi,<br \/>individuati tra persone capaci scientificamente e didatticamente, che non hanno<br \/>sostanzialmente complessi di superiorit\u00e0 o di inferiorit\u00e0 culturali e religiosi2.<br \/>\u00a0\u00a0\u00a0\u00a0 La traduzione di riferimento \u00e8 stata a cura dell\u2019Associazione Biblica della<br \/>Svizzera Italiana (autori: Ernesto Borghi e Renzo Petraglio). Ogni<br \/>commentatrice\/commentatore ha avuto la massima libert\u00e0 di apportare a detta<br \/>traduzione di base le modifiche che ha reputato utili a partire dalla sua lettura<br \/>esegetico-ermeneutica delle pericopi di cui gli \u00e8 stato affidato il commento (la scelta<br \/>\u00e8 avvenuta tra il curatore e ogni esperta\/esperto cercando un equilibrio tra i<br \/>desiderata e le competenze specifiche di esperte\/esperti e le esigenze globali della<br \/>pubblicazione).<br \/>\u00a0\u00a0\u00a0\u00a0\u00a0\u00a0 Le pericopi sono corredate, lungo il testo, da note di critica testuale e da altre,<br \/>le pi\u00f9 numerose ed estese, di commento esegetico, storico e teologico. Esse sono utili<br \/>al confronto di lettrici e lettori con il testo in s\u00e9. Queste due tipologie di note sono in<br \/>calce alla traduzione per favorirne la lettura.<br \/>\u00a0\u00a0\u00a0\u00a0\u00a0 L\u2019attenzione metodologica essenziale, la consapevolezza di fondo alla base di<br \/>questo progetto culturale \u00e8 riassunta dalle seguenti parole di Bruno Maggioni, in cui<br \/>tutti coloro che sono stati coinvolti in questa avventura sostanzialmente si<br \/>riconoscono.<\/p> <p style=\"text-align: left;\">\u00abil mio scopo, da sempre, \u00e8 di far incontrare la Parola con la vita e la vita con la Parola.<br \/>Sono sempre pi\u00f9 convinto che la Parola di Dio si fa appello attraverso un\u2019esistenza<br \/>concreta, mai senza l\u2019esistenza. \u00c8 nell\u2019esistenza, scontrandosi con l\u2019esistenza, che la<br \/>Parola svela il suo vero significato, mostrando anche quella diversit\u00e0 che sovrasta i<br \/>nostri pensieri, quanto il cielo sovrasta la terra: non soltanto i nostri pensieri sul mondo,<br \/>ma i nostri pensieri su Dio. Non basta dunque l\u2019ascolto della Parola, come non basta il<br \/>semplice ascolto dell\u2019esistenza. Ascoltare significa confrontare la Parola con l\u2019esistenza<br \/>e l\u2019esistenza con la Parola\u00bb3.<\/p> <p style=\"text-align: left;\"><br \/>E le versioni evangeliche canoniche, in estrema sintesi, che cosa ci pare siano?<br \/>Secondo un prospettiva di analisi ed interpretazione, che ha avuto tra i suoi<br \/>sostenitori anche Carlo Maria Martini,<br \/>\u2022 MARCO \u00e8 il testo per coloro che entrano per la prima volta in rapporto con la<br \/>fede nel Dio di Ges\u00f9 Cristo e vengono spesso da una cultura non religiosa;<br \/>\u2022 MATTEO \u00e8 il testo per chi viene sovente da una cultura religiosa tradizionale<br \/>ed \u00e8 sensibile alla ricerca della giustizia;<br \/>\u2022 LUCA \u00e8 il testo per persone che vengono da varie ispirazioni e culturali e<br \/>sono sensibili all\u2019attenzione a chi \u00e8 povero ed emarginato e ad una prospettiva<br \/>universale della fede cristiana;<br \/>\u2022 GIOVANNI \u00e8 il testo per chi \u00e8 alla ricerca di una sintesi essenziale della fede<br \/>cristiana, a confronto con culture diverse, da quella giudaica a quelle pagane.<br \/>\u2022 ATTI DEGLI APOSTOLI sono il testo che narra gli effetti dell\u2019annuncio del<br \/>Vangelo di Ges\u00f9 Cristo dalla generazione del Nazareno alle due successive dalla<br \/>Palestina al bacino centrale del Mediterraneo4.<br \/>\u00a0\u00a0\u00a0\u00a0 Ai volumi qui indicati sono variamente collegati <strong>corsi online di lettura<\/strong> dei<br \/>libri neotestamentari citati, disponibili visitando il <strong>canale youtube \u201cAssociazione<\/strong><br \/><strong>Biblica della Svizzera Italiana\u201d<\/strong>, oppure <strong>momenti di introduzione alla lettura dei<\/strong><br \/><strong>libri biblici citati<\/strong> raggiungibili tramite i seguenti links:<br \/><br \/><strong>Marco:<\/strong> https:\/\/youtu.be\/N8qucTMqk0k<\/p> <p style=\"text-align: left;\"><strong>Matteo:<\/strong> https:\/\/youtu.be\/AxCUcKqQ3XM<\/p> <p style=\"text-align: left;\"><strong>Luca:<\/strong> https:\/\/youtu.be\/1I43KW99Gy0<\/p> <p style=\"text-align: left;\"><strong>Giovanni:<\/strong> https:\/\/youtu.be\/UsAVH42V6Ok<\/p> <p style=\"text-align: left;\"><strong>Atti degli Apostoli:<\/strong> https:\/\/www.youtube.com\/live\/tO9nZt7Lpsg?si=XE-<br \/>eStPgTFjWI3ve<\/p> <p style=\"text-align: left;\"><br \/><em>Per ogni informazione circa questo progetto, ci si rivolga pure a:<\/em> <strong>info@absi.ch<\/strong><\/p> <hr \/> <p>1 Per cultura intendiamo (cfr., per es., Vocabolario della lingua italiana, II, Istituto<br \/>dell\u2019Enciclopedia Italiana, Roma 1987, pp. 1026-1027) l\u2019insieme delle cognizioni intellettuali che,<br \/>acquisite attraverso lo studio, la lettura, l\u2019esperienza, l\u2019influenza dell\u2019ambiente e rielaborate in<br \/>modo soggettivo e autonomo diventano elemento costitutivo della personalit\u00e0, contribuendo ad<br \/>arricchire lo spirito, a sviluppare o migliorare le facolt\u00e0 individuali, specialmente la capacit\u00e0 di<br \/>giudizio. La cultura, se \u00e8 autentica, costruisce l\u2019esistenza in termini di apertura di mente e di cuore,<br \/>insomma di vita. E, in questo quadro, appare credibile quanto risulta degno di fiducia non in<br \/>astratto, ma nella concretezza di ogni giorno. I vangeli canonici sono dei terreni significativi in<br \/>questa prospettiva.<\/p> <p>2 L\u2019ideatore e curatore dell\u2019intero progetto \u00e8 stato <strong>Ernesto Borghi<\/strong>, biblista cattolico (docente<br \/>universitario di materie bibliche dal 1992, attualmente professore invitato all\u2019ISSR \u201cGuardini\u201d di<br \/>Trento e alla Facolt\u00e0 Teologica di Napoli, sez. san Tommaso d\u2019Aquino, coordinatore della<br \/>Formazione Biblica nella Diocesi di Lugano e dell\u2019area Europa del Sud e dell\u2019Ovest della<br \/>Federazione Biblica Cattolica).<br \/>Ecco, in ordine alfabetico, l\u2019elenco delle esperte ed esperti che hanno collaborato ad uno o pi\u00f9<br \/>volumi secondo le loro competenze e possibilit\u00e0: <strong>Fran\u00e7ois-Xavier Amherdt<\/strong>, presbitero e teologo<br \/>cattolico (Universit\u00e0 di Fribourg); S<strong>ilvio Barbaglia,<\/strong> presbitero e biblista cattolico (Studio Teologico di Novara), <strong>Elena Lea Bartolini De Angeli<\/strong>, giudaista ebrea (ISSR di Milano\/Limec di<br \/>Milano); <strong>Guido Benzi<\/strong>, presbitero e biblista cattolico (Universit\u00e0 Salesiana di Roma); <strong>Carlo<\/strong><br \/><strong>Broccardo<\/strong>, presbitero e biblista cattolico (Facolt\u00e0 Teologica del Triveneto di Padova); <strong>Emanuela<\/strong><br \/><strong>Buccioni,<\/strong> biblista cattolica (ISSR di Arezzo); <strong>Elena Chiamenti,<\/strong> biblista cattolica; <strong>Luigi Cuonzo<\/strong>,<br \/>diacono permanente e teologo (Lanciano\/CH); <strong>Stefania De Vito<\/strong>, biblista cattolica (Universit\u00e0<br \/>Gregoriana di Roma \/ LUMSA di Roma), <strong>Giuseppe De Virgilio<\/strong>, presbitero e biblista cattolico<br \/>(Universit\u00e0 della Santa Croce di Roma); <strong>Gaetano Di Palma<\/strong>, presbitero e biblista cattolico (Facolt\u00e0<br \/>Teologica di Napoli, sez. san Tommaso d\u2019Aquino); <strong>Stefano Dolfini<\/strong>, docente di religione cattolico<br \/>(Milano); <strong>Nicoletta Gatti<\/strong>, biblista cattolica (Universit\u00e0 di Stato del Ghana); <strong>Fabrizio Filiberti<\/strong>,<br \/>biblista cattolico; <strong>Adrian Graffy<\/strong>, presbitero e biblista cattolico (Pontificia Commissione Biblica di<br \/>Roma); <strong>Roberto Geroldi<\/strong>, presbitero e biblista cattolico; Luciano Locatelli, presbitero e biblista<br \/>cattolico; <strong>Alberto Maggi<\/strong>, presbitero e biblista cattolico; <strong>Lidia Maggi<\/strong>, pastora e biblista battista;<br \/><strong>Cesare Marcheselli Casale<\/strong>, presbitero e biblista cattolico (em. Facolt\u00e0 Teologica di Napoli, sez.<br \/>san Tommaso d\u2019Aquino); <strong>Mariarita Marenco<\/strong>, biblista cattolica (Facolt\u00e0 Teologica di Torino \/<br \/>Universit\u00e0 Salesiana di Torino); <strong>Carmine Matarazzo<\/strong>, teologo cattolico (Facolt\u00e0 Teologica di<br \/>Napoli, sez. san Tommaso d\u2019Aquino); <strong>Giorgio Jossa<\/strong>, storico delle origini cristiane cattolico (em.<br \/>Universit\u00e0 \u201cFederico II\u201d di Napoli);<strong> George Ossom-Batsa<\/strong>, presbitero e biblista cattolico<br \/>(Universit\u00e0 di Stato del Ghana); <strong>Giulio Michelini<\/strong>, presbitero e biblista cattolico (Studio Teologico<br \/>di Assisi); <strong>Francesco Mosetto<\/strong>, presbitero e biblista cattolico (em. Universit\u00e0 Salesiana di Torino);<br \/><strong>Eric Noffke<\/strong>, pastore e biblista metodista (Facolt\u00e0 Valdese di Teologia di Roma), <strong>Lorella Parente<\/strong>,<br \/>teologa cattolica (ISSR \u201cSan Matteo\u201d di Salerno); <strong>Renzo Petraglio<\/strong>, biblista ed antichista cattolico;<br \/><strong>Giorgio Sgubbi<\/strong>, presbitero e teologo cattolico (Facolt\u00e0 Teologica dell\u2019Emilia Romagnadi<br \/>Bologna); <strong>Luciano Zappella<\/strong>, biblista valdese; <strong>Angelo Reginato<\/strong>, biblista battista; <strong>Stefano Zeni<\/strong>,<br \/>presbitero e biblista cattolico (ISSR \u201cGuardini\u201d di Trento); <strong>Giorgio Zevini<\/strong>, presbitero e biblista<br \/>cattolico (em. Universit\u00e0 Salesiana di Roma); <strong>Stefano Zuff<\/strong>i, storico dell\u2019arte cattolico.<br \/>Sono stati coinvolti, in quanto prefatori o postfatori dei volumi:<strong> Claudio G. Bottini<\/strong>, presbitero e<br \/>biblista cattolico (em. Studio Biblico Francescano di Gerusalemme); <strong>Gaetano Castello<\/strong>, presbitero<br \/>e biblista cattolico (Facolt\u00e0 Teologica di Napoli, sez. san Tommaso d\u2019Aquino); <strong>Bruno Maggioni<\/strong>,<br \/>presbitero e biblista cattolico (Facolt\u00e0 Teologica di Milano \/ Seminario di Como); <strong>Daniel<\/strong><br \/><strong>Marguerat<\/strong>, pastore e biblista riformato (Universit\u00e0 di Lausanne); <strong>Marinella Perron<\/strong>i, biblista<br \/>cattolica (em. Ateneo S. Anselmo di Roma); <strong>Mauro Pesce<\/strong>, biblista em. Universit\u00e0 degli Studi di<br \/>Bologna); <strong>Paolo Ricca<\/strong>, teologo valdese (em. Facolt\u00e0 Valdese di Teologia di Roma).<\/p> <p>3 <em>Prefazione<\/em>, in ABSI, <em>MARCO. Nuova traduzione ecumenica commentata,<\/em> Edizioni Terra Santa,<br \/>Milano 2017, p. 6<\/p> <p>4 Accanto a questo volume, in termini complementari segnaliamo il libro di E. Borghi, <em>Verso la<\/em><br \/><em>verit\u00e0 della Chiesa. Leggere gli Atti degli Apostoli oggi<\/em>, pubblicato sempre dalle Edizioni<br \/>Terrasanta di Milano nell\u2019aprile 2024.<\/p> <p>\u00a0<\/p> <p><a href=\"https:\/\/absi.ch\/new\/wp-content\/uploads\/2024\/05\/ABSI.Leggere-i-vangeli-per-la-vita-di-tutti.pdf\" target=\"_blank\" rel=\"noopener\"><em>&gt; testo progetto (pdf)<\/em><\/a><\/p>","_links":{"self":[{"href":"https:\/\/absi.ch\/new\/wp-json\/wp\/v2\/posts\/18782","targetHints":{"allow":["GET"]}}],"collection":[{"href":"https:\/\/absi.ch\/new\/wp-json\/wp\/v2\/posts"}],"about":[{"href":"https:\/\/absi.ch\/new\/wp-json\/wp\/v2\/types\/post"}],"author":[{"embeddable":true,"href":"https:\/\/absi.ch\/new\/wp-json\/wp\/v2\/users\/1"}],"replies":[{"embeddable":true,"href":"https:\/\/absi.ch\/new\/wp-json\/wp\/v2\/comments?post=18782"}],"version-history":[{"count":7,"href":"https:\/\/absi.ch\/new\/wp-json\/wp\/v2\/posts\/18782\/revisions"}],"predecessor-version":[{"id":18791,"href":"https:\/\/absi.ch\/new\/wp-json\/wp\/v2\/posts\/18782\/revisions\/18791"}],"wp:featuredmedia":[{"embeddable":true,"href":"https:\/\/absi.ch\/new\/wp-json\/wp\/v2\/media\/18783"}],"wp:attachment":[{"href":"https:\/\/absi.ch\/new\/wp-json\/wp\/v2\/media?parent=18782"}],"wp:term":[{"taxonomy":"category","embeddable":true,"href":"https:\/\/absi.ch\/new\/wp-json\/wp\/v2\/categories?post=18782"},{"taxonomy":"post_tag","embeddable":true,"href":"https:\/\/absi.ch\/new\/wp-json\/wp\/v2\/tags?post=18782"}],"curies":[{"name":"wp","href":"https:\/\/api.w.org\/{rel}","templated":true}]}}