{"id":19021,"date":"2024-10-25T02:00:18","date_gmt":"2024-10-25T00:00:18","guid":{"rendered":"https:\/\/absi.ch\/new\/?p=19021"},"modified":"2024-10-25T02:06:50","modified_gmt":"2024-10-25T00:06:50","slug":"gustavo-gutierrez-credere-in-dio-per-liberare-ogni-essere-umano","status":"publish","type":"post","link":"https:\/\/absi.ch\/new\/2024\/10\/gustavo-gutierrez-credere-in-dio-per-liberare-ogni-essere-umano\/","title":{"rendered":"GUSTAVO GUTIERREZ: CREDERE IN DIO PER LIBERARE OGNI ESSERE UMANO"},"content":{"rendered":"<div id=\"themify_builder_content-19021\" data-postid=\"19021\" class=\"themify_builder_content themify_builder_content-19021 themify_builder\">\n    \t<!-- module_row -->\n\t<div  class=\"themify_builder_row module_row clearfix module_row_1 themify_builder_19021_row module_row_19021-1 tb_we6c620\">\n\t    \t    <div class=\"row_inner col_align_top\" >\n\t\t\t<div  class=\"module_column tb-column col-full first tb_19021_column module_column_0 module_column_19021-1-0 tb_uufm621\">\n\t    \t    \t        <div class=\"tb-column-inner\">\n\t\t    <!-- module text -->\n<div  class=\"module module-text tb_e9mr630    \">\n            <div  class=\"tb_text_wrap\">\n    <p>\u00a0<\/p>\n<p><a href=\"https:\/\/absi.ch\/new\/wp-content\/uploads\/2024\/10\/Gutierrez.jpg\"><img loading=\"lazy\" decoding=\"async\" class=\" wp-image-19022 aligncenter\" src=\"https:\/\/absi.ch\/new\/wp-content\/uploads\/2024\/10\/Gutierrez.jpg\" alt=\"\" width=\"534\" height=\"299\" srcset=\"https:\/\/absi.ch\/new\/wp-content\/uploads\/2024\/10\/Gutierrez.jpg 300w, https:\/\/absi.ch\/new\/wp-content\/uploads\/2024\/10\/Gutierrez-200x112.jpg 200w\" sizes=\"auto, (max-width: 534px) 100vw, 534px\" \/><\/a><\/p>\n<p>\u00a0<\/p>\n<div>Nella giornata di marted\u00ec 22 ottobre \u00e8 morto Gustavo Gutierrez, teologo peruviano nato nel 1928, uno dei padri della Teologia della liberazione, uomo coraggioso, mite, colto e capace di dare speranza a tante persone da un capo all&#8217;altro del Pianeta. A 78 anni, per difendersi dalla &#8220;persecuzione&#8221; sostanziale di cui era stato fatto oggetto dall&#8217;arcivescovo di Lima dell&#8217;epoca, chiese di entrare nell&#8217;ordine dei domenicani. Leggere le sue opere pu\u00f2 essere una grande occasione per comprenderne la rilevanza costante evidente e per andare al di l\u00e0 di qualsiasi pregiudizio ideologico nei confronti della prospettiva teologica e antropologica dalla quale egli part\u00ec nella sua opera articolandola per decenni con lucidit\u00e0 ed intensit\u00e0.<\/div>\n<div>Ho conosciuto personalmente Gutierrez, che aveva scritto la prefazione al mio volume del 2000 &#8220;La responsabilit\u00e0 della gioia&#8221; e che ho incontrato l&#8217;ultima volta nel 2013 al Festival della Letteratura di Mantova. Chi volesse avere qualche informazione diretta su questa grande figura della teologia cristiana del XX e XXI secolo, ascolti pure la conferenza che offrii su di lui presso l&#8217;Associazione Culturale &#8220;Rosmini&#8221; di Trento lo scorso 18 giugno 2024:\u00a0<strong>https:\/\/youtu.be\/GWcKl84D13Y?si=RhWzd6IGBS2rfpr3<\/strong><\/div>\n<p><br \/>Ernesto Borghi<\/p>    <\/div>\n<\/div>\n<!-- \/module text -->\n\t        <\/div>\n\t    \t<\/div>\n\t\t    <\/div>\n\t    <!-- \/row_inner -->\n\t<\/div>\n\t<!-- \/module_row -->\n\t<\/div>\n\n","protected":false},"excerpt":{"rendered":"<p>\u00a0 \u00a0 Nella giornata di marted\u00ec 22 ottobre \u00e8 morto Gustavo Gutierrez, teologo peruviano nato nel 1928, uno dei padri della Teologia della liberazione, uomo coraggioso, mite, colto e capace di dare speranza a tante persone da un capo all&#8217;altro del Pianeta. A 78 anni, per difendersi dalla &#8220;persecuzione&#8221; sostanziale di cui era stato fatto [&hellip;]<\/p>\n","protected":false},"author":1,"featured_media":19022,"comment_status":"closed","ping_status":"open","sticky":false,"template":"","format":"standard","meta":{"footnotes":""},"categories":[171,68],"tags":[],"class_list":["post-19021","post","type-post","status-publish","format-standard","has-post-thumbnail","hentry","category-news","category-notizie","has-post-title","no-post-date","has-post-category","has-post-tag","has-post-comment","has-post-author",""],"builder_content":"<p>\u00a0<\/p> <p><a href=\"https:\/\/absi.ch\/new\/wp-content\/uploads\/2024\/10\/Gutierrez.jpg\"><img loading=\"lazy\" decoding=\"async\" src=\"https:\/\/absi.ch\/new\/wp-content\/uploads\/2024\/10\/Gutierrez.jpg\" alt=\"\" width=\"534\" height=\"299\" srcset=\"https:\/\/absi.ch\/new\/wp-content\/uploads\/2024\/10\/Gutierrez.jpg 300w, https:\/\/absi.ch\/new\/wp-content\/uploads\/2024\/10\/Gutierrez-200x112.jpg 200w\" sizes=\"auto, (max-width: 534px) 100vw, 534px\" \/><\/a><\/p> <p>\u00a0<\/p> Nella giornata di marted\u00ec 22 ottobre \u00e8 morto Gustavo Gutierrez, teologo peruviano nato nel 1928, uno dei padri della Teologia della liberazione, uomo coraggioso, mite, colto e capace di dare speranza a tante persone da un capo all'altro del Pianeta. A 78 anni, per difendersi dalla \"persecuzione\" sostanziale di cui era stato fatto oggetto dall'arcivescovo di Lima dell'epoca, chiese di entrare nell'ordine dei domenicani. Leggere le sue opere pu\u00f2 essere una grande occasione per comprenderne la rilevanza costante evidente e per andare al di l\u00e0 di qualsiasi pregiudizio ideologico nei confronti della prospettiva teologica e antropologica dalla quale egli part\u00ec nella sua opera articolandola per decenni con lucidit\u00e0 ed intensit\u00e0. Ho conosciuto personalmente Gutierrez, che aveva scritto la prefazione al mio volume del 2000 \"La responsabilit\u00e0 della gioia\" e che ho incontrato l'ultima volta nel 2013 al Festival della Letteratura di Mantova. Chi volesse avere qualche informazione diretta su questa grande figura della teologia cristiana del XX e XXI secolo, ascolti pure la conferenza che offrii su di lui presso l'Associazione Culturale \"Rosmini\" di Trento lo scorso 18 giugno 2024:\u00a0<strong>https:\/\/youtu.be\/GWcKl84D13Y?si=RhWzd6IGBS2rfpr3<\/strong> <p><br \/>Ernesto Borghi<\/p>","_links":{"self":[{"href":"https:\/\/absi.ch\/new\/wp-json\/wp\/v2\/posts\/19021","targetHints":{"allow":["GET"]}}],"collection":[{"href":"https:\/\/absi.ch\/new\/wp-json\/wp\/v2\/posts"}],"about":[{"href":"https:\/\/absi.ch\/new\/wp-json\/wp\/v2\/types\/post"}],"author":[{"embeddable":true,"href":"https:\/\/absi.ch\/new\/wp-json\/wp\/v2\/users\/1"}],"replies":[{"embeddable":true,"href":"https:\/\/absi.ch\/new\/wp-json\/wp\/v2\/comments?post=19021"}],"version-history":[{"count":5,"href":"https:\/\/absi.ch\/new\/wp-json\/wp\/v2\/posts\/19021\/revisions"}],"predecessor-version":[{"id":19027,"href":"https:\/\/absi.ch\/new\/wp-json\/wp\/v2\/posts\/19021\/revisions\/19027"}],"wp:featuredmedia":[{"embeddable":true,"href":"https:\/\/absi.ch\/new\/wp-json\/wp\/v2\/media\/19022"}],"wp:attachment":[{"href":"https:\/\/absi.ch\/new\/wp-json\/wp\/v2\/media?parent=19021"}],"wp:term":[{"taxonomy":"category","embeddable":true,"href":"https:\/\/absi.ch\/new\/wp-json\/wp\/v2\/categories?post=19021"},{"taxonomy":"post_tag","embeddable":true,"href":"https:\/\/absi.ch\/new\/wp-json\/wp\/v2\/tags?post=19021"}],"curies":[{"name":"wp","href":"https:\/\/api.w.org\/{rel}","templated":true}]}}