{"id":19137,"date":"2025-01-01T01:50:31","date_gmt":"2025-01-01T00:50:31","guid":{"rendered":"https:\/\/absi.ch\/new\/?p=19137"},"modified":"2025-01-01T01:58:08","modified_gmt":"2025-01-01T00:58:08","slug":"eucharistie-1-janvier-2025","status":"publish","type":"post","link":"https:\/\/absi.ch\/new\/2025\/01\/eucharistie-1-janvier-2025\/","title":{"rendered":"Eucharistie: 1 janvier 2025"},"content":{"rendered":"<div id=\"themify_builder_content-19137\" data-postid=\"19137\" class=\"themify_builder_content themify_builder_content-19137 themify_builder\">\n    \t<!-- module_row -->\n\t<div  class=\"themify_builder_row module_row clearfix module_row_1 themify_builder_19137_row module_row_19137-1 tb_0j3v325\">\n\t    \t    <div class=\"row_inner col_align_top\" >\n\t\t\t<div  class=\"module_column tb-column col-full first tb_19137_column module_column_0 module_column_19137-1-0 tb_84qy326\">\n\t    \t    \t        <div class=\"tb-column-inner\">\n\t\t    <!-- module text -->\n<div  class=\"module module-text tb_vzre336    \">\n            <div  class=\"tb_text_wrap\">\n    <p>Solennit\u00e9 : Sainte Marie, M\u00e8re de Dieu et Journ\u00e9e mondiale de la paix<\/p>\n<p>\u00a0<\/p>\n<h3><strong>\u00ab\u00a0Marie, elle vient de la terre, elle donne son fruit\u00a0: le prince de la paix\u00a0\u00bb <br \/>(saint J\u00e9r\u00f4me)<\/strong><\/h3>\n<p>\u00a0<\/p>\n<h5>Premi\u00e8re lecture<\/h5>\n<p><em>La premi\u00e8re lecture est une page du livre des Nombres, un livre qu\u2019on lit rarement dans la liturgie. En h\u00e9breu, ce livre porte le titre \u201cBemidbar\u201d, c\u2019est-\u00e0-dire \u201cAu d\u00e9sert\u201d. En effet, il raconte l\u2019histoire d\u2019Isra\u00ebl depuis la sortie de l\u2019\u00c9gypte et pendant la travers\u00e9e du d\u00e9sert, sous la conduite de Mo\u00efse.<\/em><\/p>\n<p><em>Le d\u00e9sert est une situation dans laquelle une personne est faible et sans protection, impuissante, confront\u00e9e aux \u00e9preuves les plus dures, une situation dans laquelle elle risque continuellement sa vie. Et pourtant\u2026 ce livre situe au d\u00e9sert la b\u00e9n\u00e9diction de Dieu pour son peuple.<\/em><\/p>\n<p><em>Dans cette b\u00e9n\u00e9diction (vv. 24-26), nous avons trois phrases, de plus en plus longues\u00a0: en h\u00e9breu 3 mots, puis 5, puis 7. Et le dernier mot, \u00ab\u00a0paix\u00a0\u00bb &#8211; en h\u00e9breu \u00ab\u00a0shalom\u00a0\u00bb &#8211; r\u00e9sume tout le contenu de la b\u00e9n\u00e9diction parce qu\u2019il implique paix, joie, bien-\u00eatre<a href=\"#_ftn1\" name=\"_ftnref1\"><strong>[1]<\/strong><\/a>. Quant au peuple, il est interpell\u00e9 \u00e0 la deuxi\u00e8me personne du singulier, comme un \u201ctu\u201d, comme une seule personne. Derri\u00e8re ce d\u00e9tail, l\u2019id\u00e9e est \u00e9vidente\u00a0: pour s\u2019ouvrir \u00e0 la b\u00e9n\u00e9diction de Dieu, on ne peut pas s\u2019isoler, on doit travailler ensemble, rechercher &#8211; \u00e0 travers nos diversit\u00e9s &#8211; l\u2019unit\u00e9, une communaut\u00e9 unie et solidaire.<\/em><\/p>\n<p><em>Encore une derni\u00e8re remarque. Apr\u00e8s les mots de la b\u00e9n\u00e9diction, le verset 27 dit que les fils d\u2019Aaron placeront le nom de Dieu sur les fils d\u2019Isra\u00ebl. Ils apposent le nom de Dieu comme une signature, comme un cachet qui marque l\u2019appartenance de chaque personne \u00e0 Dieu et \u00e0 son peuple. Cette appartenance, ce \u201coui\u201d dit \u00e0 Dieu est la condition, pour chacun et chacune de nous, pour accueillir la b\u00e9n\u00e9diction divine. S\u2019il y a ce \u201coui\u201d de la part des croyant(e)s, \u00ab\u00a0moi, je les b\u00e9nirai\u00a0\u00bb (v. 27).<\/em><\/p>\n<p>\u00a0<\/p>\n<p><strong>Lecture du livre des Nombres (6,22-27)<\/strong><\/p>\n<p><sup>22<\/sup> Et parla, Yahv\u00e9h, \u00e0 Mo\u00efse en disant\u00a0:<\/p>\n<p><sup>23<\/sup> \u00ab\u00a0Parle \u00e0 Aaron et \u00e0 ses fils et dis-leur\u00a0:<\/p>\n<p>Ainsi vous b\u00e9nirez les fils d\u2019Isra\u00ebl, vous leur direz\u00a0:<\/p>\n<p><sup>24<\/sup> \u201cQue Yahv\u00e9h te b\u00e9nisse et qu\u2019il prenne soin de toi\u00a0!<\/p>\n<p><sup>25<\/sup> Que Yahv\u00e9h fasse briller sur toi son visage et qu\u2019il t\u2019accorde sa gr\u00e2ce\u00a0!<\/p>\n<p><sup>26<\/sup> Que Yahv\u00e9h tourne vers toi son visage et place en toi la paix\u00a0!\u201d.<\/p>\n<p><sup>27<\/sup> Ainsi ils placeront mon nom sur les fils d\u2019Isra\u00ebl, et moi, je les b\u00e9nirai\u00a0\u00bb.<\/p>\n<p><strong>Parole du Seigneur.<\/strong><\/p>\n<p>\u00a0<\/p>\n<h5>Psaume<\/h5>\n<p><em>Avec le psaume 67, nous sommes, tr\u00e8s probablement, entre les ann\u00e9es 522 et 486, au temps de Darius Premier, roi de Perse. Ce souverain favorisait la reconstruction du temple de J\u00e9rusalem et permettait, dans tout l\u2019Orient, de vivre une p\u00e9riode de paix<a href=\"#_ftn2\" name=\"_ftnref2\"><strong>[2]<\/strong><\/a>. C\u2019est dans ce climat de paix qu\u2019un po\u00e8te compose le psaume 67, un petit bijou &#8211; 53 mots en h\u00e9breu &#8211; pour chanter Dieu qui intervient, comme lumi\u00e8re, pour la terre enti\u00e8re et pour tous les peuples.<\/em><\/p>\n<p><em>De ce psaume, nous allons lire trois strophes. Dans la premi\u00e8re (vv. 2-3) et dans la derni\u00e8re strophe (vv. 6.8), le po\u00e8te invoque la b\u00e9n\u00e9diction de Dieu (vv. 2.8). Dans sa requ\u00eate, le po\u00e8te revient sur le livre des Nombres, en particulier sur trois invocations que nous avons \u00e9cout\u00e9es dans la premi\u00e8re lecture\u00a0: \u00ab\u00a0Que Dieu nous accorde sa gr\u00e2ce et nous b\u00e9nisse, qu\u2019il fasse briller son visage parmi nous\u00a0\u00bb (v. 2. cf. No 6,25b. 24a.25a). En effet, un visage lumineux, un visage souriant, c\u2019est le visage d\u2019une personne heureuse de te voir, de t\u2019accueillir, de t\u2019aider<a href=\"#_ftn3\" name=\"_ftnref3\"><strong>[3]<\/strong><\/a>. Voil\u00e0 Dieu, le Dieu que le po\u00e8te nous invite \u00e0 chanter.<\/em><\/p>\n<p><em>Toujours dans la premi\u00e8re et dans la derni\u00e8re strophe, il faut remarquer une perspective universelle\u00a0: que Dieu soit \u00ab\u00a0connu\u00a0\u00bb (v. 3) aussi par toutes les nations, que les peuples \u00ab\u00a0te rendent gr\u00e2ce, tous ensemble\u00a0\u00bb (v. 6), que tous les peuples puissent mettre leur \u00ab\u00a0confiance\u00a0\u00bb (v. 8) en lui.<\/em><\/p>\n<p><em>Quant \u00e0 la strophe centrale (v. 5), elle donne aux peuples une motivation pour louer<\/em> <em>Dieu\u00a0<\/em>: <em>\u00ab tu gouvernes les peuples avec droiture, et les peuplades sur la terre, tu les conduis\u00a0\u00bb. Et le verbe \u2018conduire\u2019 sugg\u00e8re fr\u00e9quemment l\u2019id\u00e9e de Dieu comme le berger qui prend soin de ses brebis. L\u2019\u2019action de Dieu qui gouverne avec droiture pousse les peuples \u00e0 se r\u00e9jouir et \u00e0 crier de joie. Et le pluriel \u00ab\u00a0les peuples\u00a0\u00bb, \u00ab\u00a0les peuplades\u00a0\u00bb fait tomber toutes les barri\u00e8res et souligne que l\u2019action de Dieu n\u2019a pas de limites ethniques et religieuses. <\/em><\/p>\n<p><em>Bref. Le psaume est une invitation \u00e0 nous ouvrir, \u00e0 devenir une communaut\u00e9 toujours plus ouverte. Dieu n\u2019est pas seulement notre Dieu. Nous pouvons l\u2019appeler \u00ab\u00a0notre Dieu\u00a0\u00bb (v. 7) seulement si nous sommes capables de reconna\u00eetre que Dieu aime aussi les autres, tous et toutes, tout pr\u00e8s de nous et jusqu\u2019\u00e0 \u00ab\u00a0toutes les extr\u00e9mit\u00e9s de la terre\u00a0\u00bb (v. 8).<\/em><\/p>\n<p><em>En nous laissant conduire par la b\u00e9n\u00e9diction de Dieu qui nous ouvre vers les autres, nous pouvons faire du d\u00e9but du psaume notre refrain :<\/em><\/p>\n<p><strong>Que Dieu nous accorde sa gr\u00e2ce<\/strong><\/p>\n<p><strong>et qu\u2019il nous b\u00e9nisse.<br \/><br \/><\/strong><\/p>\n<p><strong>Psaume 67 (versets 2-3. 5. 6.8)<\/strong><\/p>\n<p><sup>2<\/sup> Que Dieu nous accorde sa gr\u00e2ce et nous <u>b\u00e9nisse<\/u>,<\/p>\n<p>qu\u2019il fasse briller son visage parmi nous.<\/p>\n<p><sup>3<\/sup> Que soit connu sur la terre ton chemin,<\/p>\n<p>et dans toutes les nations ton salut.<\/p>\n<p><em><u>Refr<\/u><\/em><strong><em>.\u00a0:\u00a0 <\/em><\/strong><strong>Que Dieu nous accorde sa gr\u00e2ce<\/strong><\/p>\n<p><strong>et qu\u2019il nous b\u00e9nisse.<\/strong><\/p>\n<p>\u00a0<\/p>\n<p><sup>5<\/sup> Qu\u2019elles se r\u00e9jouissent<\/p>\n<p>et qu\u2019elles crient de joie les peuplades,<\/p>\n<p>car tu gouvernes les peuples avec droiture,<\/p>\n<p>et les peuplades sur la terre, tu les conduis.<\/p>\n<p><em><u>Refr<\/u><\/em><strong><em>.\u00a0:\u00a0 <\/em><\/strong><strong>Que Dieu nous accorde sa gr\u00e2ce<\/strong><\/p>\n<p><strong>et qu\u2019il nous b\u00e9nisse.<\/strong><\/p>\n<p><strong>\u00a0<\/strong><\/p>\n<p><sup>6 <\/sup>Que les peuples te rendent gr\u00e2ce, Dieu,<\/p>\n<p>que les peuples te rendent gr\u00e2ce, tous ensemble.<\/p>\n<p><sup>8<\/sup> Oui, que Dieu nous <u>b\u00e9nisse<\/u>,<\/p>\n<p>et que toutes les extr\u00e9mit\u00e9s de la terre mettent en lui leur confiance.<\/p>\n<p><em><u>Refr<\/u><\/em><strong><em>.\u00a0:\u00a0 <\/em><\/strong><strong>Que Dieu nous accorde sa gr\u00e2ce<\/strong><\/p>\n<p><strong>et qu\u2019il nous b\u00e9nisse.<\/strong><\/p>\n<p>\u00a0<\/p>\n<h5>Deuxi\u00e8me lecture<\/h5>\n<p><em>La Galatie \u00e9tait une province romaine situ\u00e9e sur le haut plateau de l\u2019Anatolie, l\u2019actuelle Turquie. Aux pa\u00efens de cette r\u00e9gion, Paul a annonc\u00e9 l\u2019\u00e9vangile. La r\u00e9action a \u00e9t\u00e9 intense\u00a0: la vie des Galates a chang\u00e9 radicalement<a href=\"#_ftn4\" name=\"_ftnref4\"><strong>[4]<\/strong><\/a>\u00a0: ils ont accueilli Paul et le message qu\u2019il leur apportait. Mais plus tard, les Galates se sont laiss\u00e9 secouer par \u00ab\u00a0certaines personnes\u00a0\u00bb (1,7)<a href=\"#_ftn5\" name=\"_ftnref5\"><strong>[5]<\/strong><\/a> tr\u00e8s li\u00e9es \u00e0 la tradition juive. C\u2019est ainsi que les Galates risquent de tourner les \u00e9paules au Christ en pensant que le salut n\u2019est pas un don du Christ mais le r\u00e9sultat d\u2019une ob\u00e9issance m\u00e9ticuleuse \u00e0 la loi juive.<\/em><\/p>\n<p><em>Devant cette situation &#8211; nous sommes vers l\u2019ann\u00e9e 57<a href=\"#_ftn6\" name=\"_ftnref6\"><strong>[6]<\/strong><\/a> &#8211; Paul dicte sa lettre aux communaut\u00e9s de la Galatie et, ensuite, il la signe personnellement. A ces chr\u00e9tiens qui veulent abandonner J\u00e9sus pour suivre la tradition juive, Paul rappelle d\u2019abord l\u2019\u00e9v\u00e9nement fondamental de l\u2019histoire humaine\u00a0: \u00ab\u00a0Lorsque le temps d\u00e9cid\u00e9 par Dieu fut accompli, Dieu a envoy\u00e9 son Fils\u00a0\u00bb (v. 4). Et Paul souligne l\u2019humanit\u00e9 de J\u00e9sus\u00a0: \u00ab\u00a0Il est n\u00e9 d\u2019une femme\u00a0\u00bb (v. 4). Et ici c\u2019est le seul point &#8211; dans toutes ses lettres &#8211; o\u00f9 Paul \u00e9voque, sans la nommer, Marie, la maman de J\u00e9sus. Et, apr\u00e8s avoir mentionn\u00e9 la naissance humaine de J\u00e9sus, l\u2019ap\u00f4tre insiste\u00a0: J\u00e9sus \u00ab\u00a0a v\u00e9cu soumis \u00e0 la loi juive\u00a0\u00bb (v. 4).<\/em><\/p>\n<p><em>Mais cette insistance sur l\u2019humanit\u00e9 de J\u00e9sus et sa soumission \u00e0 la loi permet \u00e0 Paul de souligner le but\u00a0: J\u00e9sus, soumis \u00e0 la loi, \u00ab\u00a0est venu pour rendre la libert\u00e9 \u00e0 ceux qui vivent sous la loi\u00a0\u00bb (v. 5). Et cette libert\u00e9 rend les humains &#8211; qui \u00e9taient esclaves, enfants, fils et filles &#8211; comme le \u00ab\u00a0Fils\u00a0\u00bb. La cons\u00e9quence est l\u00e0\u00a0: au lieu de s\u2019engager pour vivre comme esclaves de la loi, \u00ab\u00a0l\u2019Esprit\u00a0\u00bb, qui a anim\u00e9 J\u00e9sus, nous permet de vivre notre relation \u00e0 Dieu un peu comme J\u00e9sus\u00a0: J\u00e9sus qui s\u2019adressait au P\u00e8re en lui disant \u00ab\u00a0Abba\u00a0\u00bb, litt\u00e9ralement \u00ab\u00a0papa\u00a0\u00bb<a href=\"#_ftn7\" name=\"_ftnref7\"><strong>[7]<\/strong><\/a>.<br \/><br \/><\/em><\/p>\n<p><strong>De la lettre de saint Paul ap\u00f4tre aux Galates (4,4-7)<br \/><\/strong>Fr\u00e8res, <sup>4<\/sup> lorsque le temps d\u00e9cid\u00e9 par Dieu fut accompli, Dieu a envoy\u00e9 son Fils. Il est n\u00e9 d\u2019une femme et il a v\u00e9cu soumis \u00e0 la loi juive. <sup>5 <\/sup>Il est venu pour rendre la libert\u00e9 \u00e0 ceux qui vivent sous la loi, et pour faire de nous des fils de Dieu. <sup>6<\/sup> Oui, vous \u00eates vraiment ses fils. La preuve, c\u2019est que Dieu a envoy\u00e9 dans nos c\u0153urs l\u2019Esprit de son Fils, l\u2019Esprit qui nous fait dire : \u00ab Abba ! Papa ! \u00bb <sup>7<\/sup> Donc, tu n\u2019es plus un esclave, mais un fils de Dieu. Et comme tu es son fils, Dieu te donnera l\u2019h\u00e9ritage qu\u2019il r\u00e9serve pour ses fils. Voil\u00e0 l\u2019\u0153uvre de Dieu.<\/p>\n<p><strong>Parole du Seigneur.<br \/><br \/><\/strong><\/p>\n<p><strong><em>All\u00e9luia. All\u00e9luia. <\/em><\/strong><\/p>\n<p><em>\u00c0 bien des reprises, Dieu, dans le pass\u00e9, a parl\u00e9 \u00e0 nos p\u00e8res par les proph\u00e8tes ;<\/em><\/p>\n<p><em>\u00e0 la fin, en ces jours o\u00f9 nous sommes, il nous a parl\u00e9 par son Fils.<\/em> (cf. <em>H\u00e9breux<\/em> 1,1-2)<\/p>\n<p><strong>All\u00e9luia.<\/strong><\/p>\n<p>\u00a0<\/p>\n<h5>\u00c9vangile<\/h5>\n<p><em>Au temps de J\u00e9sus et encore plus tard, le monde juif n\u2019appr\u00e9ciait pas les bergers. Il y avait des m\u00e9tiers qu\u2019un papa ne voulait absolument pas pour ses enfants\u00a0: parmi ces professions, il y avait le matelot, le berger, le boucher, le barbier, le tisserand, le collecteur d\u2019imp\u00f4ts et l\u2019usurier. Et un th\u00e9ologien du premier si\u00e8cle met &#8211; parmi les bons bergers &#8211; seulement Jacob, Mo\u00efse\u2026 et Dieu. Les autres bergers sont tous m\u00e9chants\u00a0: ils sont des hommes d\u00e9r\u00e9gl\u00e9s, livr\u00e9s \u00e0 leurs passions. Ils sont des ennemis publics, qui font pa\u00eetre leurs troupeaux dans le champ d\u2019autrui<a href=\"#_ftn8\" name=\"_ftnref8\"><strong>[8]<\/strong><\/a>.<\/em><\/p>\n<p><em>Et pourtant\u2026 l\u2019\u00c9vangile de ce matin nous pr\u00e9sente la naissance de J\u00e9sus pr\u00e9cis\u00e9ment pour les bergers. Luc nous raconte que ces personnes passaient la nuit en s\u2019occupant de leurs troupeaux. Mais cette nuit est lac\u00e9r\u00e9e par la lumi\u00e8re. C\u2019est la \u00ab\u00a0gloire\u00a0\u00bb m\u00eame du Seigneur qui les enveloppe de lumi\u00e8re (v. 9), lorsque l\u2019ange leur annonce la bonne nouvelle. Le message est tr\u00e8s pr\u00e9cis\u00a0: un Sauveur \u00ab\u00a0a \u00e9t\u00e9 engendr\u00e9 pour vous\u00a0\u00bb (v. 11).<\/em><\/p>\n<p><em>Dans la m\u00eame annonce, il y a aussi un autre d\u00e9tail\u00a0: \u00ab\u00a0Et voici le signe pour vous\u00a0: vous trouverez un nouveau-n\u00e9 couch\u00e9 dans une mangeoire\u00a0\u00bb (v. 12). Au fond\u00a0: le signe, pour les bergers, est un homme qui partage avec eux la m\u00eame condition\u00a0: l\u2019\u00e9table, la mangeoire.<\/em><\/p>\n<p><em>Et, dans la narration de Luc, les bergers, les marginalis\u00e9s, deviennent &#8211; \u00e0 leur tour &#8211; porteurs de l\u2019\u00e9vangile. Ce sont eux qui font conna\u00eetre &#8211; \u00e0 Marie, \u00e0 Joseph et aux autres &#8211; \u00ab\u00a0la nouvelle qui leur avait \u00e9t\u00e9 dite \u00e0 propos de cet enfant\u00a0\u00bb (v. 17).<\/em><\/p>\n<p><em>Et, \u00e0 la fin du r\u00e9cit, les bergers \u00ab repartirent, chantant la gloire et les louanges de Dieu\u00a0\u00bb (v. 20).<\/em><\/p>\n<p><em>Bref\u00a0: l\u2019\u00c9vangile de ce matin nous pr\u00e9sente J\u00e9sus comme celui qui est solidaire des bergers et des marginalis\u00e9(e)s, des personnes \u00e9cras\u00e9es, des pauvres. Voil\u00e0 l\u2019\u00c9glise, une \u00c9glise des pauvres et des derniers, comme Celui qui avait \u00e9t\u00e9 annonc\u00e9 aux pauvres<a href=\"#_ftn9\" name=\"_ftnref9\"><strong>[9]<\/strong><\/a>. <\/em><\/p>\n<p><em>Enfin, la derni\u00e8re phrase du r\u00e9cit mentionne la circoncision de J\u00e9sus. C\u2019est un peu comme Paul l\u2019avait soulign\u00e9 dans sa lettre\u00a0: J\u00e9sus n\u00e9 sous la loi. Et Luc, dans la suite de l\u2019\u00c9vangile, nous montrera comment J\u00e9sus va d\u00e9passer la loi pour nous apprendre que Dieu est P\u00e8re. <\/em><\/p>\n<p><em>C\u2019est ainsi que J\u00e9sus, solidaire avec nous dans nos faiblesses et nos exp\u00e9riences de marginalisation, ne peut que nous encourager<a href=\"#_ftn10\" name=\"_ftnref10\"><strong>[10]<\/strong><\/a> et nous aider \u00e0 vivre une relation diff\u00e9rente par rapport \u00e0 Dieu et \u00e0 devenir des hommes et des femmes de paix.<\/em><\/p>\n<p>\u00a0<\/p>\n<p><strong>\u00c9vangile de J\u00e9sus Christ selon saint Luc (2,16-21)<\/strong><\/p>\n<p><sup>\u00a0<\/sup><sup>16<\/sup> Les bergers all\u00e8rent en h\u00e2te (\u00e0 Bethl\u00e9em) et trouv\u00e8rent Marie, Joseph et le nouveau-n\u00e9 couch\u00e9 dans la mangeoire. <sup>17<\/sup> Apr\u00e8s avoir vu, ils firent conna\u00eetre la nouvelle qui leur avait \u00e9t\u00e9 dite \u00e0 propos de cet enfant. <sup>18<\/sup> Et tous ceux qui les entendirent furent \u00e9tonn\u00e9s de ce que leur disaient les bergers. <sup>19<\/sup> Quant \u00e0 Marie, elle retenait tous ces \u00e9v\u00e9nements et les m\u00e9ditait dans son c\u0153ur. <sup>20<\/sup> Et les bergers repartirent, chantant la gloire et les louanges de Dieu pour tout ce qu\u2019ils avaient entendu et vu, en accord avec ce qui leur avait \u00e9t\u00e9 annonc\u00e9.<\/p>\n<p><sup>21<\/sup> Et, quand huit jours furent accomplis, vint le moment de circoncire l\u2019enfant\u00a0; et on lui donna le nom de J\u00e9sus, comme l\u2019ange l\u2019avait indiqu\u00e9 \u00e0 Marie avant qu\u2019elle soit enceinte dans son ventre.<br \/><br \/><\/p>\n<p><strong>Acclamons la Parole de Dieu.<\/strong><\/p>\n<p>\u00a0<\/p>\n<h5>Pri\u00e8re d\u2019ouverture<br \/><br \/><\/h5>\n<p>Au-del\u00e0 des tourments de ce monde,<\/p>\n<p>au-del\u00e0 de ma propre angoisse tapie au fond du c\u0153ur,<\/p>\n<p>je veux me tourner vers toi, le Seigneur de la paix.<\/p>\n<p>Tu nous as dit\u00a0: \u00ab\u00a0Va te r\u00e9concilier avec ton fr\u00e8re<\/p>\n<p>avant de pr\u00e9senter ton offrande \u00e0 l\u2019autel\u00a0\u00bb.<\/p>\n<p>Mais alors, quand deux fr\u00e8res sont en paix,<\/p>\n<p>la guerre recule \u00e0 l\u2019horizon.<\/p>\n<p>Chr\u00e9tiens, nous te demandons<\/p>\n<p>de nous rendre responsables<\/p>\n<p>de la paix dans le monde.<\/p>\n<p>A commencer par notre propre paix int\u00e9rieure,<\/p>\n<p>au sein de notre famille, sur notre lieu de travail,<\/p>\n<p>dans nos \u00c9glises<a href=\"#_ftn11\" name=\"_ftnref11\">[11]<\/a>.<\/p>\n<p>[Michel Evdokimov, pr\u00eatre orthodoxe russe]<\/p>\n<p>\u00a0<\/p>\n<h5>Pri\u00e8re des fid\u00e8les<\/h5>\n<p>* Le livre des Nombres nous annonce la b\u00e9n\u00e9diction de Dieu. Mais, pour accueillir cette b\u00e9n\u00e9diction, nous &#8211; qui sommes son peuple &#8211; nous devons nous engager ensemble, comme une seule personne. C\u2019est pour cette communaut\u00e9 ainsi unie qu\u2019on pourra prier\u00a0: \u00ab\u00a0Que Yahv\u00e9h tourne vers toi son visage et place en toi la paix\u00a0!\u00a0\u00bb.<\/p>\n<p>* Le psaume nous invite \u00e0 te suivre, Seigneur, \u00e0 nous laisser conduire par toi. Car \u00ab\u00a0les peuplades sur la terre, tu les conduis\u00a0\u00bb, tu les conduis \u00ab\u00a0avec droiture\u00a0\u00bb, tu les conduis vers la paix. Intensifie donc, dans le c\u0153ur de chacune et de chacun de nous, la confiance en toi. Et la peur qui nous habite et nous paralyse perdra sa force.<\/p>\n<p>* La lettre aux Galates souligne fortement la n\u00e9cessit\u00e9 de laisser tomber, d\u00e9finitivement, l\u2019image d\u2019un dieu qui commande sur des esclaves. Dieu &#8211; le Dieu qui nous a envoy\u00e9 son Fils, Dieu dont Paul nous a parl\u00e9 &#8211; est celui qui nous aime, celui dans lequel nous pouvons mettre toute notre confiance comme un enfant dans son papa. C\u2019est cette confiance qui a permis \u00e0 Marie de nous donner son Fils.<\/p>\n<p>* L\u2019\u00c9vangile nous parle des bergers, des hommes aux marges de leur soci\u00e9t\u00e9. Dieu a pris soin d\u2019eux. Et, dans un enfant solidaire avec les bergers, un enfant dans une \u00e9table, dans une mangeoire, ils ont d\u00e9couvert un message qui leur a permis de se mettre en marche. Que cette d\u00e9couverte de J\u00e9sus comme solidaire avec nous dans notre marginalisation, puisse nous mettre en marche en chantant, \u00e0 travers notre vie et nos engagements, \u00ab\u00a0les louanges de Dieu\u00a0\u00bb.<\/p>\n<p><a href=\"https:\/\/absi.ch\/new\/wp-content\/uploads\/2025\/01\/1-janvier_2025-CJK.pdf\" target=\"_blank\" rel=\"noopener\"><em>&gt; testo (pdf)<\/em><\/a><\/p>\n<hr \/>\n<p><a href=\"#_ftnref1\" name=\"_ftn1\">[1]<\/a> Cf. P. Buis, <em>Le livre des Nombres<\/em>, dans <em>Cahiers \u00c9vangile 78<\/em>, Paris, 1981, p. 32.<\/p>\n<p><a href=\"#_ftnref2\" name=\"_ftn2\">[2]<\/a> Cf. E. Zenger, <em>Psalm 67<\/em>, dans F.-L. Hossfeld \u2013 E. Zenger, <em>Psalmen 51-100<\/em>, Herder, Freiburg &#8211; Basel &#8211; Wien, 2000, p. 240.<\/p>\n<p><a href=\"#_ftnref3\" name=\"_ftn3\">[3]<\/a> B. Maggioni, <em>Davanti a Dio. I salmi 1-75<\/em>, Vita e pensiero, Milano, 2001, p. 204.<\/p>\n<p><a href=\"#_ftnref4\" name=\"_ftn4\">[4]<\/a> Cf. G. Barbaglio, <em>Le lettere di Paolo. Traduzione e commento, vol. 2<\/em>, Borla, Roma, 1980, p. 13.<\/p>\n<p><a href=\"#_ftnref5\" name=\"_ftn5\">[5]<\/a> Sur ces \u00ab\u00a0certaines personnes\u00a0\u00bb, on peut lire F. Mussner, <em>Der Galaterbrief<\/em>, Herder, Freiburg. Basel. Wien, 1981, pp. 11-13.<\/p>\n<p><a href=\"#_ftnref6\" name=\"_ftn6\">[6]<\/a> Cf. G. Barbaglio, <em>Le lettere di Paolo. Traduzione e commento, vol. 2<\/em>, Borla, Roma, 1980, p. 28.<\/p>\n<p><a href=\"#_ftnref7\" name=\"_ftn7\">[7]<\/a> Cf. G. Barbaglio, <em>Le lettere di Paolo. Traduzione e commento, vol. 2<\/em>, Borla, Roma, 1980, p. 123.<\/p>\n<p><a href=\"#_ftnref8\" name=\"_ftn8\">[8]<\/a> Cf. J. Jeremias, \u00ab <em>poim\u00ean ktl<\/em>. \u00bb dans <em>Grande lessico del Nuovo Testamento<\/em>, fondato da G. Kittel, continuato da G. Friedrich, Vol. X, Paideia, Brescia, 1975, col. 1201s. Cf. aussi H. Cousin \u2013 J.-P. L\u00e9monon \u2013 J. Massonnet, <em>Le monde o\u00f9 vivait J\u00e9sus<\/em>, Cerf, Paris, 2004, p. 242-244.<\/p>\n<p><a href=\"#_ftnref9\" name=\"_ftn9\">[9]<\/a> Ainsi S. Fausti, <em>Una comunit\u00e0 legge il Vangelo di Luca<\/em>, EDB, Bologna, 2017, p. 63.<\/p>\n<p><a href=\"#_ftnref10\" name=\"_ftn10\">[10]<\/a> Cf. B. Tr\u00e9mel, <em>Le signe du nouveau-n\u00e9 dans la mangeoire. A propos de Lc 2,1-20<\/em>, dans <em>M\u00e9langes Dominique Barth\u00e9lemy : \u00e9tudes bibliques offertes \u00e0 l\u2019occasion de son 60<sup>\u00e8me<\/sup> anniversaire<\/em>, \u00e9dit\u00e9s par P. Casetti, O. Keel et A. Schenker, \u00c9ditions Universitaires &#8211; Vandenhoeck &amp; Ruprecht, Fribourg &#8211; G\u00f6ttingen, 1981, pp. 593-612.<\/p>\n<p><a href=\"#_ftnref11\" name=\"_ftn11\">[11]<\/a> <em>Le grand livre des pri\u00e8res. Textes choisis et pr\u00e9sent\u00e9s<\/em> par C. Florence et la r\u00e9daction de Prier, avec la collaboration de M. Siemek, Prier &#8211; Descl\u00e9e de Brouwer, Paris 2010, p. 440.<\/p>    <\/div>\n<\/div>\n<!-- \/module text -->\n\t        <\/div>\n\t    \t<\/div>\n\t\t    <\/div>\n\t    <!-- \/row_inner -->\n\t<\/div>\n\t<!-- \/module_row -->\n\t<\/div>\n\n","protected":false},"excerpt":{"rendered":"<p>Solennit\u00e9 : Sainte Marie, M\u00e8re de Dieu et Journ\u00e9e mondiale de la paix \u00a0 \u00ab\u00a0Marie, elle vient de la terre, elle donne son fruit\u00a0: le prince de la paix\u00a0\u00bb (saint J\u00e9r\u00f4me) \u00a0 Premi\u00e8re lecture La premi\u00e8re lecture est une page du livre des Nombres, un livre qu\u2019on lit rarement dans la liturgie. En h\u00e9breu, ce [&hellip;]<\/p>\n","protected":false},"author":1,"featured_media":18427,"comment_status":"closed","ping_status":"open","sticky":false,"template":"","format":"standard","meta":{"footnotes":""},"categories":[40],"tags":[],"class_list":["post-19137","post","type-post","status-publish","format-standard","has-post-thumbnail","hentry","category-rpe","has-post-title","no-post-date","has-post-category","has-post-tag","has-post-comment","has-post-author",""],"builder_content":"<p>Solennit\u00e9 : Sainte Marie, M\u00e8re de Dieu et Journ\u00e9e mondiale de la paix<\/p> <p>\u00a0<\/p> <h3><strong>\u00ab\u00a0Marie, elle vient de la terre, elle donne son fruit\u00a0: le prince de la paix\u00a0\u00bb <br \/>(saint J\u00e9r\u00f4me)<\/strong><\/h3> <p>\u00a0<\/p> <h5>Premi\u00e8re lecture<\/h5> <p><em>La premi\u00e8re lecture est une page du livre des Nombres, un livre qu\u2019on lit rarement dans la liturgie. En h\u00e9breu, ce livre porte le titre \u201cBemidbar\u201d, c\u2019est-\u00e0-dire \u201cAu d\u00e9sert\u201d. En effet, il raconte l\u2019histoire d\u2019Isra\u00ebl depuis la sortie de l\u2019\u00c9gypte et pendant la travers\u00e9e du d\u00e9sert, sous la conduite de Mo\u00efse.<\/em><\/p> <p><em>Le d\u00e9sert est une situation dans laquelle une personne est faible et sans protection, impuissante, confront\u00e9e aux \u00e9preuves les plus dures, une situation dans laquelle elle risque continuellement sa vie. Et pourtant\u2026 ce livre situe au d\u00e9sert la b\u00e9n\u00e9diction de Dieu pour son peuple.<\/em><\/p> <p><em>Dans cette b\u00e9n\u00e9diction (vv. 24-26), nous avons trois phrases, de plus en plus longues\u00a0: en h\u00e9breu 3 mots, puis 5, puis 7. Et le dernier mot, \u00ab\u00a0paix\u00a0\u00bb - en h\u00e9breu \u00ab\u00a0shalom\u00a0\u00bb - r\u00e9sume tout le contenu de la b\u00e9n\u00e9diction parce qu\u2019il implique paix, joie, bien-\u00eatre<a href=\"#_ftn1\" name=\"_ftnref1\"><strong>[1]<\/strong><\/a>. Quant au peuple, il est interpell\u00e9 \u00e0 la deuxi\u00e8me personne du singulier, comme un \u201ctu\u201d, comme une seule personne. Derri\u00e8re ce d\u00e9tail, l\u2019id\u00e9e est \u00e9vidente\u00a0: pour s\u2019ouvrir \u00e0 la b\u00e9n\u00e9diction de Dieu, on ne peut pas s\u2019isoler, on doit travailler ensemble, rechercher - \u00e0 travers nos diversit\u00e9s - l\u2019unit\u00e9, une communaut\u00e9 unie et solidaire.<\/em><\/p> <p><em>Encore une derni\u00e8re remarque. Apr\u00e8s les mots de la b\u00e9n\u00e9diction, le verset 27 dit que les fils d\u2019Aaron placeront le nom de Dieu sur les fils d\u2019Isra\u00ebl. Ils apposent le nom de Dieu comme une signature, comme un cachet qui marque l\u2019appartenance de chaque personne \u00e0 Dieu et \u00e0 son peuple. Cette appartenance, ce \u201coui\u201d dit \u00e0 Dieu est la condition, pour chacun et chacune de nous, pour accueillir la b\u00e9n\u00e9diction divine. S\u2019il y a ce \u201coui\u201d de la part des croyant(e)s, \u00ab\u00a0moi, je les b\u00e9nirai\u00a0\u00bb (v. 27).<\/em><\/p> <p>\u00a0<\/p> <p><strong>Lecture du livre des Nombres (6,22-27)<\/strong><\/p> <p><sup>22<\/sup> Et parla, Yahv\u00e9h, \u00e0 Mo\u00efse en disant\u00a0:<\/p> <p><sup>23<\/sup> \u00ab\u00a0Parle \u00e0 Aaron et \u00e0 ses fils et dis-leur\u00a0:<\/p> <p>Ainsi vous b\u00e9nirez les fils d\u2019Isra\u00ebl, vous leur direz\u00a0:<\/p> <p><sup>24<\/sup> \u201cQue Yahv\u00e9h te b\u00e9nisse et qu\u2019il prenne soin de toi\u00a0!<\/p> <p><sup>25<\/sup> Que Yahv\u00e9h fasse briller sur toi son visage et qu\u2019il t\u2019accorde sa gr\u00e2ce\u00a0!<\/p> <p><sup>26<\/sup> Que Yahv\u00e9h tourne vers toi son visage et place en toi la paix\u00a0!\u201d.<\/p> <p><sup>27<\/sup> Ainsi ils placeront mon nom sur les fils d\u2019Isra\u00ebl, et moi, je les b\u00e9nirai\u00a0\u00bb.<\/p> <p><strong>Parole du Seigneur.<\/strong><\/p> <p>\u00a0<\/p> <h5>Psaume<\/h5> <p><em>Avec le psaume 67, nous sommes, tr\u00e8s probablement, entre les ann\u00e9es 522 et 486, au temps de Darius Premier, roi de Perse. Ce souverain favorisait la reconstruction du temple de J\u00e9rusalem et permettait, dans tout l\u2019Orient, de vivre une p\u00e9riode de paix<a href=\"#_ftn2\" name=\"_ftnref2\"><strong>[2]<\/strong><\/a>. C\u2019est dans ce climat de paix qu\u2019un po\u00e8te compose le psaume 67, un petit bijou - 53 mots en h\u00e9breu - pour chanter Dieu qui intervient, comme lumi\u00e8re, pour la terre enti\u00e8re et pour tous les peuples.<\/em><\/p> <p><em>De ce psaume, nous allons lire trois strophes. Dans la premi\u00e8re (vv. 2-3) et dans la derni\u00e8re strophe (vv. 6.8), le po\u00e8te invoque la b\u00e9n\u00e9diction de Dieu (vv. 2.8). Dans sa requ\u00eate, le po\u00e8te revient sur le livre des Nombres, en particulier sur trois invocations que nous avons \u00e9cout\u00e9es dans la premi\u00e8re lecture\u00a0: \u00ab\u00a0Que Dieu nous accorde sa gr\u00e2ce et nous b\u00e9nisse, qu\u2019il fasse briller son visage parmi nous\u00a0\u00bb (v. 2. cf. No 6,25b. 24a.25a). En effet, un visage lumineux, un visage souriant, c\u2019est le visage d\u2019une personne heureuse de te voir, de t\u2019accueillir, de t\u2019aider<a href=\"#_ftn3\" name=\"_ftnref3\"><strong>[3]<\/strong><\/a>. Voil\u00e0 Dieu, le Dieu que le po\u00e8te nous invite \u00e0 chanter.<\/em><\/p> <p><em>Toujours dans la premi\u00e8re et dans la derni\u00e8re strophe, il faut remarquer une perspective universelle\u00a0: que Dieu soit \u00ab\u00a0connu\u00a0\u00bb (v. 3) aussi par toutes les nations, que les peuples \u00ab\u00a0te rendent gr\u00e2ce, tous ensemble\u00a0\u00bb (v. 6), que tous les peuples puissent mettre leur \u00ab\u00a0confiance\u00a0\u00bb (v. 8) en lui.<\/em><\/p> <p><em>Quant \u00e0 la strophe centrale (v. 5), elle donne aux peuples une motivation pour louer<\/em> <em>Dieu\u00a0<\/em>: <em>\u00ab tu gouvernes les peuples avec droiture, et les peuplades sur la terre, tu les conduis\u00a0\u00bb. Et le verbe \u2018conduire\u2019 sugg\u00e8re fr\u00e9quemment l\u2019id\u00e9e de Dieu comme le berger qui prend soin de ses brebis. L\u2019\u2019action de Dieu qui gouverne avec droiture pousse les peuples \u00e0 se r\u00e9jouir et \u00e0 crier de joie. Et le pluriel \u00ab\u00a0les peuples\u00a0\u00bb, \u00ab\u00a0les peuplades\u00a0\u00bb fait tomber toutes les barri\u00e8res et souligne que l\u2019action de Dieu n\u2019a pas de limites ethniques et religieuses. <\/em><\/p> <p><em>Bref. Le psaume est une invitation \u00e0 nous ouvrir, \u00e0 devenir une communaut\u00e9 toujours plus ouverte. Dieu n\u2019est pas seulement notre Dieu. Nous pouvons l\u2019appeler \u00ab\u00a0notre Dieu\u00a0\u00bb (v. 7) seulement si nous sommes capables de reconna\u00eetre que Dieu aime aussi les autres, tous et toutes, tout pr\u00e8s de nous et jusqu\u2019\u00e0 \u00ab\u00a0toutes les extr\u00e9mit\u00e9s de la terre\u00a0\u00bb (v. 8).<\/em><\/p> <p><em>En nous laissant conduire par la b\u00e9n\u00e9diction de Dieu qui nous ouvre vers les autres, nous pouvons faire du d\u00e9but du psaume notre refrain :<\/em><\/p> <p><strong>Que Dieu nous accorde sa gr\u00e2ce<\/strong><\/p> <p><strong>et qu\u2019il nous b\u00e9nisse.<br \/><br \/><\/strong><\/p> <p><strong>Psaume 67 (versets 2-3. 5. 6.8)<\/strong><\/p> <p><sup>2<\/sup> Que Dieu nous accorde sa gr\u00e2ce et nous <u>b\u00e9nisse<\/u>,<\/p> <p>qu\u2019il fasse briller son visage parmi nous.<\/p> <p><sup>3<\/sup> Que soit connu sur la terre ton chemin,<\/p> <p>et dans toutes les nations ton salut.<\/p> <p><em><u>Refr<\/u><\/em><strong><em>.\u00a0:\u00a0 <\/em><\/strong><strong>Que Dieu nous accorde sa gr\u00e2ce<\/strong><\/p> <p><strong>et qu\u2019il nous b\u00e9nisse.<\/strong><\/p> <p>\u00a0<\/p> <p><sup>5<\/sup> Qu\u2019elles se r\u00e9jouissent<\/p> <p>et qu\u2019elles crient de joie les peuplades,<\/p> <p>car tu gouvernes les peuples avec droiture,<\/p> <p>et les peuplades sur la terre, tu les conduis.<\/p> <p><em><u>Refr<\/u><\/em><strong><em>.\u00a0:\u00a0 <\/em><\/strong><strong>Que Dieu nous accorde sa gr\u00e2ce<\/strong><\/p> <p><strong>et qu\u2019il nous b\u00e9nisse.<\/strong><\/p> <p><strong>\u00a0<\/strong><\/p> <p><sup>6 <\/sup>Que les peuples te rendent gr\u00e2ce, Dieu,<\/p> <p>que les peuples te rendent gr\u00e2ce, tous ensemble.<\/p> <p><sup>8<\/sup> Oui, que Dieu nous <u>b\u00e9nisse<\/u>,<\/p> <p>et que toutes les extr\u00e9mit\u00e9s de la terre mettent en lui leur confiance.<\/p> <p><em><u>Refr<\/u><\/em><strong><em>.\u00a0:\u00a0 <\/em><\/strong><strong>Que Dieu nous accorde sa gr\u00e2ce<\/strong><\/p> <p><strong>et qu\u2019il nous b\u00e9nisse.<\/strong><\/p> <p>\u00a0<\/p> <h5>Deuxi\u00e8me lecture<\/h5> <p><em>La Galatie \u00e9tait une province romaine situ\u00e9e sur le haut plateau de l\u2019Anatolie, l\u2019actuelle Turquie. Aux pa\u00efens de cette r\u00e9gion, Paul a annonc\u00e9 l\u2019\u00e9vangile. La r\u00e9action a \u00e9t\u00e9 intense\u00a0: la vie des Galates a chang\u00e9 radicalement<a href=\"#_ftn4\" name=\"_ftnref4\"><strong>[4]<\/strong><\/a>\u00a0: ils ont accueilli Paul et le message qu\u2019il leur apportait. Mais plus tard, les Galates se sont laiss\u00e9 secouer par \u00ab\u00a0certaines personnes\u00a0\u00bb (1,7)<a href=\"#_ftn5\" name=\"_ftnref5\"><strong>[5]<\/strong><\/a> tr\u00e8s li\u00e9es \u00e0 la tradition juive. C\u2019est ainsi que les Galates risquent de tourner les \u00e9paules au Christ en pensant que le salut n\u2019est pas un don du Christ mais le r\u00e9sultat d\u2019une ob\u00e9issance m\u00e9ticuleuse \u00e0 la loi juive.<\/em><\/p> <p><em>Devant cette situation - nous sommes vers l\u2019ann\u00e9e 57<a href=\"#_ftn6\" name=\"_ftnref6\"><strong>[6]<\/strong><\/a> - Paul dicte sa lettre aux communaut\u00e9s de la Galatie et, ensuite, il la signe personnellement. A ces chr\u00e9tiens qui veulent abandonner J\u00e9sus pour suivre la tradition juive, Paul rappelle d\u2019abord l\u2019\u00e9v\u00e9nement fondamental de l\u2019histoire humaine\u00a0: \u00ab\u00a0Lorsque le temps d\u00e9cid\u00e9 par Dieu fut accompli, Dieu a envoy\u00e9 son Fils\u00a0\u00bb (v. 4). Et Paul souligne l\u2019humanit\u00e9 de J\u00e9sus\u00a0: \u00ab\u00a0Il est n\u00e9 d\u2019une femme\u00a0\u00bb (v. 4). Et ici c\u2019est le seul point - dans toutes ses lettres - o\u00f9 Paul \u00e9voque, sans la nommer, Marie, la maman de J\u00e9sus. Et, apr\u00e8s avoir mentionn\u00e9 la naissance humaine de J\u00e9sus, l\u2019ap\u00f4tre insiste\u00a0: J\u00e9sus \u00ab\u00a0a v\u00e9cu soumis \u00e0 la loi juive\u00a0\u00bb (v. 4).<\/em><\/p> <p><em>Mais cette insistance sur l\u2019humanit\u00e9 de J\u00e9sus et sa soumission \u00e0 la loi permet \u00e0 Paul de souligner le but\u00a0: J\u00e9sus, soumis \u00e0 la loi, \u00ab\u00a0est venu pour rendre la libert\u00e9 \u00e0 ceux qui vivent sous la loi\u00a0\u00bb (v. 5). Et cette libert\u00e9 rend les humains - qui \u00e9taient esclaves, enfants, fils et filles - comme le \u00ab\u00a0Fils\u00a0\u00bb. La cons\u00e9quence est l\u00e0\u00a0: au lieu de s\u2019engager pour vivre comme esclaves de la loi, \u00ab\u00a0l\u2019Esprit\u00a0\u00bb, qui a anim\u00e9 J\u00e9sus, nous permet de vivre notre relation \u00e0 Dieu un peu comme J\u00e9sus\u00a0: J\u00e9sus qui s\u2019adressait au P\u00e8re en lui disant \u00ab\u00a0Abba\u00a0\u00bb, litt\u00e9ralement \u00ab\u00a0papa\u00a0\u00bb<a href=\"#_ftn7\" name=\"_ftnref7\"><strong>[7]<\/strong><\/a>.<br \/><br \/><\/em><\/p> <p><strong>De la lettre de saint Paul ap\u00f4tre aux Galates (4,4-7)<br \/><\/strong>Fr\u00e8res, <sup>4<\/sup> lorsque le temps d\u00e9cid\u00e9 par Dieu fut accompli, Dieu a envoy\u00e9 son Fils. Il est n\u00e9 d\u2019une femme et il a v\u00e9cu soumis \u00e0 la loi juive. <sup>5 <\/sup>Il est venu pour rendre la libert\u00e9 \u00e0 ceux qui vivent sous la loi, et pour faire de nous des fils de Dieu. <sup>6<\/sup> Oui, vous \u00eates vraiment ses fils. La preuve, c\u2019est que Dieu a envoy\u00e9 dans nos c\u0153urs l\u2019Esprit de son Fils, l\u2019Esprit qui nous fait dire : \u00ab Abba ! Papa ! \u00bb <sup>7<\/sup> Donc, tu n\u2019es plus un esclave, mais un fils de Dieu. Et comme tu es son fils, Dieu te donnera l\u2019h\u00e9ritage qu\u2019il r\u00e9serve pour ses fils. Voil\u00e0 l\u2019\u0153uvre de Dieu.<\/p> <p><strong>Parole du Seigneur.<br \/><br \/><\/strong><\/p> <p><strong><em>All\u00e9luia. All\u00e9luia. <\/em><\/strong><\/p> <p><em>\u00c0 bien des reprises, Dieu, dans le pass\u00e9, a parl\u00e9 \u00e0 nos p\u00e8res par les proph\u00e8tes ;<\/em><\/p> <p><em>\u00e0 la fin, en ces jours o\u00f9 nous sommes, il nous a parl\u00e9 par son Fils.<\/em> (cf. <em>H\u00e9breux<\/em> 1,1-2)<\/p> <p><strong>All\u00e9luia.<\/strong><\/p> <p>\u00a0<\/p> <h5>\u00c9vangile<\/h5> <p><em>Au temps de J\u00e9sus et encore plus tard, le monde juif n\u2019appr\u00e9ciait pas les bergers. Il y avait des m\u00e9tiers qu\u2019un papa ne voulait absolument pas pour ses enfants\u00a0: parmi ces professions, il y avait le matelot, le berger, le boucher, le barbier, le tisserand, le collecteur d\u2019imp\u00f4ts et l\u2019usurier. Et un th\u00e9ologien du premier si\u00e8cle met - parmi les bons bergers - seulement Jacob, Mo\u00efse\u2026 et Dieu. Les autres bergers sont tous m\u00e9chants\u00a0: ils sont des hommes d\u00e9r\u00e9gl\u00e9s, livr\u00e9s \u00e0 leurs passions. Ils sont des ennemis publics, qui font pa\u00eetre leurs troupeaux dans le champ d\u2019autrui<a href=\"#_ftn8\" name=\"_ftnref8\"><strong>[8]<\/strong><\/a>.<\/em><\/p> <p><em>Et pourtant\u2026 l\u2019\u00c9vangile de ce matin nous pr\u00e9sente la naissance de J\u00e9sus pr\u00e9cis\u00e9ment pour les bergers. Luc nous raconte que ces personnes passaient la nuit en s\u2019occupant de leurs troupeaux. Mais cette nuit est lac\u00e9r\u00e9e par la lumi\u00e8re. C\u2019est la \u00ab\u00a0gloire\u00a0\u00bb m\u00eame du Seigneur qui les enveloppe de lumi\u00e8re (v. 9), lorsque l\u2019ange leur annonce la bonne nouvelle. Le message est tr\u00e8s pr\u00e9cis\u00a0: un Sauveur \u00ab\u00a0a \u00e9t\u00e9 engendr\u00e9 pour vous\u00a0\u00bb (v. 11).<\/em><\/p> <p><em>Dans la m\u00eame annonce, il y a aussi un autre d\u00e9tail\u00a0: \u00ab\u00a0Et voici le signe pour vous\u00a0: vous trouverez un nouveau-n\u00e9 couch\u00e9 dans une mangeoire\u00a0\u00bb (v. 12). Au fond\u00a0: le signe, pour les bergers, est un homme qui partage avec eux la m\u00eame condition\u00a0: l\u2019\u00e9table, la mangeoire.<\/em><\/p> <p><em>Et, dans la narration de Luc, les bergers, les marginalis\u00e9s, deviennent - \u00e0 leur tour - porteurs de l\u2019\u00e9vangile. Ce sont eux qui font conna\u00eetre - \u00e0 Marie, \u00e0 Joseph et aux autres - \u00ab\u00a0la nouvelle qui leur avait \u00e9t\u00e9 dite \u00e0 propos de cet enfant\u00a0\u00bb (v. 17).<\/em><\/p> <p><em>Et, \u00e0 la fin du r\u00e9cit, les bergers \u00ab repartirent, chantant la gloire et les louanges de Dieu\u00a0\u00bb (v. 20).<\/em><\/p> <p><em>Bref\u00a0: l\u2019\u00c9vangile de ce matin nous pr\u00e9sente J\u00e9sus comme celui qui est solidaire des bergers et des marginalis\u00e9(e)s, des personnes \u00e9cras\u00e9es, des pauvres. Voil\u00e0 l\u2019\u00c9glise, une \u00c9glise des pauvres et des derniers, comme Celui qui avait \u00e9t\u00e9 annonc\u00e9 aux pauvres<a href=\"#_ftn9\" name=\"_ftnref9\"><strong>[9]<\/strong><\/a>. <\/em><\/p> <p><em>Enfin, la derni\u00e8re phrase du r\u00e9cit mentionne la circoncision de J\u00e9sus. C\u2019est un peu comme Paul l\u2019avait soulign\u00e9 dans sa lettre\u00a0: J\u00e9sus n\u00e9 sous la loi. Et Luc, dans la suite de l\u2019\u00c9vangile, nous montrera comment J\u00e9sus va d\u00e9passer la loi pour nous apprendre que Dieu est P\u00e8re. <\/em><\/p> <p><em>C\u2019est ainsi que J\u00e9sus, solidaire avec nous dans nos faiblesses et nos exp\u00e9riences de marginalisation, ne peut que nous encourager<a href=\"#_ftn10\" name=\"_ftnref10\"><strong>[10]<\/strong><\/a> et nous aider \u00e0 vivre une relation diff\u00e9rente par rapport \u00e0 Dieu et \u00e0 devenir des hommes et des femmes de paix.<\/em><\/p> <p>\u00a0<\/p> <p><strong>\u00c9vangile de J\u00e9sus Christ selon saint Luc (2,16-21)<\/strong><\/p> <p><sup>\u00a0<\/sup><sup>16<\/sup> Les bergers all\u00e8rent en h\u00e2te (\u00e0 Bethl\u00e9em) et trouv\u00e8rent Marie, Joseph et le nouveau-n\u00e9 couch\u00e9 dans la mangeoire. <sup>17<\/sup> Apr\u00e8s avoir vu, ils firent conna\u00eetre la nouvelle qui leur avait \u00e9t\u00e9 dite \u00e0 propos de cet enfant. <sup>18<\/sup> Et tous ceux qui les entendirent furent \u00e9tonn\u00e9s de ce que leur disaient les bergers. <sup>19<\/sup> Quant \u00e0 Marie, elle retenait tous ces \u00e9v\u00e9nements et les m\u00e9ditait dans son c\u0153ur. <sup>20<\/sup> Et les bergers repartirent, chantant la gloire et les louanges de Dieu pour tout ce qu\u2019ils avaient entendu et vu, en accord avec ce qui leur avait \u00e9t\u00e9 annonc\u00e9.<\/p> <p><sup>21<\/sup> Et, quand huit jours furent accomplis, vint le moment de circoncire l\u2019enfant\u00a0; et on lui donna le nom de J\u00e9sus, comme l\u2019ange l\u2019avait indiqu\u00e9 \u00e0 Marie avant qu\u2019elle soit enceinte dans son ventre.<br \/><br \/><\/p> <p><strong>Acclamons la Parole de Dieu.<\/strong><\/p> <p>\u00a0<\/p> <h5>Pri\u00e8re d\u2019ouverture<br \/><br \/><\/h5> <p>Au-del\u00e0 des tourments de ce monde,<\/p> <p>au-del\u00e0 de ma propre angoisse tapie au fond du c\u0153ur,<\/p> <p>je veux me tourner vers toi, le Seigneur de la paix.<\/p> <p>Tu nous as dit\u00a0: \u00ab\u00a0Va te r\u00e9concilier avec ton fr\u00e8re<\/p> <p>avant de pr\u00e9senter ton offrande \u00e0 l\u2019autel\u00a0\u00bb.<\/p> <p>Mais alors, quand deux fr\u00e8res sont en paix,<\/p> <p>la guerre recule \u00e0 l\u2019horizon.<\/p> <p>Chr\u00e9tiens, nous te demandons<\/p> <p>de nous rendre responsables<\/p> <p>de la paix dans le monde.<\/p> <p>A commencer par notre propre paix int\u00e9rieure,<\/p> <p>au sein de notre famille, sur notre lieu de travail,<\/p> <p>dans nos \u00c9glises<a href=\"#_ftn11\" name=\"_ftnref11\">[11]<\/a>.<\/p> <p>[Michel Evdokimov, pr\u00eatre orthodoxe russe]<\/p> <p>\u00a0<\/p> <h5>Pri\u00e8re des fid\u00e8les<\/h5> <p>* Le livre des Nombres nous annonce la b\u00e9n\u00e9diction de Dieu. Mais, pour accueillir cette b\u00e9n\u00e9diction, nous - qui sommes son peuple - nous devons nous engager ensemble, comme une seule personne. C\u2019est pour cette communaut\u00e9 ainsi unie qu\u2019on pourra prier\u00a0: \u00ab\u00a0Que Yahv\u00e9h tourne vers toi son visage et place en toi la paix\u00a0!\u00a0\u00bb.<\/p> <p>* Le psaume nous invite \u00e0 te suivre, Seigneur, \u00e0 nous laisser conduire par toi. Car \u00ab\u00a0les peuplades sur la terre, tu les conduis\u00a0\u00bb, tu les conduis \u00ab\u00a0avec droiture\u00a0\u00bb, tu les conduis vers la paix. Intensifie donc, dans le c\u0153ur de chacune et de chacun de nous, la confiance en toi. Et la peur qui nous habite et nous paralyse perdra sa force.<\/p> <p>* La lettre aux Galates souligne fortement la n\u00e9cessit\u00e9 de laisser tomber, d\u00e9finitivement, l\u2019image d\u2019un dieu qui commande sur des esclaves. Dieu - le Dieu qui nous a envoy\u00e9 son Fils, Dieu dont Paul nous a parl\u00e9 - est celui qui nous aime, celui dans lequel nous pouvons mettre toute notre confiance comme un enfant dans son papa. C\u2019est cette confiance qui a permis \u00e0 Marie de nous donner son Fils.<\/p> <p>* L\u2019\u00c9vangile nous parle des bergers, des hommes aux marges de leur soci\u00e9t\u00e9. Dieu a pris soin d\u2019eux. Et, dans un enfant solidaire avec les bergers, un enfant dans une \u00e9table, dans une mangeoire, ils ont d\u00e9couvert un message qui leur a permis de se mettre en marche. Que cette d\u00e9couverte de J\u00e9sus comme solidaire avec nous dans notre marginalisation, puisse nous mettre en marche en chantant, \u00e0 travers notre vie et nos engagements, \u00ab\u00a0les louanges de Dieu\u00a0\u00bb.<\/p> <p><a href=\"https:\/\/absi.ch\/new\/wp-content\/uploads\/2025\/01\/1-janvier_2025-CJK.pdf\" target=\"_blank\" rel=\"noopener\"><em>&gt; testo (pdf)<\/em><\/a><\/p> <hr \/> <p><a href=\"#_ftnref1\" name=\"_ftn1\">[1]<\/a> Cf. P. Buis, <em>Le livre des Nombres<\/em>, dans <em>Cahiers \u00c9vangile 78<\/em>, Paris, 1981, p. 32.<\/p> <p><a href=\"#_ftnref2\" name=\"_ftn2\">[2]<\/a> Cf. E. Zenger, <em>Psalm 67<\/em>, dans F.-L. Hossfeld \u2013 E. Zenger, <em>Psalmen 51-100<\/em>, Herder, Freiburg - Basel - Wien, 2000, p. 240.<\/p> <p><a href=\"#_ftnref3\" name=\"_ftn3\">[3]<\/a> B. Maggioni, <em>Davanti a Dio. I salmi 1-75<\/em>, Vita e pensiero, Milano, 2001, p. 204.<\/p> <p><a href=\"#_ftnref4\" name=\"_ftn4\">[4]<\/a> Cf. G. Barbaglio, <em>Le lettere di Paolo. Traduzione e commento, vol. 2<\/em>, Borla, Roma, 1980, p. 13.<\/p> <p><a href=\"#_ftnref5\" name=\"_ftn5\">[5]<\/a> Sur ces \u00ab\u00a0certaines personnes\u00a0\u00bb, on peut lire F. Mussner, <em>Der Galaterbrief<\/em>, Herder, Freiburg. Basel. Wien, 1981, pp. 11-13.<\/p> <p><a href=\"#_ftnref6\" name=\"_ftn6\">[6]<\/a> Cf. G. Barbaglio, <em>Le lettere di Paolo. Traduzione e commento, vol. 2<\/em>, Borla, Roma, 1980, p. 28.<\/p> <p><a href=\"#_ftnref7\" name=\"_ftn7\">[7]<\/a> Cf. G. Barbaglio, <em>Le lettere di Paolo. Traduzione e commento, vol. 2<\/em>, Borla, Roma, 1980, p. 123.<\/p> <p><a href=\"#_ftnref8\" name=\"_ftn8\">[8]<\/a> Cf. J. Jeremias, \u00ab <em>poim\u00ean ktl<\/em>. \u00bb dans <em>Grande lessico del Nuovo Testamento<\/em>, fondato da G. Kittel, continuato da G. Friedrich, Vol. X, Paideia, Brescia, 1975, col. 1201s. Cf. aussi H. Cousin \u2013 J.-P. L\u00e9monon \u2013 J. Massonnet, <em>Le monde o\u00f9 vivait J\u00e9sus<\/em>, Cerf, Paris, 2004, p. 242-244.<\/p> <p><a href=\"#_ftnref9\" name=\"_ftn9\">[9]<\/a> Ainsi S. Fausti, <em>Una comunit\u00e0 legge il Vangelo di Luca<\/em>, EDB, Bologna, 2017, p. 63.<\/p> <p><a href=\"#_ftnref10\" name=\"_ftn10\">[10]<\/a> Cf. B. Tr\u00e9mel, <em>Le signe du nouveau-n\u00e9 dans la mangeoire. A propos de Lc 2,1-20<\/em>, dans <em>M\u00e9langes Dominique Barth\u00e9lemy : \u00e9tudes bibliques offertes \u00e0 l\u2019occasion de son 60<sup>\u00e8me<\/sup> anniversaire<\/em>, \u00e9dit\u00e9s par P. Casetti, O. Keel et A. Schenker, \u00c9ditions Universitaires - Vandenhoeck &amp; Ruprecht, Fribourg - G\u00f6ttingen, 1981, pp. 593-612.<\/p> <p><a href=\"#_ftnref11\" name=\"_ftn11\">[11]<\/a> <em>Le grand livre des pri\u00e8res. Textes choisis et pr\u00e9sent\u00e9s<\/em> par C. Florence et la r\u00e9daction de Prier, avec la collaboration de M. Siemek, Prier - Descl\u00e9e de Brouwer, Paris 2010, p. 440.<\/p>","_links":{"self":[{"href":"https:\/\/absi.ch\/new\/wp-json\/wp\/v2\/posts\/19137","targetHints":{"allow":["GET"]}}],"collection":[{"href":"https:\/\/absi.ch\/new\/wp-json\/wp\/v2\/posts"}],"about":[{"href":"https:\/\/absi.ch\/new\/wp-json\/wp\/v2\/types\/post"}],"author":[{"embeddable":true,"href":"https:\/\/absi.ch\/new\/wp-json\/wp\/v2\/users\/1"}],"replies":[{"embeddable":true,"href":"https:\/\/absi.ch\/new\/wp-json\/wp\/v2\/comments?post=19137"}],"version-history":[{"count":2,"href":"https:\/\/absi.ch\/new\/wp-json\/wp\/v2\/posts\/19137\/revisions"}],"predecessor-version":[{"id":19140,"href":"https:\/\/absi.ch\/new\/wp-json\/wp\/v2\/posts\/19137\/revisions\/19140"}],"wp:featuredmedia":[{"embeddable":true,"href":"https:\/\/absi.ch\/new\/wp-json\/wp\/v2\/media\/18427"}],"wp:attachment":[{"href":"https:\/\/absi.ch\/new\/wp-json\/wp\/v2\/media?parent=19137"}],"wp:term":[{"taxonomy":"category","embeddable":true,"href":"https:\/\/absi.ch\/new\/wp-json\/wp\/v2\/categories?post=19137"},{"taxonomy":"post_tag","embeddable":true,"href":"https:\/\/absi.ch\/new\/wp-json\/wp\/v2\/tags?post=19137"}],"curies":[{"name":"wp","href":"https:\/\/api.w.org\/{rel}","templated":true}]}}