{"id":19574,"date":"2025-10-06T11:49:38","date_gmt":"2025-10-06T09:49:38","guid":{"rendered":"https:\/\/absi.ch\/new\/?p=19574"},"modified":"2025-10-06T11:58:48","modified_gmt":"2025-10-06T09:58:48","slug":"eucharistie-5-octobre-2025","status":"publish","type":"post","link":"https:\/\/absi.ch\/new\/2025\/10\/eucharistie-5-octobre-2025\/","title":{"rendered":"Eucharistie, 5 octobre 2025"},"content":{"rendered":"<div id=\"themify_builder_content-19574\" data-postid=\"19574\" class=\"themify_builder_content themify_builder_content-19574 themify_builder\">\n    \t<!-- module_row -->\n\t<div  class=\"themify_builder_row module_row clearfix module_row_1 themify_builder_19574_row module_row_19574-1 tb_d6c3874\">\n\t    \t    <div class=\"row_inner col_align_top\" >\n\t\t\t<div  class=\"module_column tb-column col-full first tb_19574_column module_column_0 module_column_19574-1-0 tb_kfaj876\">\n\t    \t    \t        <div class=\"tb-column-inner\">\n\t\t    <!-- module text -->\n<div  class=\"module module-text tb_u516884    \">\n            <div  class=\"tb_text_wrap\">\n    <div dir=\"ltr\">\n<p style=\"text-align: left;\" align=\"center\"><span lang=\"FR-CH\">27<sup>\u00e8me<\/sup>\u00a0dimanche du Temps Ordinaire \u2014 Ann\u00e9e C<\/span><\/p>\n<p style=\"text-align: left;\" align=\"center\">\u00a0<\/p>\n<h3 class=\"yiv4465846653MsoNormal\" style=\"text-align: left;\" align=\"center\"><span lang=\"FR-CH\">Aujourd\u2019hui, si vous \u00e9coutiez sa voix\u2026\u00a0\u00bb (<i>Ps<\/i>\u00a095,7)<\/span><\/h3>\n<p class=\"yiv4465846653MsoNormal\"><span lang=\"FR-CH\">\u00a0<\/span><\/p>\n<h5 class=\"yiv4465846653MsoNormal\"><span lang=\"FR-CH\">Premi\u00e8re lecture<\/span><span lang=\"FR-CH\">\u00a0<\/span><\/h5>\n<p class=\"yiv4465846653MsoNormal\"><i><span lang=\"FR-CH\">Comme premi\u00e8re lecture, ce matin nous allons \u00e9couter deux petits textes d\u2019Habacuc. De cet auteur nous ne savons presque rien. Nous connaissons seulement le nom, Habacuc. En h\u00e9breu, son nom signifie \u00ab\u00a0celui qui embrasse\u00a0\u00bb. Probablement, ce mot veut nous parler d\u2019une personne qui embrasse son peuple, qui le r\u00e9conforte, qui le tient dans ses bras<\/span><a title=\"\" href=\"https:\/\/mail.google.com\/mail\/u\/0\/#m_6091107133472217597__ftn1\" target=\"_blank\" rel=\"nofollow noopener noreferrer\" name=\"m_6091107133472217597__ftnref1\"><b>[1]<\/b><\/a><\/i><i><span lang=\"FR-CH\">. Nous savons aussi qu\u2019Habacuc est un proph\u00e8te et que Dieu s\u2019est manifest\u00e9 \u00e0 lui \u00e0 travers une \u00ab\u00a0parole\u00a0\u00bb, une \u00ab\u00a0vision\u00a0\u00bb<\/span><a title=\"\" href=\"https:\/\/mail.google.com\/mail\/u\/0\/#m_6091107133472217597__ftn2\" target=\"_blank\" rel=\"nofollow noopener noreferrer\" name=\"m_6091107133472217597__ftnref2\"><b>[2]<\/b><\/a><\/i><i><span lang=\"FR-CH\">.<\/span><\/i><\/p>\n<p class=\"yiv4465846653MsoNormal\"><i><span lang=\"FR-CH\">Du livre d\u2019Habacuc, nous allons lire deux petits textes. D\u2019abord la premi\u00e8re page (1,2-3). Elle nous donne la lamentation que le proph\u00e8te adresse \u00e0 Dieu devant la violence et l\u2019oppression qui r\u00e8gnent dans le royaume de Juda. La pri\u00e8re du proph\u00e8te a commenc\u00e9 d\u00e9j\u00e0 au pass\u00e9<\/span><a title=\"\" href=\"https:\/\/mail.google.com\/mail\/u\/0\/#m_6091107133472217597__ftn3\" target=\"_blank\" rel=\"nofollow noopener noreferrer\" name=\"m_6091107133472217597__ftnref3\"><b>[3]<\/b><\/a><\/i><i><span lang=\"FR-CH\">. Voil\u00e0 pourquoi, en s\u2019adressant \u00e0 Dieu, il lui dit\u00a0: \u00ab\u00a0Jusqu\u2019\u00e0 quand\u00a0?\u00a0\u00bb. Et le proph\u00e8te continue en lui demandant\u00a0: \u00ab\u00a0Pourquoi\u00a0?\u00a0\u00bb. En effet, Habacuc vit dans une situation un peu comme la n\u00f4tre, une situation dans laquelle il n\u2019y a que \u00ab\u00a0pillage et violence\u00a0\u00bb (v. 3)\u00a0; il n\u2019y a que disputes et discorde (v. 3), et dans cette situation le m\u00e9chant l\u2019emporte sur le juste.<\/span><\/i><\/p>\n<p class=\"yiv4465846653MsoNormal\"><i><span lang=\"FR-CH\">Dans le second petit texte (2,2-4), nous avons la r\u00e9ponse de Dieu. Celle-ci lui est annonc\u00e9e comme une vision, et le proph\u00e8te devra la mettre par \u00e9crit, car elle va se r\u00e9aliser seulement plus tard\u00a0; mais elle se r\u00e9alisera, sans aucun doute<\/span><a title=\"\" href=\"https:\/\/mail.google.com\/mail\/u\/0\/#m_6091107133472217597__ftn4\" target=\"_blank\" rel=\"nofollow noopener noreferrer\" name=\"m_6091107133472217597__ftnref4\"><b>[4]<\/b><\/a><\/i><i><span lang=\"FR-CH\">. Devant cette parole de Dieu, il y a l\u2019insouciant, celui qui ne la prend pas au s\u00e9rieux<\/span><a title=\"\" href=\"https:\/\/mail.google.com\/mail\/u\/0\/#m_6091107133472217597__ftn5\" target=\"_blank\" rel=\"nofollow noopener noreferrer\" name=\"m_6091107133472217597__ftnref5\"><b>[5]<\/b><\/a><\/i><i><span lang=\"FR-CH\">. Mais il y a aussi ceux qui vont prendre soin de cette parole. Celui ou celle qui va prendre au s\u00e9rieux cette parole est qualifi\u00e9 comme une personne juste. Et, m\u00eame dans une situation tr\u00e8s difficile, \u00ab\u00a0le juste vivra par sa fid\u00e9lit\u00e9 \u00bb<\/span><a title=\"\" href=\"https:\/\/mail.google.com\/mail\/u\/0\/#m_6091107133472217597__ftn6\" target=\"_blank\" rel=\"nofollow noopener noreferrer\" name=\"m_6091107133472217597__ftnref6\"><b>[6]<\/b><\/a><\/i><i><span lang=\"FR-CH\">. Cette affirmation peut nous orienter et encourager dans notre vie<\/span><a title=\"\" href=\"https:\/\/mail.google.com\/mail\/u\/0\/#m_6091107133472217597__ftn7\" target=\"_blank\" rel=\"nofollow noopener noreferrer\" name=\"m_6091107133472217597__ftnref7\"><b>[7]<\/b><\/a><\/i><i><span lang=\"FR-CH\">.<\/span><\/i><\/p>\n<p class=\"yiv4465846653MsoNormal\"><span lang=\"FR-CH\">\u00a0<\/span><\/p>\n<p class=\"yiv4465846653MsoNormal\"><b><span lang=\"FR-CH\">Lecture du livre du proph\u00e8te Habacuc (1,2-3 et 2,2-4)<\/span><\/b><\/p>\n<p class=\"yiv4465846653MsoNormal\"><b><span lang=\"FR-CH\">1<\/span><\/b><sup><span lang=\"FR-CH\">2<\/span><\/sup><span lang=\"FR-CH\">\u00a0\u00ab<sup>\u00a0<\/sup>Jusqu\u2019\u00e0 quand, Yahv\u00e9h, appellerai-je au secours sans que tu entendes ? Jusqu\u2019\u00e0 quand crierai-je vers toi : &#8220;Violence !&#8221; sans que tu sauves ?\u00a0<sup>3<\/sup>\u00a0Pourquoi me fais-tu voir le mal\u00a0? Pourquoi regardes-tu notre mis\u00e8re sans r\u00e9agir ? Pillage et violence sont devant moi. Il y a des disputes, et discorde se d\u00e9cha\u00eene.<\/span><\/p>\n<p class=\"yiv4465846653MsoNormal\"><b><span lang=\"FR-CH\">2<\/span><\/b><sup><span lang=\"FR-CH\">2<\/span><\/sup><span lang=\"FR-CH\">\u00a0Et m\u2019a r\u00e9pondu, Yahv\u00e9h, il m\u2019a dit :<\/span><\/p>\n<p class=\"yiv4465846653MsoNormal\"><span lang=\"FR-CH\">\u00ab\u00a0\u00c9cris la vision, \u00e9cris-la clairement sur les tablettes afin qu\u2019on puisse la lire couramment.\u00a0<sup>3<\/sup>\u00a0Car c\u2019est encore une vision pour le temps fix\u00e9, elle tend vers son accomplissement, elle ne trompera pas. Si elle para\u00eet tarder, attends-la\u00a0: elle viendra sans tarder.\u00a0<sup>4<\/sup>\u00a0Celui qui ne la prend pas au s\u00e9rieux, sa conscience n\u2019est pas loyale en lui\u00a0; mais le juste vivra par sa fid\u00e9lit\u00e9 \u00bb.<\/span><\/p>\n<p class=\"yiv4465846653MsoNormal\"><b><span lang=\"FR-CH\">Parole du Seigneur.<\/span><\/b><\/p>\n<p class=\"yiv4465846653MsoNormal\"><span lang=\"FR-CH\">\u00a0<\/span><\/p>\n<h5 class=\"yiv4465846653MsoNormal\"><span lang=\"FR-CH\">Psaume<\/span><\/h5>\n<p class=\"yiv4465846653MsoNormal\"><i><span lang=\"FR-CH\">Le psaume 95 a une structure un peu complexe<\/span><\/i><a title=\"\" href=\"https:\/\/mail.google.com\/mail\/u\/0\/#m_6091107133472217597__ftn8\" target=\"_blank\" rel=\"nofollow noopener noreferrer\" name=\"m_6091107133472217597__ftnref8\"><i><b>[8]<\/b><\/i><\/a><i><span lang=\"FR-CH\">. Deux voix diff\u00e9rentes entrent en jeu.<\/span><\/i><\/p>\n<p class=\"yiv4465846653MsoNormal\"><i><span lang=\"FR-CH\">La premi\u00e8re voix est celle d\u2019un soliste qui invite la communaut\u00e9 \u00e0 c\u00e9l\u00e9brer Dieu, Dieu qui est la source du salut (vv. 1-2)\u00a0: il est celui qui nous a cr\u00e9\u00e9(e)s (v. 6).<\/span><\/i><\/p>\n<p class=\"yiv4465846653MsoNormal\"><i><span lang=\"FR-CH\">Apr\u00e8s cette d\u00e9claration faite par le soliste, la communaut\u00e9 intervient pour souligner les soins que Dieu a pour elle. En effet, la communaut\u00e9 d\u00e9clare\u00a0: \u00ab\u00a0Oui, il est notre Dieu et nous sommes le peuple\u00a0<\/span><\/i><i><span lang=\"FR-CH\">dont il est le berger<\/span><\/i><i><span lang=\"FR-CH\">\u00a0\u00bb (v. 7)<\/span><\/i><a title=\"\" href=\"https:\/\/mail.google.com\/mail\/u\/0\/#m_6091107133472217597__ftn9\" target=\"_blank\" rel=\"nofollow noopener noreferrer\" name=\"m_6091107133472217597__ftnref9\"><i><b>[9]<\/b><\/i><\/a><i><span lang=\"FR-CH\">.<\/span><\/i><\/p>\n<p class=\"yiv4465846653MsoNormal\"><i><span lang=\"FR-CH\">Ensuite, il y aura une voix qui nous met en garde. Le risque, notre risque comme celui d\u2019Isra\u00ebl dans le d\u00e9sert, est celui de l\u2019infid\u00e9lit\u00e9, du manque de confiance par rapport \u00e0 Dieu. C\u2019est ce qui s\u2019est pass\u00e9 \u00e0 M\u00e9riba, comme le livre des Nombres (20,1-13) l\u2019a d\u00e9crit. Et pourtant, avoue le po\u00e8te au nom de Dieu, \u00ab pourtant, ils avaient vu ce que j\u2019avais fait \u00bb (v. 9).<\/span><\/i><\/p>\n<p class=\"yiv4465846653MsoNormal\"><i><span lang=\"FR-CH\">Par rapport \u00e0 ces exp\u00e9riences n\u00e9gatives, le po\u00e8te nous invite \u00e0 un comportement bien diff\u00e9rent\u00a0: \u00ab\u00a0Aujourd\u2019hui, si vous \u00e9coutiez sa voix\u2026\u00a0! Ne durcissez pas votre c\u0153ur\u00a0\u00bb (vv. 7d-8).<\/span><\/i><\/p>\n<p class=\"yiv4465846653MsoNormal\"><i><span lang=\"FR-CH\">A travers cette \u00e9coute, \u00e0 travers cette ouverture du c\u0153ur, nous pouvons nous ouvrir \u00e0 l\u2019espoir. M\u00eame plong\u00e9(e)s dans la souffrance et dans des probl\u00e8mes qui nous apparaissent sans solution, nous pouvons ouvrir notre c\u0153ur \u00e0 Dieu, nous pouvons constater, jour apr\u00e8s jour, qu\u2019il est \u00ab\u00a0notre Dieu\u00a0\u00bb (v. 7a). Il ne nous abandonne pas<\/span><\/i><a title=\"\" href=\"https:\/\/mail.google.com\/mail\/u\/0\/#m_6091107133472217597__ftn10\" target=\"_blank\" rel=\"nofollow noopener noreferrer\" name=\"m_6091107133472217597__ftnref10\"><i><b>[10]<\/b><\/i><\/a><i><span lang=\"FR-CH\">\u00a0: nous sommes\u00a0\u00ab\u00a0le peuple\u00a0<\/span><\/i><i><span lang=\"FR-CH\">dont il est le berger<\/span><\/i><i><span lang=\"FR-CH\">\u00a0\u00bb (v. 7b).<\/span><\/i><\/p>\n<p class=\"yiv4465846653MsoNormal\"><i><span lang=\"FR-CH\">\u00c9coutons ce texte et intervenons, toutes et tous ensemble, avec ce refrain qui reprend les mots du po\u00e8te (vv.<\/span><\/i><span lang=\"FR-CH\">\u00a08a et 7d)<\/span><i><span lang=\"FR-CH\">\u00a0:<\/span><\/i><\/p>\n<p class=\"yiv4465846653MsoNormal\"><b><span lang=\"FR-CH\">Aujourd\u2019hui, ne fermez pas votre c\u0153ur,<br \/><\/span><\/b><b><span lang=\"FR-CH\">mais \u00e9coutez la voix du Seigneur ! (cf.\u00a0<i>Ps<\/i>\u00a094,8a.7d)<\/span><\/b><\/p>\n<p class=\"yiv4465846653MsoNormal\"><i><span lang=\"FR-CH\">\u00a0<\/span><\/i><\/p>\n<p class=\"yiv4465846653MsoNormal\"><b><span lang=\"FR-CH\">Psaume 95 (versets 1-2.\u00a0 6-7ab.\u00a0 7d-8a.9)<\/span><\/b><\/p>\n<p class=\"yiv4465846653MsoNormal\"><sup><span lang=\"FR-CH\">1<\/span><\/sup><span lang=\"FR-CH\">\u00a0Allez, crions notre joie pour Yahv\u00e9h,<\/span><\/p>\n<p class=\"yiv4465846653MsoNormal\"><span lang=\"FR-CH\">acclamons le Rocher qui nous sauve,<\/span><\/p>\n<p class=\"yiv4465846653MsoNormal\"><sup><span lang=\"FR-CH\">2<\/span><\/sup><span lang=\"FR-CH\">\u00a0venons devant son visage pour le remercier,<\/span><\/p>\n<p class=\"yiv4465846653MsoNormal\"><span lang=\"FR-CH\">acclamons-le avec nos musiques.<\/span><\/p>\n<p class=\"yiv4465846653MsoNormal\"><i><u><span lang=\"FR-CH\">Refr<\/span><\/u><\/i><i><span lang=\"FR-CH\">.\u00a0:<\/span><\/i><b><span lang=\"FR-CH\">\u00a0\u00a0\u00a0\u00a0\u00a0\u00a0\u00a0\u00a0\u00a0\u00a0\u00a0\u00a0\u00a0\u00a0 Aujourd\u2019hui, ne fermez pas votre c\u0153ur,<\/span><\/b><\/p>\n<p class=\"yiv4465846653MsoNormal\"><b><span lang=\"FR-CH\">mais \u00e9coutez la voix du Seigneur !<\/span><\/b><\/p>\n<p class=\"yiv4465846653MsoNormal\"><span lang=\"FR-CH\">\u00a0<\/span><\/p>\n<p class=\"yiv4465846653MsoNormal\"><sup><span lang=\"FR-CH\">6<\/span><\/sup><span lang=\"FR-CH\">\u00a0Venez, nous allons nous incliner, nous prosterner,<\/span><\/p>\n<p class=\"yiv4465846653MsoNormal\"><span lang=\"FR-CH\">nous mettre \u00e0 genoux devant Yahv\u00e9h qui nous a faits !<\/span><\/p>\n<p class=\"yiv4465846653MsoNormal\"><sup><span lang=\"FR-CH\">7ab<\/span><\/sup><span lang=\"FR-CH\">\u00a0Oui, il est notre Dieu<\/span><\/p>\n<p class=\"yiv4465846653MsoNormal\"><span lang=\"FR-CH\">et nous sommes le peuple\u00a0<\/span><span lang=\"FR-CH\">dont il est le berger.<\/span><\/p>\n<p class=\"yiv4465846653MsoNormal\"><i><u><span lang=\"FR-CH\">Refr<\/span><\/u><\/i><i><span lang=\"FR-CH\">.\u00a0:<\/span><\/i><b><span lang=\"FR-CH\">\u00a0\u00a0\u00a0\u00a0\u00a0\u00a0\u00a0\u00a0\u00a0\u00a0\u00a0\u00a0\u00a0\u00a0 Aujourd\u2019hui, ne fermez pas votre c\u0153ur,<\/span><\/b><\/p>\n<p class=\"yiv4465846653MsoNormal\"><b><span lang=\"FR-CH\">mais \u00e9coutez la voix du Seigneur !<\/span><\/b><\/p>\n<p class=\"yiv4465846653MsoNormal\"><span lang=\"FR-CH\">\u00a0<\/span><\/p>\n<p class=\"yiv4465846653MsoNormal\"><sup><span lang=\"FR-CH\">7d<\/span><\/sup><span lang=\"FR-CH\">\u00a0Aujourd\u2019hui, si vous \u00e9coutiez sa voix\u2026\u00a0!<\/span><\/p>\n<p class=\"yiv4465846653MsoNormal\"><sup><span lang=\"FR-CH\">8a<\/span><\/sup><span lang=\"FR-CH\">\u00a0Ne durcissez pas votre c\u0153ur comme \u00e0 M\u00e9riba,<\/span><\/p>\n<p class=\"yiv4465846653MsoNormal\"><sup><span lang=\"FR-CH\">9<\/span><\/sup><span lang=\"FR-CH\">\u00a0l\u00e0, vos p\u00e8res m\u2019ont provoqu\u00e9 et mis \u00e0 l\u2019\u00e9preuve\u00a0;<\/span><\/p>\n<p class=\"yiv4465846653MsoNormal\"><span lang=\"FR-CH\">pourtant, ils avaient vu ce que j\u2019avais fait.<\/span><\/p>\n<p class=\"yiv4465846653MsoNormal\"><i><u><span lang=\"FR-CH\">Refr<\/span><\/u><\/i><i><span lang=\"FR-CH\">.\u00a0:<\/span><\/i><b><span lang=\"FR-CH\">\u00a0\u00a0\u00a0\u00a0\u00a0\u00a0\u00a0\u00a0\u00a0\u00a0\u00a0\u00a0\u00a0\u00a0 Aujourd\u2019hui, ne fermez pas votre c\u0153ur,<\/span><\/b><\/p>\n<p class=\"yiv4465846653MsoNormal\"><b><span lang=\"FR-CH\">mais \u00e9coutez la voix du Seigneur !<\/span><\/b><\/p>\n<p class=\"yiv4465846653MsoNormal\"><span lang=\"FR-CH\">\u00a0<\/span><\/p>\n<h5 class=\"yiv4465846653MsoNormal\"><span lang=\"FR-CH\">Deuxi\u00e8me lecture<\/span><\/h5>\n<p class=\"yiv4465846653MsoNormal\"><i><span lang=\"FR-CH\">Ce dimanche, et aussi dans les trois suivants, nous allons lire des pages de la Deuxi\u00e8me lettre \u00e0 Timoth\u00e9e, celui que Paul consid\u00e8re comme son enfant bien-aim\u00e9.<\/span><\/i><\/p>\n<p class=\"yiv4465846653MsoNormal\"><i><span lang=\"FR-CH\">La page de ce matin est tr\u00e8s personnelle\u00a0: l\u2019ap\u00f4tre, qui s\u2019exprime \u00e0 la premi\u00e8re personne, s\u2019adresse \u00e0 Timoth\u00e9e en lui disant\u00a0: \u00ab\u00a0je te rappelle ceci\u00a0\u00bb.\u00a0 Et le rappel est d\u00e9velopp\u00e9 en trois points<\/span><a title=\"\" href=\"https:\/\/mail.google.com\/mail\/u\/0\/#m_6091107133472217597__ftn11\" target=\"_blank\" rel=\"nofollow noopener noreferrer\" name=\"m_6091107133472217597__ftnref11\"><b>[11]<\/b><\/a><\/i><i><span lang=\"FR-CH\">. D\u2019abord raviver le don que Timoth\u00e9e a re\u00e7u de la part de Dieu\u00a0: \u00ab\u00a0garde bien vivant le don de Dieu, que tu as re\u00e7u quand j\u2019ai pos\u00e9 les mains sur ta t\u00eate\u00a0\u00bb (v. 6). Ce don, en quoi consiste-t-il\u00a0? C\u2019est un esprit qui \u00ab\u00a0nous remplit de force, d\u2019amour et de sagesse\u00a0\u00bb (v. 7).<\/span><\/i><\/p>\n<p class=\"yiv4465846653MsoNormal\"><i><span lang=\"FR-CH\">La deuxi\u00e8me exhortation (v. 8) est \u00e0 ne pas rougir de l\u2019\u00e9vangile. Il ne faut pas reculer devant l\u2019annonce de l\u2019\u00e9vangile, m\u00eame si cela peut provoquer des souffrances. Et dans ses souffrances, Timoth\u00e9e sera solidaire avec l\u2019auteur de la lettre.<\/span><\/i><\/p>\n<p class=\"yiv4465846653MsoNormal\"><i><span lang=\"FR-CH\">La troisi\u00e8me exhortation (vv. 13-14) concerne \u00ab\u00a0les saines paroles \u00bb que Timoth\u00e9e a re\u00e7ues. Il les a re\u00e7ues comme \u00ab\u00a0un beau tr\u00e9sor\u00a0\u00bb, un tr\u00e9sor \u00e0 garder avec l\u2019aide de l\u2019Esprit Saint. C\u2019est un message adress\u00e9 \u00e0 Timoth\u00e9e\u00a0; mais c\u2019est aussi un message adress\u00e9 \u00e0 chacune et \u00e0 chacun de nous.<\/span><\/i><\/p>\n<p class=\"yiv4465846653MsoNormal\"><i><span lang=\"FR-CH\">\u00a0<\/span><\/i><\/p>\n<p class=\"yiv4465846653MsoNormal\"><b><span lang=\"FR-CH\">Lecture de la Deuxi\u00e8me lettre \u00e0 Timoth\u00e9e (1,6-8 et 13-14)<\/span><\/b><\/p>\n<p class=\"yiv4465846653MsoNormal\"><span lang=\"FR-CH\">Mon bien-aim\u00e9,\u00a0<sup>6<\/sup>\u00a0je te rappelle ceci : garde bien vivant le don de Dieu, que tu as re\u00e7u quand j\u2019ai pos\u00e9 les mains sur ta t\u00eate.\u00a0<sup>7<\/sup>\u00a0En effet, l\u2019esprit que Dieu nous a donn\u00e9 n\u2019est pas un esprit de peur. Au contraire, cet esprit nous remplit de force, d\u2019amour et de sagesse.<\/span><\/p>\n<p class=\"yiv4465846653MsoNormal\"><sup><span lang=\"FR-CH\">8<\/span><\/sup><span lang=\"FR-CH\">\u00a0N\u2019aie donc pas honte de rendre t\u00e9moignage \u00e0 notre Seigneur, et n\u2019aie pas honte de moi, qui suis son prisonnier ; mais, avec la force de Dieu, prends part avec moi aux souffrances li\u00e9es \u00e0 l\u2019annonce de l\u2019\u00c9vangile.<\/span><\/p>\n<p class=\"yiv4465846653MsoNormal\"><sup><span lang=\"FR-CH\">13<\/span><\/sup><span lang=\"FR-CH\">\u00a0Prends comme mod\u00e8le les saines paroles que tu as re\u00e7ues de moi. Tu les as re\u00e7ues avec la foi et l\u2019amour que le Christ J\u00e9sus nous donne.\u00a0<sup>14<\/sup>\u00a0On t\u2019a confi\u00e9 un beau tr\u00e9sor. Garde-le avec l\u2019aide de l\u2019Esprit Saint qui habite en nous.<\/span><\/p>\n<p class=\"yiv4465846653MsoNormal\"><b><span lang=\"FR-CH\">Parole du Seigneur.<br \/><br \/><\/span><\/b><\/p>\n<p class=\"yiv4465846653MsoNormal\"><b><span lang=\"FR-CH\">All\u00e9luia. All\u00e9luia.<\/span><\/b><\/p>\n<p class=\"yiv4465846653MsoNormal\"><i><span lang=\"FR-CH\">La parole du Seigneur demeure pour toujours ;<\/span><\/i><\/p>\n<p class=\"yiv4465846653MsoNormal\"><i><span lang=\"FR-CH\">c\u2019est la bonne nouvelle qui vous a \u00e9t\u00e9 annonc\u00e9e.\u00a0<\/span><\/i><span lang=\"FR-CH\">(<i>1 Pierre<\/i>\u00a01,25)<i><\/i><\/span><\/p>\n<p class=\"yiv4465846653MsoNormal\"><b><span lang=\"FR-CH\">All\u00e9luia.<\/span><\/b><\/p>\n<p class=\"yiv4465846653MsoNormal\"><span lang=\"FR-CH\">\u00a0<\/span><\/p>\n<h5 class=\"yiv4465846653MsoNormal\"><span lang=\"FR-CH\">\u00c9vangile<\/span><\/h5>\n<p class=\"yiv4465846653MsoNormal\"><span lang=\"FR-CH\">\u00a0<\/span><i><span lang=\"FR-CH\">Le chapitre 17 de l\u2019\u00c9vangile de Luc insiste sur le pardon. Il faut accorder le pardon \u00e0 son fr\u00e8re qui commet une faute dans la communaut\u00e9, il faut lui accorder son pardon aussi lorsqu\u2019il \u00ab\u00a0commet une faute contre toi\u00a0\u00bb (v. 4). Et ce pardon est sans limites, m\u00eame si ton fr\u00e8re \u00ab\u00a0sept fois le jour\u00a0\u00bb commet une faute. La blessure relationnelle, si ton fr\u00e8re retourne vers toi, doit \u00eatre soign\u00e9e\u00a0: ni indiff\u00e9rence, ni silence, ni ressentiment<\/span><a title=\"\" href=\"https:\/\/mail.google.com\/mail\/u\/0\/#m_6091107133472217597__ftn12\" target=\"_blank\" rel=\"nofollow noopener noreferrer\" name=\"m_6091107133472217597__ftnref12\"><b>[12]<\/b><\/a><\/i><i><span lang=\"FR-CH\">.<\/span><\/i><\/p>\n<p class=\"yiv4465846653MsoNormal\"><i><span lang=\"FR-CH\">C\u2019est probablement devant cette exigence du pardon<\/span><a title=\"\" href=\"https:\/\/mail.google.com\/mail\/u\/0\/#m_6091107133472217597__ftn13\" target=\"_blank\" rel=\"nofollow noopener noreferrer\" name=\"m_6091107133472217597__ftnref13\"><b>[13]<\/b><\/a><\/i><i><span lang=\"FR-CH\">, que les disciples, conscients de leur faiblesse, demandent \u00e0 J\u00e9sus\u00a0: \u00ab\u00a0Augmente en nous la foi\u00a0!\u00a0\u00bb (v. 5). Devant cette requ\u00eate, la r\u00e9action de J\u00e9sus est surprenante\u00a0: au lieu de demander une foi plus grande, il faut tirer profit de la foi qu\u2019on a<\/span><a title=\"\" href=\"https:\/\/mail.google.com\/mail\/u\/0\/#m_6091107133472217597__ftn14\" target=\"_blank\" rel=\"nofollow noopener noreferrer\" name=\"m_6091107133472217597__ftnref14\"><b>[14]<\/b><\/a><\/i><i><span lang=\"FR-CH\">. M\u00eame dans sa faiblesse, m\u00eame dans sa foi petite \u00ab\u00a0comme une graine de moutarde\u00a0\u00bb, le croyant peut trouver la force de pardonner.<\/span><\/i><\/p>\n<p class=\"yiv4465846653MsoNormal\"><i><span lang=\"FR-CH\">Apr\u00e8s cette r\u00e9flexion sur la foi, J\u00e9sus invite les disciples \u00e0 prendre conscience de leur condition et de leur relation envers Dieu. Les croyants sont comparables \u00e0 des serviteurs. M\u00eame apr\u00e8s une journ\u00e9e de travail dans les champs ou dans la surveillance des troupeaux, \u00e0 la maison ils doivent accomplir de nouvelles t\u00e2ches\u00a0: pr\u00e9parer et servir le repas au ma\u00eetre, afin qu\u2019il puisse manger et boire. Seulement plus tard, le serviteur pourra avoir un repas de qualit\u00e9<\/span><a title=\"\" href=\"https:\/\/mail.google.com\/mail\/u\/0\/#m_6091107133472217597__ftn15\" target=\"_blank\" rel=\"nofollow noopener noreferrer\" name=\"m_6091107133472217597__ftnref15\"><b>[15]<\/b><\/a><\/i><i><span lang=\"FR-CH\">, manger et boire, comme le ma\u00eetre.<\/span><\/i><\/p>\n<p class=\"yiv4465846653MsoNormal\"><i><span lang=\"FR-CH\">En tout cas &#8211; et c\u2019est le message du dernier verset &#8211; le serviteur doit accomplir son devoir sans s\u2019attendre quelque f\u00e9licitation ou r\u00e9compense particuli\u00e8re. Dieu a besoin des hommes et des femmes<\/span><a title=\"\" href=\"https:\/\/mail.google.com\/mail\/u\/0\/#m_6091107133472217597__ftn16\" target=\"_blank\" rel=\"nofollow noopener noreferrer\" name=\"m_6091107133472217597__ftnref16\"><b>[16]<\/b><\/a><\/i><i><span lang=\"FR-CH\">, mais eux et elles ne doivent pas se croire particuli\u00e8rement indispensables. Ce message est comparable \u00e0 ce qu\u2019un abashingantahe juif enseignait deux d\u00e9cennies avant la r\u00e9daction de notre \u00c9vangile. A ceux qui consacraient leur vie \u00e0 l\u2019\u00e9tude de la Loi de Mo\u00efse, il recommandait\u00a0: \u00ab\u00a0si tu as appris beaucoup de la Loi de Mo\u00efse, n\u2019attribue pas de m\u00e9rite \u00e0 toi-m\u00eame. En effet, c\u2019est pour cela que tu as \u00e9t\u00e9 cr\u00e9\u00e9\u00a0\u00bb<\/span><a title=\"\" href=\"https:\/\/mail.google.com\/mail\/u\/0\/#m_6091107133472217597__ftn17\" target=\"_blank\" rel=\"nofollow noopener noreferrer\" name=\"m_6091107133472217597__ftnref17\"><b>[17]<\/b><\/a><\/i><i><span lang=\"FR-CH\">.<\/span><\/i><\/p>\n<p class=\"yiv4465846653MsoNormal\"><span lang=\"FR-CH\">\u00a0<\/span><\/p>\n<p class=\"yiv4465846653MsoNormal\"><b><span lang=\"FR-CH\">\u00c9vangile de J\u00e9sus Christ selon saint Luc (17,5-10)<\/span><\/b><\/p>\n<p class=\"yiv4465846653MsoNormal\"><sup><span lang=\"FR-CH\">5<\/span><\/sup><span lang=\"FR-CH\">\u00a0Les ap\u00f4tres dirent au Seigneur : \u00ab Augmente en nous la foi\u00a0! \u00bb<i><\/i><\/span><\/p>\n<p class=\"yiv4465846653MsoNormal\"><sup><span lang=\"FR-CH\">6<\/span><\/sup><span lang=\"FR-CH\">\u00a0Le Seigneur dit : \u00ab Si vous avez de la foi, m\u00eame petite comme une graine de moutarde, vous pouvez dire \u00e0 cet arbre\u00a0: \u201cD\u00e9racine-toi et va te planter dans la mer\u201d, et il vous ob\u00e9ira.<\/span><\/p>\n<p class=\"yiv4465846653MsoNormal\"><sup><span lang=\"FR-CH\">7<\/span><\/sup><span lang=\"FR-CH\">\u00a0\u00ab Supposons ceci : l\u2019un d\u2019entre vous a un serviteur qui cultive les champs ou qui garde les troupeaux. Lorsqu\u2019il voit le serviteur revenir des champs, va-t-il lui dire : \u201cViens vite te mettre \u00e0 table\u201d ?\u00a0<sup>8<\/sup>\u00a0Non, il lui dira plut\u00f4t : \u201cPr\u00e9pare mon repas, puis change de v\u00eatements pour me servir pendant que je mange et je bois. Apr\u00e8s quoi, tu pourras manger et boire \u00e0 ton tour\u201d.\u00a0<sup>9<\/sup>\u00a0Aura-t-il de la reconnaissance envers ce serviteur parce qu\u2019il a fait ce qui avait \u00e9t\u00e9 command\u00e9\u00a0?<i><\/i><\/span><\/p>\n<p class=\"yiv4465846653MsoNormal\"><sup><span lang=\"FR-CH\">10<\/span><\/sup><span lang=\"FR-CH\">\u00a0De m\u00eame, vous aussi, quand vous avez fait tout ce que Dieu vous commande, dites : \u201cNous sommes des serviteurs ordinaires, nous avons fait seulement ce que nous devions faire\u201d \u00bb.<br \/><br \/><i><\/i><\/span><\/p>\n<p class=\"yiv4465846653MsoNormal\"><b><span lang=\"FR-CH\">Acclamons la Parole de Dieu.<\/span><\/b><\/p>\n<p class=\"yiv4465846653MsoNormal\"><span lang=\"FR-CH\">\u00a0<\/span><\/p>\n<h5 class=\"yiv4465846653MsoNormal\"><span lang=\"FR-CH\">Pri\u00e8re d\u2019ouverture<br \/><br \/><\/span><\/h5>\n<p class=\"yiv4465846653MsoNormal\"><span lang=\"FR-CH\">Ne me donne pas, \u00f4 Ma\u00eetre,<\/span><\/p>\n<p class=\"yiv4465846653MsoNormal\"><span lang=\"FR-CH\">la gloire de ce monde, la gloire vaine,<\/span><\/p>\n<p class=\"yiv4465846653MsoNormal\"><span lang=\"FR-CH\">ne me donne pas la richesse qui passe,<\/span><\/p>\n<p class=\"yiv4465846653MsoNormal\"><span lang=\"FR-CH\">ni des talents d\u2019or, ni un tr\u00f4ne sublime,<\/span><\/p>\n<p class=\"yiv4465846653MsoNormal\"><span lang=\"FR-CH\">ni le pouvoir sur ces r\u00e9alit\u00e9s p\u00e9rissables\u00a0!<\/span><\/p>\n<p class=\"yiv4465846653MsoNormal\"><span lang=\"FR-CH\">Mets-moi avec les humbles,<\/span><\/p>\n<p class=\"yiv4465846653MsoNormal\"><span lang=\"FR-CH\">avec les pauvres et les doux,<\/span><\/p>\n<p class=\"yiv4465846653MsoNormal\"><span lang=\"FR-CH\">que je devienne, moi aussi, et humble et doux\u00a0;<\/span><\/p>\n<p class=\"yiv4465846653MsoNormal\"><span lang=\"FR-CH\">ne T\u2019irrite pas, ne d\u00e9tourne pas de moi Ton visage,<\/span><\/p>\n<p class=\"yiv4465846653MsoNormal\"><span lang=\"FR-CH\">mais enseigne-moi \u00e0 accomplir Ta volont\u00e9,<\/span><\/p>\n<p class=\"yiv4465846653MsoNormal\"><span lang=\"FR-CH\">car je ne cherche pas \u00e0 ce que ma volont\u00e9 se fasse,<\/span><\/p>\n<p class=\"yiv4465846653MsoNormal\"><span lang=\"FR-CH\">mais la Tienne, afin de Te servir, Mis\u00e9ricordieux<\/span><a title=\"\" href=\"https:\/\/mail.google.com\/mail\/u\/0\/#m_6091107133472217597__ftn18\" target=\"_blank\" rel=\"nofollow noopener noreferrer\" name=\"m_6091107133472217597__ftnref18\">[18]<\/a><span lang=\"FR-CH\">.<\/span><\/p>\n<p class=\"yiv4465846653MsoNormal\"><span lang=\"FR-CH\">[Sym\u00e9on le nouveau th\u00e9ologien\u00a0: Byzance 949-1022]<\/span><\/p>\n<p class=\"yiv4465846653MsoNormal\"><span lang=\"FR-CH\">\u00a0<\/span><\/p>\n<h5 class=\"yiv4465846653MsoNormal\"><span lang=\"FR-CH\">Pri\u00e8re des fid\u00e8les<\/span><\/h5>\n<p class=\"yiv4465846653MsoNormal\"><span lang=\"FR-CH\">* La situation v\u00e9cue par Habacuc est vraiment comparable \u00e0 la n\u00f4tre\u00a0: violence, pillage, discorde qui se d\u00e9cha\u00eene. Mais Dieu, \u00e0 travers le proph\u00e8te, nous encourage. Nous devons nous engager pour la justice. C\u2019est le seul choix correct, le seul choix qui nous ouvre \u00e0 l\u2019avenir. En effet, \u00ab\u00a0le juste\u00a0\u00bb, celui qui s\u2019engage pour la justice, \u00ab\u00a0vivra par sa fid\u00e9lit\u00e9<i>\u00a0<\/i>\u00bb. Soutiens-nous, Seigneur, sur ce chemin.<\/span><\/p>\n<p class=\"yiv4465846653MsoNormal\"><span lang=\"FR-CH\">* Seigneur Dieu, encore aujourd\u2019hui, \u00e0 travers ton Esprit, tu nous adresses ta parole. Eh bien, aide-nous \u00e0 ne pas avoir un c\u0153ur de pierre. Aide-nous \u00e0 ne pas faire comme les Isra\u00e9lites qui, dans le d\u00e9sert, t\u2019ont mis \u00e0 l\u2019\u00e9preuve. Et \u00ab\u00a0<\/span><span lang=\"FR-CH\">pourtant, ils avaient vu\u00a0\u00bb ce que tu avais fait.<\/span><\/p>\n<p class=\"yiv4465846653MsoNormal\"><span lang=\"FR-CH\">* La lettre \u00e0 Timoth\u00e9e nous exhorte \u00e0 prendre comme mod\u00e8le de r\u00e9f\u00e9rence les paroles de la Bonne Nouvelle, les \u00ab\u00a0saines paroles \u00bb que nous avons \u00ab\u00a0re\u00e7ues avec la foi et l\u2019amour que le Christ J\u00e9sus nous donne\u00a0\u00bb. Donne-nous ton Esprit, J\u00e9sus\u00a0: il nous permettra de garder ces paroles et de les mettre en pratique jour apr\u00e8s jour.<\/span><\/p>\n<p class=\"yiv4465846653MsoNormal\"><span lang=\"FR-CH\">* Trop fr\u00e9quemment, h\u00e9las, nous travaillons en vue de recevoir une reconnaissance pour ce que nous faisons. Mais l\u2019\u00c9vangile nous invite \u00e0 travailler en ayant conscience de nos limites, et \u00e0 nous r\u00e9jouir de pouvoir \u00eatre \u00e0 ton service. Permets-nous, J\u00e9sus notre fr\u00e8re, d\u2019accomplir ce que tu nous demandes et de nous en r\u00e9jouir sans chercher une reconnaissance ailleurs.<\/span><\/p>\n<div><a href=\"https:\/\/absi.ch\/new\/wp-content\/uploads\/2025\/10\/Eucharistie-5-octobre-2025.pdf\" target=\"_blank\" rel=\"noopener\"><em>&gt; testo (pdf)<\/em><\/a><br clear=\"all\" \/><hr align=\"left\" size=\"1\" width=\"33%\" \/>\n<div id=\"yiv4465846653m_6091107133472217597gmail-ftn1\">\n<p><a title=\"\" href=\"https:\/\/mail.google.com\/mail\/u\/0\/#m_6091107133472217597__ftnref1\" target=\"_blank\" rel=\"nofollow noopener noreferrer\" name=\"m_6091107133472217597__ftn1\"><span lang=\"IT\">[1]<\/span><\/a><span lang=\"IT\">\u00a0Cf. D. Scaiola,\u00a0<i>Naum, Abacuc, Sofonia. Introduzione, traduzione e commento<\/i>, Edizioni San Paolo, Cinisello Balsamo (Milano), 2013, p. 64.<\/span><\/p>\n<\/div>\n<div id=\"yiv4465846653m_6091107133472217597gmail-ftn2\">\n<p><a title=\"\" href=\"https:\/\/mail.google.com\/mail\/u\/0\/#m_6091107133472217597__ftnref2\" target=\"_blank\" rel=\"nofollow noopener noreferrer\" name=\"m_6091107133472217597__ftn2\"><span lang=\"IT\">[2]<\/span><\/a><span lang=\"IT\">\u00a0Cf. E. Zenger,\u00a0<i>Il libro dei dodici profeti<\/i>, dans E. Zenger (ed.),\u00a0<i>Introduzione all\u2019Antico Testamento<\/i>, Queriniana, Brescia, 2008, p. 849.<\/span><\/p>\n<\/div>\n<div id=\"yiv4465846653m_6091107133472217597gmail-ftn3\">\n<p><a title=\"\" href=\"https:\/\/mail.google.com\/mail\/u\/0\/#m_6091107133472217597__ftnref3\" target=\"_blank\" rel=\"nofollow noopener noreferrer\" name=\"m_6091107133472217597__ftn3\"><span lang=\"IT\">[3]<\/span><\/a><span lang=\"IT\">\u00a0Cf. A. Spreafico,\u00a0<i>La voce di Dio. Per capire i profeti<\/i>, EDB, Bologna, 2014, p. 290.<\/span><\/p>\n<\/div>\n<div id=\"yiv4465846653m_6091107133472217597gmail-ftn4\">\n<p><a title=\"\" href=\"https:\/\/mail.google.com\/mail\/u\/0\/#m_6091107133472217597__ftnref4\" target=\"_blank\" rel=\"nofollow noopener noreferrer\" name=\"m_6091107133472217597__ftn4\"><span lang=\"IT\">[4]<\/span><\/a><span lang=\"IT\">\u00a0R. Rendtorff,\u00a0<i>Teologia dell\u2019Antico Testamento. Volume primo: sviluppo canonico<\/i>, Claudiana, Torino, 2001, p. 319.<\/span><\/p>\n<\/div>\n<div id=\"yiv4465846653m_6091107133472217597gmail-ftn5\">\n<p><a title=\"\" href=\"https:\/\/mail.google.com\/mail\/u\/0\/#m_6091107133472217597__ftnref5\" target=\"_blank\" rel=\"nofollow noopener noreferrer\" name=\"m_6091107133472217597__ftn5\"><span lang=\"FR\">[5]<\/span><\/a><span lang=\"FR\">\u00a0Cf. D. Barth\u00e9lemy,\u00a0<i>Critique textuelle de l&#8217;Ancien Testament. Tome 3. \u00c9z\u00e9chiel, Daniel et les 12 Proph\u00e8tes<\/i>, \u00c9ditions universitaires &#8211; Vandenhoeck &amp; Ruprecht, Fribourg &#8211; G\u00f6ttingen, 1992, p. 844.<\/span><\/p>\n<\/div>\n<div id=\"yiv4465846653m_6091107133472217597gmail-ftn6\">\n<p><a title=\"\" href=\"https:\/\/mail.google.com\/mail\/u\/0\/#m_6091107133472217597__ftnref6\" target=\"_blank\" rel=\"nofollow noopener noreferrer\" name=\"m_6091107133472217597__ftn6\"><span lang=\"FR\">[6]<\/span><\/a><span lang=\"FR\">\u00a0<\/span><span lang=\"FR-CH\">Pour la signification du mot h\u00e9breu traduit par \u00ab\u00a0fid\u00e9lit\u00e9\u00a0\u00bb, cf.\u00a0<\/span><span lang=\"FR\">G. Savoca,\u00a0<i>Abdia.\u00a0<\/i><\/span><i><span lang=\"IT\">Naum. Abacuc. Sofonia<\/span><\/i><span lang=\"IT\">.\u00a0<i>Nuova versione, introduzione e commento<\/i>, Paoline, Milano, 2006, p. 116<\/span>.<\/p>\n<\/div>\n<div id=\"yiv4465846653m_6091107133472217597gmail-ftn7\">\n<p><a title=\"\" href=\"https:\/\/mail.google.com\/mail\/u\/0\/#m_6091107133472217597__ftnref7\" target=\"_blank\" rel=\"nofollow noopener noreferrer\" name=\"m_6091107133472217597__ftn7\"><span lang=\"FR\">[7]<\/span><\/a><span lang=\"FR\">\u00a0<\/span><span lang=\"FR-CH\">Pour le r\u00f4le de cette affirmation dans l\u2019activit\u00e9 du proph\u00e8te, cf.\u00a0<\/span><span lang=\"DE\">U. Wilckens,\u00a0<i>Studienf\u00fchrer Altes Testament<\/i>, Fontis, Brunnen \u2013 Basel, 2015, p. 304s.<\/span><\/p>\n<\/div>\n<div id=\"yiv4465846653m_6091107133472217597gmail-ftn8\">\n<p><a title=\"\" href=\"https:\/\/mail.google.com\/mail\/u\/0\/#m_6091107133472217597__ftnref8\" target=\"_blank\" rel=\"nofollow noopener noreferrer\" name=\"m_6091107133472217597__ftn8\"><span lang=\"FR\">[8]<\/span><\/a><span lang=\"FR\">\u00a0<\/span><span lang=\"FR\">Pour la structure du psaume, on peut lire<\/span><span lang=\"DE-CH\">\u00a0F.-L. Hossfeld,\u00a0<i>Psalm 95<\/i>, dans F.-L. Hossfeld \u2013 E. Zenger,\u00a0<i>Psalmen 51-100<\/i>, Herder, Freiburg &#8211; Basel &#8211; Wien, 2000, p. 662ss.<\/span><\/p>\n<\/div>\n<div id=\"yiv4465846653m_6091107133472217597gmail-ftn9\">\n<p><a title=\"\" href=\"https:\/\/mail.google.com\/mail\/u\/0\/#m_6091107133472217597__ftnref9\" target=\"_blank\" rel=\"nofollow noopener noreferrer\" name=\"m_6091107133472217597__ftn9\"><span lang=\"FR\">[9]<\/span><\/a><span lang=\"FR\">\u00a0<\/span><span lang=\"FR-CH\">Pour les difficult\u00e9s du texte h\u00e9breu de ce verset, cf. D. Barth\u00e9lemy,\u00a0<i>Critique textuelle de l\u2019Ancien Testament. Tome 4. Psaumes<\/i>, Academic Press &#8211; Vandenhoeck &amp; Ruprecht, Fribourg &#8211; G\u00f6ttingen, 2005, p. 667-669.<\/span><\/p>\n<\/div>\n<div id=\"yiv4465846653m_6091107133472217597gmail-ftn10\">\n<p><a title=\"\" href=\"https:\/\/mail.google.com\/mail\/u\/0\/#m_6091107133472217597__ftnref10\" target=\"_blank\" rel=\"nofollow noopener noreferrer\" name=\"m_6091107133472217597__ftn10\"><span lang=\"FR\">[10]<\/span><\/a><span lang=\"FR\">\u00a0<\/span><span lang=\"FR\">Cf. M. Girard,\u00a0<i>Les psaumes red\u00e9couverts. De la structure au sens (Ps 51-100)<\/i>, Bellarmin, Montr\u00e9al, 1994, p. 577.<\/span><\/p>\n<\/div>\n<div id=\"yiv4465846653m_6091107133472217597gmail-ftn11\">\n<p><a title=\"\" href=\"https:\/\/mail.google.com\/mail\/u\/0\/#m_6091107133472217597__ftnref11\" target=\"_blank\" rel=\"nofollow noopener noreferrer\" name=\"m_6091107133472217597__ftn11\"><span lang=\"FR\">[11]<\/span><\/a><span lang=\"FR\">\u00a0<\/span><span lang=\"FR-CH\">Cf. M. Gourgues,\u00a0<i>Les deux lettres \u00e0 Timoth\u00e9e. La lettre \u00e0 Tite<\/i>, Cerf, Paris, 2009, p. 251ss.<\/span><\/p>\n<\/div>\n<div id=\"yiv4465846653m_6091107133472217597gmail-ftn12\">\n<p><a title=\"\" href=\"https:\/\/mail.google.com\/mail\/u\/0\/#m_6091107133472217597__ftnref12\" target=\"_blank\" rel=\"nofollow noopener noreferrer\" name=\"m_6091107133472217597__ftn12\"><span lang=\"FR\">[12]<\/span><\/a><span lang=\"FR\">\u00a0Cf. D. Marguerat et E. Steffek,\u00a0<i>\u00c9vangile selon Luc<\/i>, dans\u00a0<i>Le Nouveau Testament comment\u00e9<\/i>, sous la direction de C. Focant et D. Marguerat, Bayard &#8211; Labor et fides, Paris &#8211; Gen\u00e8ve, 2012, p. 353.<\/span><\/p>\n<\/div>\n<div id=\"yiv4465846653m_6091107133472217597gmail-ftn13\">\n<p><a title=\"\" href=\"https:\/\/mail.google.com\/mail\/u\/0\/#m_6091107133472217597__ftnref13\" target=\"_blank\" rel=\"nofollow noopener noreferrer\" name=\"m_6091107133472217597__ftn13\"><span lang=\"FR\">[13]<\/span><\/a><span lang=\"DE-CH\">\u00a0Cf. H. Klein,\u00a0<i>Das Lukasevangelium<\/i>, Vandenhoeck &amp; Ruprecht, G\u00f6ttingen, 2006, p. 560.<\/span><\/p>\n<\/div>\n<div id=\"yiv4465846653m_6091107133472217597gmail-ftn14\">\n<p><a title=\"\" href=\"https:\/\/mail.google.com\/mail\/u\/0\/#m_6091107133472217597__ftnref14\" target=\"_blank\" rel=\"nofollow noopener noreferrer\" name=\"m_6091107133472217597__ftn14\"><span lang=\"FR\">[14]<\/span><\/a><span lang=\"DE-CH\">\u00a0W. Schmithals,\u00a0<i>Das Evangelium nach Lukas<\/i>, TVZ, Z\u00fcrich, 1980, p. 173.<\/span><\/p>\n<\/div>\n<div id=\"yiv4465846653m_6091107133472217597gmail-ftn15\">\n<p><a title=\"\" href=\"https:\/\/mail.google.com\/mail\/u\/0\/#m_6091107133472217597__ftnref15\" target=\"_blank\" rel=\"nofollow noopener noreferrer\" name=\"m_6091107133472217597__ftn15\"><span lang=\"FR\">[15]<\/span><\/a><span lang=\"DE-CH\">\u00a0Cf. H. Klein,\u00a0<i>Das Lukasevangelium<\/i>, Vandenhoeck &amp; Ruprecht, G\u00f6ttingen, 2006, p. 561.<\/span><\/p>\n<\/div>\n<div id=\"yiv4465846653m_6091107133472217597gmail-ftn16\">\n<p><a title=\"\" href=\"https:\/\/mail.google.com\/mail\/u\/0\/#m_6091107133472217597__ftnref16\" target=\"_blank\" rel=\"nofollow noopener noreferrer\" name=\"m_6091107133472217597__ftn16\"><span lang=\"FR\">[16]<\/span><\/a><span lang=\"FR\">\u00a0Cf. F. Bovon,\u00a0<i>L\u2019\u00c9vangile selon saint Luc. 15,1-19,27<\/i>, Labor et fides, Gen\u00e8ve, 2001, p. 127.<\/span><\/p>\n<\/div>\n<div id=\"yiv4465846653m_6091107133472217597gmail-ftn17\">\n<p><a title=\"\" href=\"https:\/\/mail.google.com\/mail\/u\/0\/#m_6091107133472217597__ftnref17\" target=\"_blank\" rel=\"nofollow noopener noreferrer\" name=\"m_6091107133472217597__ftn17\"><span lang=\"FR\">[17]<\/span><\/a><span lang=\"DE-CH\">\u00a0Cf. H. L. Strack \u2013 P. Billerbeck,\u00a0<i>Kommentar zum Neuen Testament aus Talmud<\/i>\u00a0<i>und Midrasch<\/i>, Beck, M\u00fcnchen, 1924, Bd.\u00a0<\/span><span lang=\"FR\">II, S. 235. Une id\u00e9e semblable se retrouvera dans le journal intime de Marc Aur\u00e8le\u00a0: \u00ab\u00a0L\u2019humain, n\u00e9 pour la bienfaisance, lorsqu\u2019il accomplit quelque action bienfaisante, ou simplement s\u2019il aide son prochain dans les choses ordinaires, agit conform\u00e9ment \u00e0 sa constitution et il a, ainsi, sa propre r\u00e9compense, d\u2019\u00eatre soi-m\u00eame\u00a0\u00bb (<i>Pens\u00e9es<\/i>\u00a09,42).<\/span><\/p>\n<\/div>\n<div id=\"yiv4465846653m_6091107133472217597gmail-ftn18\">\n<p><a title=\"\" href=\"https:\/\/mail.google.com\/mail\/u\/0\/#m_6091107133472217597__ftnref18\" target=\"_blank\" rel=\"nofollow noopener noreferrer\" name=\"m_6091107133472217597__ftn18\"><span lang=\"FR\">[18]<\/span><\/a><span lang=\"FR\">\u00a0A. Chafigoulina,\u00a0<i>Les 100 plus belles pri\u00e8res du monde, choisies et pr\u00e9sent\u00e9es<\/i>, Calmann-L\u00e9vy, Paris, 1999, p. 166.<\/span><\/p>\n<\/div>\n<\/div>\n<\/div>    <\/div>\n<\/div>\n<!-- \/module text -->\n\t        <\/div>\n\t    \t<\/div>\n\t\t    <\/div>\n\t    <!-- \/row_inner -->\n\t<\/div>\n\t<!-- \/module_row -->\n\t<\/div>\n\n","protected":false},"excerpt":{"rendered":"<p>27\u00e8me\u00a0dimanche du Temps Ordinaire \u2014 Ann\u00e9e C \u00a0 Aujourd\u2019hui, si vous \u00e9coutiez sa voix\u2026\u00a0\u00bb (Ps\u00a095,7) \u00a0 Premi\u00e8re lecture\u00a0 Comme premi\u00e8re lecture, ce matin nous allons \u00e9couter deux petits textes d\u2019Habacuc. De cet auteur nous ne savons presque rien. Nous connaissons seulement le nom, Habacuc. En h\u00e9breu, son nom signifie \u00ab\u00a0celui qui embrasse\u00a0\u00bb. Probablement, ce mot [&hellip;]<\/p>\n","protected":false},"author":1,"featured_media":19196,"comment_status":"closed","ping_status":"open","sticky":false,"template":"","format":"standard","meta":{"footnotes":""},"categories":[40,218],"tags":[42],"class_list":["post-19574","post","type-post","status-publish","format-standard","has-post-thumbnail","hentry","category-rpe","category-rp_eucharistie-2025","tag-rp","has-post-title","no-post-date","has-post-category","has-post-tag","has-post-comment","has-post-author",""],"builder_content":"<p style=\"text-align: left;\" align=\"center\">27<sup>\u00e8me<\/sup>\u00a0dimanche du Temps Ordinaire \u2014 Ann\u00e9e C<\/p> <p style=\"text-align: left;\" align=\"center\">\u00a0<\/p> <h3 style=\"text-align: left;\" align=\"center\">Aujourd\u2019hui, si vous \u00e9coutiez sa voix\u2026\u00a0\u00bb (<i>Ps<\/i>\u00a095,7)<\/h3> <p>\u00a0<\/p> <h5>Premi\u00e8re lecture\u00a0<\/h5> <p><i>Comme premi\u00e8re lecture, ce matin nous allons \u00e9couter deux petits textes d\u2019Habacuc. De cet auteur nous ne savons presque rien. Nous connaissons seulement le nom, Habacuc. En h\u00e9breu, son nom signifie \u00ab\u00a0celui qui embrasse\u00a0\u00bb. Probablement, ce mot veut nous parler d\u2019une personne qui embrasse son peuple, qui le r\u00e9conforte, qui le tient dans ses bras<a title=\"\" href=\"https:\/\/mail.google.com\/mail\/u\/0\/#m_6091107133472217597__ftn1\" target=\"_blank\" rel=\"nofollow noopener noreferrer\" name=\"m_6091107133472217597__ftnref1\"><b>[1]<\/b><\/a><\/i><i>. Nous savons aussi qu\u2019Habacuc est un proph\u00e8te et que Dieu s\u2019est manifest\u00e9 \u00e0 lui \u00e0 travers une \u00ab\u00a0parole\u00a0\u00bb, une \u00ab\u00a0vision\u00a0\u00bb<a title=\"\" href=\"https:\/\/mail.google.com\/mail\/u\/0\/#m_6091107133472217597__ftn2\" target=\"_blank\" rel=\"nofollow noopener noreferrer\" name=\"m_6091107133472217597__ftnref2\"><b>[2]<\/b><\/a><\/i><i>.<\/i><\/p> <p><i>Du livre d\u2019Habacuc, nous allons lire deux petits textes. D\u2019abord la premi\u00e8re page (1,2-3). Elle nous donne la lamentation que le proph\u00e8te adresse \u00e0 Dieu devant la violence et l\u2019oppression qui r\u00e8gnent dans le royaume de Juda. La pri\u00e8re du proph\u00e8te a commenc\u00e9 d\u00e9j\u00e0 au pass\u00e9<a title=\"\" href=\"https:\/\/mail.google.com\/mail\/u\/0\/#m_6091107133472217597__ftn3\" target=\"_blank\" rel=\"nofollow noopener noreferrer\" name=\"m_6091107133472217597__ftnref3\"><b>[3]<\/b><\/a><\/i><i>. Voil\u00e0 pourquoi, en s\u2019adressant \u00e0 Dieu, il lui dit\u00a0: \u00ab\u00a0Jusqu\u2019\u00e0 quand\u00a0?\u00a0\u00bb. Et le proph\u00e8te continue en lui demandant\u00a0: \u00ab\u00a0Pourquoi\u00a0?\u00a0\u00bb. En effet, Habacuc vit dans une situation un peu comme la n\u00f4tre, une situation dans laquelle il n\u2019y a que \u00ab\u00a0pillage et violence\u00a0\u00bb (v. 3)\u00a0; il n\u2019y a que disputes et discorde (v. 3), et dans cette situation le m\u00e9chant l\u2019emporte sur le juste.<\/i><\/p> <p><i>Dans le second petit texte (2,2-4), nous avons la r\u00e9ponse de Dieu. Celle-ci lui est annonc\u00e9e comme une vision, et le proph\u00e8te devra la mettre par \u00e9crit, car elle va se r\u00e9aliser seulement plus tard\u00a0; mais elle se r\u00e9alisera, sans aucun doute<a title=\"\" href=\"https:\/\/mail.google.com\/mail\/u\/0\/#m_6091107133472217597__ftn4\" target=\"_blank\" rel=\"nofollow noopener noreferrer\" name=\"m_6091107133472217597__ftnref4\"><b>[4]<\/b><\/a><\/i><i>. Devant cette parole de Dieu, il y a l\u2019insouciant, celui qui ne la prend pas au s\u00e9rieux<a title=\"\" href=\"https:\/\/mail.google.com\/mail\/u\/0\/#m_6091107133472217597__ftn5\" target=\"_blank\" rel=\"nofollow noopener noreferrer\" name=\"m_6091107133472217597__ftnref5\"><b>[5]<\/b><\/a><\/i><i>. Mais il y a aussi ceux qui vont prendre soin de cette parole. Celui ou celle qui va prendre au s\u00e9rieux cette parole est qualifi\u00e9 comme une personne juste. Et, m\u00eame dans une situation tr\u00e8s difficile, \u00ab\u00a0le juste vivra par sa fid\u00e9lit\u00e9 \u00bb<a title=\"\" href=\"https:\/\/mail.google.com\/mail\/u\/0\/#m_6091107133472217597__ftn6\" target=\"_blank\" rel=\"nofollow noopener noreferrer\" name=\"m_6091107133472217597__ftnref6\"><b>[6]<\/b><\/a><\/i><i>. Cette affirmation peut nous orienter et encourager dans notre vie<a title=\"\" href=\"https:\/\/mail.google.com\/mail\/u\/0\/#m_6091107133472217597__ftn7\" target=\"_blank\" rel=\"nofollow noopener noreferrer\" name=\"m_6091107133472217597__ftnref7\"><b>[7]<\/b><\/a><\/i><i>.<\/i><\/p> <p>\u00a0<\/p> <p><b>Lecture du livre du proph\u00e8te Habacuc (1,2-3 et 2,2-4)<\/b><\/p> <p><b>1<\/b><sup>2<\/sup>\u00a0\u00ab<sup>\u00a0<\/sup>Jusqu\u2019\u00e0 quand, Yahv\u00e9h, appellerai-je au secours sans que tu entendes ? Jusqu\u2019\u00e0 quand crierai-je vers toi : \"Violence !\" sans que tu sauves ?\u00a0<sup>3<\/sup>\u00a0Pourquoi me fais-tu voir le mal\u00a0? Pourquoi regardes-tu notre mis\u00e8re sans r\u00e9agir ? Pillage et violence sont devant moi. Il y a des disputes, et discorde se d\u00e9cha\u00eene.<\/p> <p><b>2<\/b><sup>2<\/sup>\u00a0Et m\u2019a r\u00e9pondu, Yahv\u00e9h, il m\u2019a dit :<\/p> <p>\u00ab\u00a0\u00c9cris la vision, \u00e9cris-la clairement sur les tablettes afin qu\u2019on puisse la lire couramment.\u00a0<sup>3<\/sup>\u00a0Car c\u2019est encore une vision pour le temps fix\u00e9, elle tend vers son accomplissement, elle ne trompera pas. Si elle para\u00eet tarder, attends-la\u00a0: elle viendra sans tarder.\u00a0<sup>4<\/sup>\u00a0Celui qui ne la prend pas au s\u00e9rieux, sa conscience n\u2019est pas loyale en lui\u00a0; mais le juste vivra par sa fid\u00e9lit\u00e9 \u00bb.<\/p> <p><b>Parole du Seigneur.<\/b><\/p> <p>\u00a0<\/p> <h5>Psaume<\/h5> <p><i>Le psaume 95 a une structure un peu complexe<\/i><a title=\"\" href=\"https:\/\/mail.google.com\/mail\/u\/0\/#m_6091107133472217597__ftn8\" target=\"_blank\" rel=\"nofollow noopener noreferrer\" name=\"m_6091107133472217597__ftnref8\"><i><b>[8]<\/b><\/i><\/a><i>. Deux voix diff\u00e9rentes entrent en jeu.<\/i><\/p> <p><i>La premi\u00e8re voix est celle d\u2019un soliste qui invite la communaut\u00e9 \u00e0 c\u00e9l\u00e9brer Dieu, Dieu qui est la source du salut (vv. 1-2)\u00a0: il est celui qui nous a cr\u00e9\u00e9(e)s (v. 6).<\/i><\/p> <p><i>Apr\u00e8s cette d\u00e9claration faite par le soliste, la communaut\u00e9 intervient pour souligner les soins que Dieu a pour elle. En effet, la communaut\u00e9 d\u00e9clare\u00a0: \u00ab\u00a0Oui, il est notre Dieu et nous sommes le peuple\u00a0<\/i><i>dont il est le berger<\/i><i>\u00a0\u00bb (v. 7)<\/i><a title=\"\" href=\"https:\/\/mail.google.com\/mail\/u\/0\/#m_6091107133472217597__ftn9\" target=\"_blank\" rel=\"nofollow noopener noreferrer\" name=\"m_6091107133472217597__ftnref9\"><i><b>[9]<\/b><\/i><\/a><i>.<\/i><\/p> <p><i>Ensuite, il y aura une voix qui nous met en garde. Le risque, notre risque comme celui d\u2019Isra\u00ebl dans le d\u00e9sert, est celui de l\u2019infid\u00e9lit\u00e9, du manque de confiance par rapport \u00e0 Dieu. C\u2019est ce qui s\u2019est pass\u00e9 \u00e0 M\u00e9riba, comme le livre des Nombres (20,1-13) l\u2019a d\u00e9crit. Et pourtant, avoue le po\u00e8te au nom de Dieu, \u00ab pourtant, ils avaient vu ce que j\u2019avais fait \u00bb (v. 9).<\/i><\/p> <p><i>Par rapport \u00e0 ces exp\u00e9riences n\u00e9gatives, le po\u00e8te nous invite \u00e0 un comportement bien diff\u00e9rent\u00a0: \u00ab\u00a0Aujourd\u2019hui, si vous \u00e9coutiez sa voix\u2026\u00a0! Ne durcissez pas votre c\u0153ur\u00a0\u00bb (vv. 7d-8).<\/i><\/p> <p><i>A travers cette \u00e9coute, \u00e0 travers cette ouverture du c\u0153ur, nous pouvons nous ouvrir \u00e0 l\u2019espoir. M\u00eame plong\u00e9(e)s dans la souffrance et dans des probl\u00e8mes qui nous apparaissent sans solution, nous pouvons ouvrir notre c\u0153ur \u00e0 Dieu, nous pouvons constater, jour apr\u00e8s jour, qu\u2019il est \u00ab\u00a0notre Dieu\u00a0\u00bb (v. 7a). Il ne nous abandonne pas<\/i><a title=\"\" href=\"https:\/\/mail.google.com\/mail\/u\/0\/#m_6091107133472217597__ftn10\" target=\"_blank\" rel=\"nofollow noopener noreferrer\" name=\"m_6091107133472217597__ftnref10\"><i><b>[10]<\/b><\/i><\/a><i>\u00a0: nous sommes\u00a0\u00ab\u00a0le peuple\u00a0<\/i><i>dont il est le berger<\/i><i>\u00a0\u00bb (v. 7b).<\/i><\/p> <p><i>\u00c9coutons ce texte et intervenons, toutes et tous ensemble, avec ce refrain qui reprend les mots du po\u00e8te (vv.<\/i>\u00a08a et 7d)<i>\u00a0:<\/i><\/p> <p><b>Aujourd\u2019hui, ne fermez pas votre c\u0153ur,<br \/><\/b><b>mais \u00e9coutez la voix du Seigneur ! (cf.\u00a0<i>Ps<\/i>\u00a094,8a.7d)<\/b><\/p> <p><i>\u00a0<\/i><\/p> <p><b>Psaume 95 (versets 1-2.\u00a0 6-7ab.\u00a0 7d-8a.9)<\/b><\/p> <p><sup>1<\/sup>\u00a0Allez, crions notre joie pour Yahv\u00e9h,<\/p> <p>acclamons le Rocher qui nous sauve,<\/p> <p><sup>2<\/sup>\u00a0venons devant son visage pour le remercier,<\/p> <p>acclamons-le avec nos musiques.<\/p> <p><i><u>Refr<\/u><\/i><i>.\u00a0:<\/i><b>\u00a0\u00a0\u00a0\u00a0\u00a0\u00a0\u00a0\u00a0\u00a0\u00a0\u00a0\u00a0\u00a0\u00a0 Aujourd\u2019hui, ne fermez pas votre c\u0153ur,<\/b><\/p> <p><b>mais \u00e9coutez la voix du Seigneur !<\/b><\/p> <p>\u00a0<\/p> <p><sup>6<\/sup>\u00a0Venez, nous allons nous incliner, nous prosterner,<\/p> <p>nous mettre \u00e0 genoux devant Yahv\u00e9h qui nous a faits !<\/p> <p><sup>7ab<\/sup>\u00a0Oui, il est notre Dieu<\/p> <p>et nous sommes le peuple\u00a0dont il est le berger.<\/p> <p><i><u>Refr<\/u><\/i><i>.\u00a0:<\/i><b>\u00a0\u00a0\u00a0\u00a0\u00a0\u00a0\u00a0\u00a0\u00a0\u00a0\u00a0\u00a0\u00a0\u00a0 Aujourd\u2019hui, ne fermez pas votre c\u0153ur,<\/b><\/p> <p><b>mais \u00e9coutez la voix du Seigneur !<\/b><\/p> <p>\u00a0<\/p> <p><sup>7d<\/sup>\u00a0Aujourd\u2019hui, si vous \u00e9coutiez sa voix\u2026\u00a0!<\/p> <p><sup>8a<\/sup>\u00a0Ne durcissez pas votre c\u0153ur comme \u00e0 M\u00e9riba,<\/p> <p><sup>9<\/sup>\u00a0l\u00e0, vos p\u00e8res m\u2019ont provoqu\u00e9 et mis \u00e0 l\u2019\u00e9preuve\u00a0;<\/p> <p>pourtant, ils avaient vu ce que j\u2019avais fait.<\/p> <p><i><u>Refr<\/u><\/i><i>.\u00a0:<\/i><b>\u00a0\u00a0\u00a0\u00a0\u00a0\u00a0\u00a0\u00a0\u00a0\u00a0\u00a0\u00a0\u00a0\u00a0 Aujourd\u2019hui, ne fermez pas votre c\u0153ur,<\/b><\/p> <p><b>mais \u00e9coutez la voix du Seigneur !<\/b><\/p> <p>\u00a0<\/p> <h5>Deuxi\u00e8me lecture<\/h5> <p><i>Ce dimanche, et aussi dans les trois suivants, nous allons lire des pages de la Deuxi\u00e8me lettre \u00e0 Timoth\u00e9e, celui que Paul consid\u00e8re comme son enfant bien-aim\u00e9.<\/i><\/p> <p><i>La page de ce matin est tr\u00e8s personnelle\u00a0: l\u2019ap\u00f4tre, qui s\u2019exprime \u00e0 la premi\u00e8re personne, s\u2019adresse \u00e0 Timoth\u00e9e en lui disant\u00a0: \u00ab\u00a0je te rappelle ceci\u00a0\u00bb.\u00a0 Et le rappel est d\u00e9velopp\u00e9 en trois points<a title=\"\" href=\"https:\/\/mail.google.com\/mail\/u\/0\/#m_6091107133472217597__ftn11\" target=\"_blank\" rel=\"nofollow noopener noreferrer\" name=\"m_6091107133472217597__ftnref11\"><b>[11]<\/b><\/a><\/i><i>. D\u2019abord raviver le don que Timoth\u00e9e a re\u00e7u de la part de Dieu\u00a0: \u00ab\u00a0garde bien vivant le don de Dieu, que tu as re\u00e7u quand j\u2019ai pos\u00e9 les mains sur ta t\u00eate\u00a0\u00bb (v. 6). Ce don, en quoi consiste-t-il\u00a0? C\u2019est un esprit qui \u00ab\u00a0nous remplit de force, d\u2019amour et de sagesse\u00a0\u00bb (v. 7).<\/i><\/p> <p><i>La deuxi\u00e8me exhortation (v. 8) est \u00e0 ne pas rougir de l\u2019\u00e9vangile. Il ne faut pas reculer devant l\u2019annonce de l\u2019\u00e9vangile, m\u00eame si cela peut provoquer des souffrances. Et dans ses souffrances, Timoth\u00e9e sera solidaire avec l\u2019auteur de la lettre.<\/i><\/p> <p><i>La troisi\u00e8me exhortation (vv. 13-14) concerne \u00ab\u00a0les saines paroles \u00bb que Timoth\u00e9e a re\u00e7ues. Il les a re\u00e7ues comme \u00ab\u00a0un beau tr\u00e9sor\u00a0\u00bb, un tr\u00e9sor \u00e0 garder avec l\u2019aide de l\u2019Esprit Saint. C\u2019est un message adress\u00e9 \u00e0 Timoth\u00e9e\u00a0; mais c\u2019est aussi un message adress\u00e9 \u00e0 chacune et \u00e0 chacun de nous.<\/i><\/p> <p><i>\u00a0<\/i><\/p> <p><b>Lecture de la Deuxi\u00e8me lettre \u00e0 Timoth\u00e9e (1,6-8 et 13-14)<\/b><\/p> <p>Mon bien-aim\u00e9,\u00a0<sup>6<\/sup>\u00a0je te rappelle ceci : garde bien vivant le don de Dieu, que tu as re\u00e7u quand j\u2019ai pos\u00e9 les mains sur ta t\u00eate.\u00a0<sup>7<\/sup>\u00a0En effet, l\u2019esprit que Dieu nous a donn\u00e9 n\u2019est pas un esprit de peur. Au contraire, cet esprit nous remplit de force, d\u2019amour et de sagesse.<\/p> <p><sup>8<\/sup>\u00a0N\u2019aie donc pas honte de rendre t\u00e9moignage \u00e0 notre Seigneur, et n\u2019aie pas honte de moi, qui suis son prisonnier ; mais, avec la force de Dieu, prends part avec moi aux souffrances li\u00e9es \u00e0 l\u2019annonce de l\u2019\u00c9vangile.<\/p> <p><sup>13<\/sup>\u00a0Prends comme mod\u00e8le les saines paroles que tu as re\u00e7ues de moi. Tu les as re\u00e7ues avec la foi et l\u2019amour que le Christ J\u00e9sus nous donne.\u00a0<sup>14<\/sup>\u00a0On t\u2019a confi\u00e9 un beau tr\u00e9sor. Garde-le avec l\u2019aide de l\u2019Esprit Saint qui habite en nous.<\/p> <p><b>Parole du Seigneur.<br \/><br \/><\/b><\/p> <p><b>All\u00e9luia. All\u00e9luia.<\/b><\/p> <p><i>La parole du Seigneur demeure pour toujours ;<\/i><\/p> <p><i>c\u2019est la bonne nouvelle qui vous a \u00e9t\u00e9 annonc\u00e9e.\u00a0<\/i>(<i>1 Pierre<\/i>\u00a01,25)<i><\/i><\/p> <p><b>All\u00e9luia.<\/b><\/p> <p>\u00a0<\/p> <h5>\u00c9vangile<\/h5> <p>\u00a0<i>Le chapitre 17 de l\u2019\u00c9vangile de Luc insiste sur le pardon. Il faut accorder le pardon \u00e0 son fr\u00e8re qui commet une faute dans la communaut\u00e9, il faut lui accorder son pardon aussi lorsqu\u2019il \u00ab\u00a0commet une faute contre toi\u00a0\u00bb (v. 4). Et ce pardon est sans limites, m\u00eame si ton fr\u00e8re \u00ab\u00a0sept fois le jour\u00a0\u00bb commet une faute. La blessure relationnelle, si ton fr\u00e8re retourne vers toi, doit \u00eatre soign\u00e9e\u00a0: ni indiff\u00e9rence, ni silence, ni ressentiment<a title=\"\" href=\"https:\/\/mail.google.com\/mail\/u\/0\/#m_6091107133472217597__ftn12\" target=\"_blank\" rel=\"nofollow noopener noreferrer\" name=\"m_6091107133472217597__ftnref12\"><b>[12]<\/b><\/a><\/i><i>.<\/i><\/p> <p><i>C\u2019est probablement devant cette exigence du pardon<a title=\"\" href=\"https:\/\/mail.google.com\/mail\/u\/0\/#m_6091107133472217597__ftn13\" target=\"_blank\" rel=\"nofollow noopener noreferrer\" name=\"m_6091107133472217597__ftnref13\"><b>[13]<\/b><\/a><\/i><i>, que les disciples, conscients de leur faiblesse, demandent \u00e0 J\u00e9sus\u00a0: \u00ab\u00a0Augmente en nous la foi\u00a0!\u00a0\u00bb (v. 5). Devant cette requ\u00eate, la r\u00e9action de J\u00e9sus est surprenante\u00a0: au lieu de demander une foi plus grande, il faut tirer profit de la foi qu\u2019on a<a title=\"\" href=\"https:\/\/mail.google.com\/mail\/u\/0\/#m_6091107133472217597__ftn14\" target=\"_blank\" rel=\"nofollow noopener noreferrer\" name=\"m_6091107133472217597__ftnref14\"><b>[14]<\/b><\/a><\/i><i>. M\u00eame dans sa faiblesse, m\u00eame dans sa foi petite \u00ab\u00a0comme une graine de moutarde\u00a0\u00bb, le croyant peut trouver la force de pardonner.<\/i><\/p> <p><i>Apr\u00e8s cette r\u00e9flexion sur la foi, J\u00e9sus invite les disciples \u00e0 prendre conscience de leur condition et de leur relation envers Dieu. Les croyants sont comparables \u00e0 des serviteurs. M\u00eame apr\u00e8s une journ\u00e9e de travail dans les champs ou dans la surveillance des troupeaux, \u00e0 la maison ils doivent accomplir de nouvelles t\u00e2ches\u00a0: pr\u00e9parer et servir le repas au ma\u00eetre, afin qu\u2019il puisse manger et boire. Seulement plus tard, le serviteur pourra avoir un repas de qualit\u00e9<a title=\"\" href=\"https:\/\/mail.google.com\/mail\/u\/0\/#m_6091107133472217597__ftn15\" target=\"_blank\" rel=\"nofollow noopener noreferrer\" name=\"m_6091107133472217597__ftnref15\"><b>[15]<\/b><\/a><\/i><i>, manger et boire, comme le ma\u00eetre.<\/i><\/p> <p><i>En tout cas - et c\u2019est le message du dernier verset - le serviteur doit accomplir son devoir sans s\u2019attendre quelque f\u00e9licitation ou r\u00e9compense particuli\u00e8re. Dieu a besoin des hommes et des femmes<a title=\"\" href=\"https:\/\/mail.google.com\/mail\/u\/0\/#m_6091107133472217597__ftn16\" target=\"_blank\" rel=\"nofollow noopener noreferrer\" name=\"m_6091107133472217597__ftnref16\"><b>[16]<\/b><\/a><\/i><i>, mais eux et elles ne doivent pas se croire particuli\u00e8rement indispensables. Ce message est comparable \u00e0 ce qu\u2019un abashingantahe juif enseignait deux d\u00e9cennies avant la r\u00e9daction de notre \u00c9vangile. A ceux qui consacraient leur vie \u00e0 l\u2019\u00e9tude de la Loi de Mo\u00efse, il recommandait\u00a0: \u00ab\u00a0si tu as appris beaucoup de la Loi de Mo\u00efse, n\u2019attribue pas de m\u00e9rite \u00e0 toi-m\u00eame. En effet, c\u2019est pour cela que tu as \u00e9t\u00e9 cr\u00e9\u00e9\u00a0\u00bb<a title=\"\" href=\"https:\/\/mail.google.com\/mail\/u\/0\/#m_6091107133472217597__ftn17\" target=\"_blank\" rel=\"nofollow noopener noreferrer\" name=\"m_6091107133472217597__ftnref17\"><b>[17]<\/b><\/a><\/i><i>.<\/i><\/p> <p>\u00a0<\/p> <p><b>\u00c9vangile de J\u00e9sus Christ selon saint Luc (17,5-10)<\/b><\/p> <p><sup>5<\/sup>\u00a0Les ap\u00f4tres dirent au Seigneur : \u00ab Augmente en nous la foi\u00a0! \u00bb<i><\/i><\/p> <p><sup>6<\/sup>\u00a0Le Seigneur dit : \u00ab Si vous avez de la foi, m\u00eame petite comme une graine de moutarde, vous pouvez dire \u00e0 cet arbre\u00a0: \u201cD\u00e9racine-toi et va te planter dans la mer\u201d, et il vous ob\u00e9ira.<\/p> <p><sup>7<\/sup>\u00a0\u00ab Supposons ceci : l\u2019un d\u2019entre vous a un serviteur qui cultive les champs ou qui garde les troupeaux. Lorsqu\u2019il voit le serviteur revenir des champs, va-t-il lui dire : \u201cViens vite te mettre \u00e0 table\u201d ?\u00a0<sup>8<\/sup>\u00a0Non, il lui dira plut\u00f4t : \u201cPr\u00e9pare mon repas, puis change de v\u00eatements pour me servir pendant que je mange et je bois. Apr\u00e8s quoi, tu pourras manger et boire \u00e0 ton tour\u201d.\u00a0<sup>9<\/sup>\u00a0Aura-t-il de la reconnaissance envers ce serviteur parce qu\u2019il a fait ce qui avait \u00e9t\u00e9 command\u00e9\u00a0?<i><\/i><\/p> <p><sup>10<\/sup>\u00a0De m\u00eame, vous aussi, quand vous avez fait tout ce que Dieu vous commande, dites : \u201cNous sommes des serviteurs ordinaires, nous avons fait seulement ce que nous devions faire\u201d \u00bb.<br \/><br \/><i><\/i><\/p> <p><b>Acclamons la Parole de Dieu.<\/b><\/p> <p>\u00a0<\/p> <h5>Pri\u00e8re d\u2019ouverture<br \/><br \/><\/h5> <p>Ne me donne pas, \u00f4 Ma\u00eetre,<\/p> <p>la gloire de ce monde, la gloire vaine,<\/p> <p>ne me donne pas la richesse qui passe,<\/p> <p>ni des talents d\u2019or, ni un tr\u00f4ne sublime,<\/p> <p>ni le pouvoir sur ces r\u00e9alit\u00e9s p\u00e9rissables\u00a0!<\/p> <p>Mets-moi avec les humbles,<\/p> <p>avec les pauvres et les doux,<\/p> <p>que je devienne, moi aussi, et humble et doux\u00a0;<\/p> <p>ne T\u2019irrite pas, ne d\u00e9tourne pas de moi Ton visage,<\/p> <p>mais enseigne-moi \u00e0 accomplir Ta volont\u00e9,<\/p> <p>car je ne cherche pas \u00e0 ce que ma volont\u00e9 se fasse,<\/p> <p>mais la Tienne, afin de Te servir, Mis\u00e9ricordieux<a title=\"\" href=\"https:\/\/mail.google.com\/mail\/u\/0\/#m_6091107133472217597__ftn18\" target=\"_blank\" rel=\"nofollow noopener noreferrer\" name=\"m_6091107133472217597__ftnref18\">[18]<\/a>.<\/p> <p>[Sym\u00e9on le nouveau th\u00e9ologien\u00a0: Byzance 949-1022]<\/p> <p>\u00a0<\/p> <h5>Pri\u00e8re des fid\u00e8les<\/h5> <p>* La situation v\u00e9cue par Habacuc est vraiment comparable \u00e0 la n\u00f4tre\u00a0: violence, pillage, discorde qui se d\u00e9cha\u00eene. Mais Dieu, \u00e0 travers le proph\u00e8te, nous encourage. Nous devons nous engager pour la justice. C\u2019est le seul choix correct, le seul choix qui nous ouvre \u00e0 l\u2019avenir. En effet, \u00ab\u00a0le juste\u00a0\u00bb, celui qui s\u2019engage pour la justice, \u00ab\u00a0vivra par sa fid\u00e9lit\u00e9<i>\u00a0<\/i>\u00bb. Soutiens-nous, Seigneur, sur ce chemin.<\/p> <p>* Seigneur Dieu, encore aujourd\u2019hui, \u00e0 travers ton Esprit, tu nous adresses ta parole. Eh bien, aide-nous \u00e0 ne pas avoir un c\u0153ur de pierre. Aide-nous \u00e0 ne pas faire comme les Isra\u00e9lites qui, dans le d\u00e9sert, t\u2019ont mis \u00e0 l\u2019\u00e9preuve. Et \u00ab\u00a0pourtant, ils avaient vu\u00a0\u00bb ce que tu avais fait.<\/p> <p>* La lettre \u00e0 Timoth\u00e9e nous exhorte \u00e0 prendre comme mod\u00e8le de r\u00e9f\u00e9rence les paroles de la Bonne Nouvelle, les \u00ab\u00a0saines paroles \u00bb que nous avons \u00ab\u00a0re\u00e7ues avec la foi et l\u2019amour que le Christ J\u00e9sus nous donne\u00a0\u00bb. Donne-nous ton Esprit, J\u00e9sus\u00a0: il nous permettra de garder ces paroles et de les mettre en pratique jour apr\u00e8s jour.<\/p> <p>* Trop fr\u00e9quemment, h\u00e9las, nous travaillons en vue de recevoir une reconnaissance pour ce que nous faisons. Mais l\u2019\u00c9vangile nous invite \u00e0 travailler en ayant conscience de nos limites, et \u00e0 nous r\u00e9jouir de pouvoir \u00eatre \u00e0 ton service. Permets-nous, J\u00e9sus notre fr\u00e8re, d\u2019accomplir ce que tu nous demandes et de nous en r\u00e9jouir sans chercher une reconnaissance ailleurs.<\/p> <a href=\"https:\/\/absi.ch\/new\/wp-content\/uploads\/2025\/10\/Eucharistie-5-octobre-2025.pdf\" target=\"_blank\" rel=\"noopener\"><em>&gt; testo (pdf)<\/em><\/a><br clear=\"all\" \/><hr align=\"left\" size=\"1\" width=\"33%\" \/>\n<p><a title=\"\" href=\"https:\/\/mail.google.com\/mail\/u\/0\/#m_6091107133472217597__ftnref1\" target=\"_blank\" rel=\"nofollow noopener noreferrer\" name=\"m_6091107133472217597__ftn1\">[1]<\/a>\u00a0Cf. D. Scaiola,\u00a0<i>Naum, Abacuc, Sofonia. Introduzione, traduzione e commento<\/i>, Edizioni San Paolo, Cinisello Balsamo (Milano), 2013, p. 64.<\/p>\n<p><a title=\"\" href=\"https:\/\/mail.google.com\/mail\/u\/0\/#m_6091107133472217597__ftnref2\" target=\"_blank\" rel=\"nofollow noopener noreferrer\" name=\"m_6091107133472217597__ftn2\">[2]<\/a>\u00a0Cf. E. Zenger,\u00a0<i>Il libro dei dodici profeti<\/i>, dans E. Zenger (ed.),\u00a0<i>Introduzione all\u2019Antico Testamento<\/i>, Queriniana, Brescia, 2008, p. 849.<\/p>\n<p><a title=\"\" href=\"https:\/\/mail.google.com\/mail\/u\/0\/#m_6091107133472217597__ftnref3\" target=\"_blank\" rel=\"nofollow noopener noreferrer\" name=\"m_6091107133472217597__ftn3\">[3]<\/a>\u00a0Cf. A. Spreafico,\u00a0<i>La voce di Dio. Per capire i profeti<\/i>, EDB, Bologna, 2014, p. 290.<\/p>\n<p><a title=\"\" href=\"https:\/\/mail.google.com\/mail\/u\/0\/#m_6091107133472217597__ftnref4\" target=\"_blank\" rel=\"nofollow noopener noreferrer\" name=\"m_6091107133472217597__ftn4\">[4]<\/a>\u00a0R. Rendtorff,\u00a0<i>Teologia dell\u2019Antico Testamento. Volume primo: sviluppo canonico<\/i>, Claudiana, Torino, 2001, p. 319.<\/p>\n<p><a title=\"\" href=\"https:\/\/mail.google.com\/mail\/u\/0\/#m_6091107133472217597__ftnref5\" target=\"_blank\" rel=\"nofollow noopener noreferrer\" name=\"m_6091107133472217597__ftn5\">[5]<\/a>\u00a0Cf. D. Barth\u00e9lemy,\u00a0<i>Critique textuelle de l'Ancien Testament. Tome 3. \u00c9z\u00e9chiel, Daniel et les 12 Proph\u00e8tes<\/i>, \u00c9ditions universitaires - Vandenhoeck &amp; Ruprecht, Fribourg - G\u00f6ttingen, 1992, p. 844.<\/p>\n<p><a title=\"\" href=\"https:\/\/mail.google.com\/mail\/u\/0\/#m_6091107133472217597__ftnref6\" target=\"_blank\" rel=\"nofollow noopener noreferrer\" name=\"m_6091107133472217597__ftn6\">[6]<\/a>\u00a0Pour la signification du mot h\u00e9breu traduit par \u00ab\u00a0fid\u00e9lit\u00e9\u00a0\u00bb, cf.\u00a0G. Savoca,\u00a0<i>Abdia.\u00a0<\/i><i>Naum. Abacuc. Sofonia<\/i>.\u00a0<i>Nuova versione, introduzione e commento<\/i>, Paoline, Milano, 2006, p. 116.<\/p>\n<p><a title=\"\" href=\"https:\/\/mail.google.com\/mail\/u\/0\/#m_6091107133472217597__ftnref7\" target=\"_blank\" rel=\"nofollow noopener noreferrer\" name=\"m_6091107133472217597__ftn7\">[7]<\/a>\u00a0Pour le r\u00f4le de cette affirmation dans l\u2019activit\u00e9 du proph\u00e8te, cf.\u00a0U. Wilckens,\u00a0<i>Studienf\u00fchrer Altes Testament<\/i>, Fontis, Brunnen \u2013 Basel, 2015, p. 304s.<\/p>\n<p><a title=\"\" href=\"https:\/\/mail.google.com\/mail\/u\/0\/#m_6091107133472217597__ftnref8\" target=\"_blank\" rel=\"nofollow noopener noreferrer\" name=\"m_6091107133472217597__ftn8\">[8]<\/a>\u00a0Pour la structure du psaume, on peut lire\u00a0F.-L. Hossfeld,\u00a0<i>Psalm 95<\/i>, dans F.-L. Hossfeld \u2013 E. Zenger,\u00a0<i>Psalmen 51-100<\/i>, Herder, Freiburg - Basel - Wien, 2000, p. 662ss.<\/p>\n<p><a title=\"\" href=\"https:\/\/mail.google.com\/mail\/u\/0\/#m_6091107133472217597__ftnref9\" target=\"_blank\" rel=\"nofollow noopener noreferrer\" name=\"m_6091107133472217597__ftn9\">[9]<\/a>\u00a0Pour les difficult\u00e9s du texte h\u00e9breu de ce verset, cf. D. Barth\u00e9lemy,\u00a0<i>Critique textuelle de l\u2019Ancien Testament. Tome 4. Psaumes<\/i>, Academic Press - Vandenhoeck &amp; Ruprecht, Fribourg - G\u00f6ttingen, 2005, p. 667-669.<\/p>\n<p><a title=\"\" href=\"https:\/\/mail.google.com\/mail\/u\/0\/#m_6091107133472217597__ftnref10\" target=\"_blank\" rel=\"nofollow noopener noreferrer\" name=\"m_6091107133472217597__ftn10\">[10]<\/a>\u00a0Cf. M. Girard,\u00a0<i>Les psaumes red\u00e9couverts. De la structure au sens (Ps 51-100)<\/i>, Bellarmin, Montr\u00e9al, 1994, p. 577.<\/p>\n<p><a title=\"\" href=\"https:\/\/mail.google.com\/mail\/u\/0\/#m_6091107133472217597__ftnref11\" target=\"_blank\" rel=\"nofollow noopener noreferrer\" name=\"m_6091107133472217597__ftn11\">[11]<\/a>\u00a0Cf. M. Gourgues,\u00a0<i>Les deux lettres \u00e0 Timoth\u00e9e. La lettre \u00e0 Tite<\/i>, Cerf, Paris, 2009, p. 251ss.<\/p>\n<p><a title=\"\" href=\"https:\/\/mail.google.com\/mail\/u\/0\/#m_6091107133472217597__ftnref12\" target=\"_blank\" rel=\"nofollow noopener noreferrer\" name=\"m_6091107133472217597__ftn12\">[12]<\/a>\u00a0Cf. D. Marguerat et E. Steffek,\u00a0<i>\u00c9vangile selon Luc<\/i>, dans\u00a0<i>Le Nouveau Testament comment\u00e9<\/i>, sous la direction de C. Focant et D. Marguerat, Bayard - Labor et fides, Paris - Gen\u00e8ve, 2012, p. 353.<\/p>\n<p><a title=\"\" href=\"https:\/\/mail.google.com\/mail\/u\/0\/#m_6091107133472217597__ftnref13\" target=\"_blank\" rel=\"nofollow noopener noreferrer\" name=\"m_6091107133472217597__ftn13\">[13]<\/a>\u00a0Cf. H. Klein,\u00a0<i>Das Lukasevangelium<\/i>, Vandenhoeck &amp; Ruprecht, G\u00f6ttingen, 2006, p. 560.<\/p>\n<p><a title=\"\" href=\"https:\/\/mail.google.com\/mail\/u\/0\/#m_6091107133472217597__ftnref14\" target=\"_blank\" rel=\"nofollow noopener noreferrer\" name=\"m_6091107133472217597__ftn14\">[14]<\/a>\u00a0W. Schmithals,\u00a0<i>Das Evangelium nach Lukas<\/i>, TVZ, Z\u00fcrich, 1980, p. 173.<\/p>\n<p><a title=\"\" href=\"https:\/\/mail.google.com\/mail\/u\/0\/#m_6091107133472217597__ftnref15\" target=\"_blank\" rel=\"nofollow noopener noreferrer\" name=\"m_6091107133472217597__ftn15\">[15]<\/a>\u00a0Cf. H. Klein,\u00a0<i>Das Lukasevangelium<\/i>, Vandenhoeck &amp; Ruprecht, G\u00f6ttingen, 2006, p. 561.<\/p>\n<p><a title=\"\" href=\"https:\/\/mail.google.com\/mail\/u\/0\/#m_6091107133472217597__ftnref16\" target=\"_blank\" rel=\"nofollow noopener noreferrer\" name=\"m_6091107133472217597__ftn16\">[16]<\/a>\u00a0Cf. F. Bovon,\u00a0<i>L\u2019\u00c9vangile selon saint Luc. 15,1-19,27<\/i>, Labor et fides, Gen\u00e8ve, 2001, p. 127.<\/p>\n<p><a title=\"\" href=\"https:\/\/mail.google.com\/mail\/u\/0\/#m_6091107133472217597__ftnref17\" target=\"_blank\" rel=\"nofollow noopener noreferrer\" name=\"m_6091107133472217597__ftn17\">[17]<\/a>\u00a0Cf. H. L. Strack \u2013 P. Billerbeck,\u00a0<i>Kommentar zum Neuen Testament aus Talmud<\/i>\u00a0<i>und Midrasch<\/i>, Beck, M\u00fcnchen, 1924, Bd.\u00a0II, S. 235. Une id\u00e9e semblable se retrouvera dans le journal intime de Marc Aur\u00e8le\u00a0: \u00ab\u00a0L\u2019humain, n\u00e9 pour la bienfaisance, lorsqu\u2019il accomplit quelque action bienfaisante, ou simplement s\u2019il aide son prochain dans les choses ordinaires, agit conform\u00e9ment \u00e0 sa constitution et il a, ainsi, sa propre r\u00e9compense, d\u2019\u00eatre soi-m\u00eame\u00a0\u00bb (<i>Pens\u00e9es<\/i>\u00a09,42).<\/p>\n<p><a title=\"\" href=\"https:\/\/mail.google.com\/mail\/u\/0\/#m_6091107133472217597__ftnref18\" target=\"_blank\" rel=\"nofollow noopener noreferrer\" name=\"m_6091107133472217597__ftn18\">[18]<\/a>\u00a0A. Chafigoulina,\u00a0<i>Les 100 plus belles pri\u00e8res du monde, choisies et pr\u00e9sent\u00e9es<\/i>, Calmann-L\u00e9vy, Paris, 1999, p. 166.<\/p>","_links":{"self":[{"href":"https:\/\/absi.ch\/new\/wp-json\/wp\/v2\/posts\/19574","targetHints":{"allow":["GET"]}}],"collection":[{"href":"https:\/\/absi.ch\/new\/wp-json\/wp\/v2\/posts"}],"about":[{"href":"https:\/\/absi.ch\/new\/wp-json\/wp\/v2\/types\/post"}],"author":[{"embeddable":true,"href":"https:\/\/absi.ch\/new\/wp-json\/wp\/v2\/users\/1"}],"replies":[{"embeddable":true,"href":"https:\/\/absi.ch\/new\/wp-json\/wp\/v2\/comments?post=19574"}],"version-history":[{"count":2,"href":"https:\/\/absi.ch\/new\/wp-json\/wp\/v2\/posts\/19574\/revisions"}],"predecessor-version":[{"id":19577,"href":"https:\/\/absi.ch\/new\/wp-json\/wp\/v2\/posts\/19574\/revisions\/19577"}],"wp:featuredmedia":[{"embeddable":true,"href":"https:\/\/absi.ch\/new\/wp-json\/wp\/v2\/media\/19196"}],"wp:attachment":[{"href":"https:\/\/absi.ch\/new\/wp-json\/wp\/v2\/media?parent=19574"}],"wp:term":[{"taxonomy":"category","embeddable":true,"href":"https:\/\/absi.ch\/new\/wp-json\/wp\/v2\/categories?post=19574"},{"taxonomy":"post_tag","embeddable":true,"href":"https:\/\/absi.ch\/new\/wp-json\/wp\/v2\/tags?post=19574"}],"curies":[{"name":"wp","href":"https:\/\/api.w.org\/{rel}","templated":true}]}}