{"id":20056,"date":"2026-03-20T17:01:44","date_gmt":"2026-03-20T16:01:44","guid":{"rendered":"https:\/\/absi.ch\/new\/2026\/03\/il-dio-in-cui-non-crediamo-copy\/"},"modified":"2026-03-20T17:16:37","modified_gmt":"2026-03-20T16:16:37","slug":"giuseppe-siamo-noi-dialogo-tra-tre-padri","status":"publish","type":"post","link":"https:\/\/absi.ch\/new\/2026\/03\/giuseppe-siamo-noi-dialogo-tra-tre-padri\/","title":{"rendered":"Giuseppe siamo noi. Dialogo tra tre padri"},"content":{"rendered":"<!--themify_builder_content-->\n<div id=\"themify_builder_content-20056\" data-postid=\"20056\" class=\"themify_builder_content themify_builder_content-20056 themify_builder tf_clear\">\n                    <div  data-lazy=\"1\" class=\"module_row themify_builder_row tb_oird090 tb_first tf_w\">\n                        <div class=\"row_inner col_align_top tb_col_count_1 tf_box tf_rel\">\n                        <div  data-lazy=\"1\" class=\"module_column tb-column col-full tb_ws6g912 first\">\n                            <div  data-lazy=\"1\" class=\"module_subrow themify_builder_sub_row tf_w col_align_top tb_col_count_2 tb_yas7909\">\n                <div  data-lazy=\"1\" class=\"module_column sub_column col2-1 tb_gcs7999 first\">\n                    <!-- module image -->\n<div  class=\"module module-image tb_5xsd988 image-left   auto_fullwidth tf_mw\" data-lazy=\"1\">\n        <div class=\"image-wrap tf_rel tf_mw\">\n            <img loading=\"lazy\" decoding=\"async\" width=\"962\" height=\"1444\" src=\"https:\/\/absi.ch\/new\/wp-content\/uploads\/2026\/03\/giuseppe-siamo-noi-1.png\" class=\"wp-post-image wp-image-20063\" title=\"giuseppe-siamo-noi\" alt=\"\" srcset=\"https:\/\/absi.ch\/new\/wp-content\/uploads\/2026\/03\/giuseppe-siamo-noi-1.png 962w, https:\/\/absi.ch\/new\/wp-content\/uploads\/2026\/03\/giuseppe-siamo-noi-1-200x300.png 200w, https:\/\/absi.ch\/new\/wp-content\/uploads\/2026\/03\/giuseppe-siamo-noi-1-768x1153.png 768w\" sizes=\"auto, (max-width: 962px) 100vw, 962px\" \/>    \n        <\/div>\n    <!-- \/image-wrap -->\n    \n        <\/div>\n<!-- \/module image -->        <\/div>\n                    <div  data-lazy=\"1\" class=\"module_column sub_column col2-1 tb_2efr299 last\">\n                    <!-- module text -->\n<div  class=\"module module-text tb_0ehu003   \" data-lazy=\"1\">\n        <div  class=\"tb_text_wrap\">\n        <h4 data-start=\"892\" data-end=\"908\">23 marzo 2026 &#8211; ore 20.15<br \/><strong>Centro pastorale S. Giuseppe (via Cantonale 2\/a, Lugano)<\/strong><\/h4>\n<h2>Moderatore: Francesco Muratori<br \/>Intervengono: Prof. Ernesto Borghi e Johnny Dotti<\/h2>\n<p>Un momento di riflessione condivisa sulle relazioni familiari, il lavoro e la responsabilit\u00e0. Il cuore della serata vedr\u00e0 il confronto tra due prospettive complementari: Johnny Dotti, imprenditore sociale e pedagogista, porter\u00e0 la sua esperienza di padre ed educatore per tessere un legame tra fede e vita quotidiana; il Prof. Borghi, da biblista, offrir\u00e0 una chiave di lettura teologica e biblica, rendendo attuale la figura di San Giuseppe per l&#8217;uomo di oggi.<\/p>    <\/div>\n<\/div>\n<!-- \/module text -->        <\/div>\n                    <\/div>\n                <\/div>\n                        <\/div>\n        <\/div>\n                        <div  data-lazy=\"1\" class=\"module_row themify_builder_row tb_j509920 tf_w\">\n                        <div class=\"row_inner col_align_top tb_col_count_1 tf_box tf_rel\">\n                        <div  data-lazy=\"1\" class=\"module_column tb-column col-full tb_lgmz099 first\">\n                    <!-- module text -->\n<div  class=\"module module-text tb_ca72928   \" data-lazy=\"1\">\n        <div  class=\"tb_text_wrap\">\n        <p data-start=\"1116\" data-end=\"1214\">\u00a0<\/p>\n<hr data-start=\"1216\" data-end=\"1219\" \/>\n<h4 data-start=\"1221\" data-end=\"1243\">Per approfondimenti<\/h4>\n<p data-start=\"1244\" data-end=\"1329\"><a href=\"https:\/\/absi.ch\/new\/wp-content\/uploads\/2026\/03\/Giuseppe-nel-cammino-biblico.pdf\" target=\"_blank\" rel=\"noopener\">&gt; San Giuseppe nel cammino biblico a cura di Ernesto Borghi (pdf)<\/a><\/p>    <\/div>\n<\/div>\n<!-- \/module text -->        <\/div>\n                        <\/div>\n        <\/div>\n        <\/div>\n<!--\/themify_builder_content-->","protected":false},"excerpt":{"rendered":"<p>23 marzo 2026 &#8211; ore 20.15Centro pastorale S. Giuseppe (via Cantonale 2\/a, Lugano) Moderatore: Francesco MuratoriIntervengono: Prof. Ernesto Borghi e Johnny Dotti Un momento di riflessione condivisa sulle relazioni familiari, il lavoro e la responsabilit\u00e0. Il cuore della serata vedr\u00e0 il confronto tra due prospettive complementari: Johnny Dotti, imprenditore sociale e pedagogista, porter\u00e0 la sua [&hellip;]<\/p>\n","protected":false},"author":1,"featured_media":20063,"comment_status":"closed","ping_status":"open","sticky":false,"template":"","format":"standard","meta":{"footnotes":""},"categories":[172,220],"tags":[],"class_list":["post-20056","post","type-post","status-publish","format-standard","has-post-thumbnail","hentry","category-attivita","category-attivita-2026","has-post-title","has-post-date","has-post-category","has-post-tag","has-post-comment","has-post-author",""],"builder_content":"<img src=\"https:\/\/absi.ch\/new\/wp-content\/uploads\/2026\/03\/giuseppe-siamo-noi-1.png\" title=\"giuseppe-siamo-noi\" alt=\"\" srcset=\"https:\/\/absi.ch\/new\/wp-content\/uploads\/2026\/03\/giuseppe-siamo-noi-1.png 962w, https:\/\/absi.ch\/new\/wp-content\/uploads\/2026\/03\/giuseppe-siamo-noi-1-200x300.png 200w, https:\/\/absi.ch\/new\/wp-content\/uploads\/2026\/03\/giuseppe-siamo-noi-1-768x1153.png 768w\" sizes=\"(max-width: 962px) 100vw, 962px\" \/>\n<h4 data-start=\"892\" data-end=\"908\">23 marzo 2026 - ore 20.15<br \/><strong>Centro pastorale S. Giuseppe (via Cantonale 2\/a, Lugano)<\/strong><\/h4> <h2>Moderatore: Francesco Muratori<br \/>Intervengono: Prof. Ernesto Borghi e Johnny Dotti<\/h2> <p>Un momento di riflessione condivisa sulle relazioni familiari, il lavoro e la responsabilit\u00e0. Il cuore della serata vedr\u00e0 il confronto tra due prospettive complementari: Johnny Dotti, imprenditore sociale e pedagogista, porter\u00e0 la sua esperienza di padre ed educatore per tessere un legame tra fede e vita quotidiana; il Prof. Borghi, da biblista, offrir\u00e0 una chiave di lettura teologica e biblica, rendendo attuale la figura di San Giuseppe per l'uomo di oggi.<\/p>\n<p data-start=\"1116\" data-end=\"1214\">\u00a0<\/p> <hr data-start=\"1216\" data-end=\"1219\" \/> <h4 data-start=\"1221\" data-end=\"1243\">Per approfondimenti<\/h4> <p data-start=\"1244\" data-end=\"1329\"><a href=\"https:\/\/absi.ch\/new\/wp-content\/uploads\/2026\/03\/Giuseppe-nel-cammino-biblico.pdf\" target=\"_blank\" rel=\"noopener\">&gt; San Giuseppe nel cammino biblico a cura di Ernesto Borghi (pdf)<\/a><\/p>","_links":{"self":[{"href":"https:\/\/absi.ch\/new\/wp-json\/wp\/v2\/posts\/20056","targetHints":{"allow":["GET"]}}],"collection":[{"href":"https:\/\/absi.ch\/new\/wp-json\/wp\/v2\/posts"}],"about":[{"href":"https:\/\/absi.ch\/new\/wp-json\/wp\/v2\/types\/post"}],"author":[{"embeddable":true,"href":"https:\/\/absi.ch\/new\/wp-json\/wp\/v2\/users\/1"}],"replies":[{"embeddable":true,"href":"https:\/\/absi.ch\/new\/wp-json\/wp\/v2\/comments?post=20056"}],"version-history":[{"count":7,"href":"https:\/\/absi.ch\/new\/wp-json\/wp\/v2\/posts\/20056\/revisions"}],"predecessor-version":[{"id":20066,"href":"https:\/\/absi.ch\/new\/wp-json\/wp\/v2\/posts\/20056\/revisions\/20066"}],"wp:featuredmedia":[{"embeddable":true,"href":"https:\/\/absi.ch\/new\/wp-json\/wp\/v2\/media\/20063"}],"wp:attachment":[{"href":"https:\/\/absi.ch\/new\/wp-json\/wp\/v2\/media?parent=20056"}],"wp:term":[{"taxonomy":"category","embeddable":true,"href":"https:\/\/absi.ch\/new\/wp-json\/wp\/v2\/categories?post=20056"},{"taxonomy":"post_tag","embeddable":true,"href":"https:\/\/absi.ch\/new\/wp-json\/wp\/v2\/tags?post=20056"}],"curies":[{"name":"wp","href":"https:\/\/api.w.org\/{rel}","templated":true}]}}