{"id":2610,"date":"2014-06-22T00:17:28","date_gmt":"2014-06-21T22:17:28","guid":{"rendered":"http:\/\/absi.ch\/new\/?p=2610"},"modified":"2014-06-22T00:17:28","modified_gmt":"2014-06-21T22:17:28","slug":"eucharistie-22-juin-2014","status":"publish","type":"post","link":"https:\/\/absi.ch\/new\/2014\/06\/eucharistie-22-juin-2014\/","title":{"rendered":"Solennit\u00e9 du corps et du sang du Christ"},"content":{"rendered":"<p>[layout][layout_group][one_fourth]<\/p>\n<h2>Solennit\u00e9 du corps et du sang du Christ<\/h2>\n<h4>Eucharistie : 22 juin 2014<\/h4>\n<p align=\"JUSTIFY\"><span style=\"color: #808080;\"><span style=\"font-family: Century Gothic,sans-serif; background-color: yellow;\"><span style=\"font-size: small;\">Premi\u00e8re lecture<\/span><\/span><\/span><\/p>\n<p align=\"JUSTIFY\">\u2018<span style=\"font-family: Century Gothic,sans-serif;\"><span style=\"font-size: small;\">Deut\u00e9ronome\u2019 est un mot grec\u00a0; il signifie \u2018seconde loi\u2019. C\u2019est le titre qu\u2019on a donn\u00e9 au cinqui\u00e8me livre de l\u2019Ancien Testament. En effet, la \u2018premi\u00e8re loi\u2019, \u00e9crite dans le livre de l\u2019Exode, est ici r\u00e9-\u00e9crite sous forme de pr\u00e9dication<\/span><\/span><sup><span style=\"font-family: Century Gothic,sans-serif;\"><span style=\"font-size: small;\"><a href=\"#sdfootnote1sym\" name=\"sdfootnote1anc\"><sup>1<\/sup><\/a><\/span><\/span><\/sup><span style=\"font-family: Century Gothic,sans-serif;\"><span style=\"font-size: small;\">. En effet, le Deut\u00e9ronome se pr\u00e9sente comme une pr\u00e9dication faite par Mo\u00efse qui \u00e9voque l\u2019histoire d\u2019Isra\u00ebl d\u00e8s la sortie de l\u2019Egypte et jette un regard vers l\u2019avenir.<\/span><\/span><\/p>\n<p align=\"JUSTIFY\"><span style=\"font-family: Century Gothic,sans-serif;\"><span style=\"font-size: small;\">Dans la page de ce matin, fondamentale est l\u2019exhortation \u00e0 \u2018prendre garde\u2019\u00a0: \u00ab\u00a0Prends garde \u00e0 toi\u2026 n\u2019oublie pas de prendre garde\u00a0\u00bb. Il faut prendre garde des commandements, des r\u00e8gles et des ordres que Mo\u00efse communique au peuple. Mais le respect des commandements ne na\u00eet pas de la peur d\u2019un ch\u00e2timent. Respecter les commandements est, en premier lieu, une forme d\u2019attention et de respect de soi-m\u00eame, c\u2019est prendre soin de soi-m\u00eame et de sa r\u00e9alisation personnelle, de son propre \u00e9panouissement. Mais, toujours dans la premi\u00e8re phrase, le texte souligne que l\u2019\u00e9panouissement d\u2019une personne se r\u00e9alise dans le dialogue, un dialogue constant avec un Dieu auquel tu es intimement li\u00e9\u00a0: \u00ab\u00a0n\u2019oublie pas Yhwh ton Elohim\u00a0\u00bb.<\/span><\/span><\/p>\n<p align=\"JUSTIFY\"><span style=\"font-family: Century Gothic,sans-serif;\"><span style=\"font-size: small;\">Le verbe \u2018oublier\u2019 revient dans la suite du texte. Et l\u2019auteur nous dit comment peut-on oublier Dieu. Tu l\u2019oublies si tu penses que les joies de ta vie &#8211; la nourriture, les biens et les richesses dont tu disposes &#8211; sont le fruit de tes mains, de tes efforts et engagements. La maison que tu habites, c\u2019est peut-\u00eatre toi qui l\u2019as construite. Mais elle et tous les autres biens sont des dons que tu as re\u00e7us et desquels tu ne peux pas devenir orgueilleux. Si tu pr\u00e9tends que ta r\u00e9alisation est seulement le r\u00e9sultat de tes efforts, tu oublies Dieu, ton Dieu et ses dons, des dons signes de son amour<\/span><\/span><sup><span style=\"font-family: Century Gothic,sans-serif;\"><span style=\"font-size: small;\"><a href=\"#sdfootnote2sym\" name=\"sdfootnote2anc\"><sup>2<\/sup><\/a><\/span><\/span><\/sup><span style=\"font-family: Century Gothic,sans-serif;\"><span style=\"font-size: small;\">.<\/span><\/span><\/p>\n<p align=\"JUSTIFY\"><span style=\"font-family: Century Gothic,sans-serif;\"><span style=\"font-size: small;\">Pour motiver cette invitation \u00e0 ne pas oublier Dieu, le texte invite le lecteur \u00e0 regarder au pass\u00e9, \u00e0 la lib\u00e9ration de l\u2019esclavage en Egypte et \u00e0 l\u2019exp\u00e9rience v\u00e9cue au d\u00e9sert. Et l\u2019invitation est structur\u00e9e comme un chant \u00e0 Dieu<\/span><\/span><sup><span style=\"font-family: Century Gothic,sans-serif;\"><span style=\"font-size: small;\"><a href=\"#sdfootnote3sym\" name=\"sdfootnote3anc\"><sup>3<\/sup><\/a><\/span><\/span><\/sup><span style=\"font-family: Century Gothic,sans-serif;\"><span style=\"font-size: small;\">\u00a0: \u00ab\u00a0C\u2019est lui qui t\u2019a fait sortir d\u2019Egypte. C\u2019est lui qui t\u2019a fait &gt; <\/span><\/span><a href=\"http:\/\/absi.ch\/new\/wp-content\/uploads\/2014\/06\/Eucharistie-_22juin2014.pdf\" target=\"_blank\"><em>continua\u00a0 (pdf)<\/em><\/a><\/p>\n<p>[\/one_fourth][one_fourth]<\/p>\n<div id=\"sdfootnote1\">\n<p align=\"JUSTIFY\"><a href=\"#sdfootnote1anc\" name=\"sdfootnote1sym\">1<\/a><span style=\"font-family: Century Gothic,sans-serif;\"><span style=\"font-size: small;\"> Cf. R. Virgili, <\/span><\/span><span style=\"font-family: Century Gothic,sans-serif;\"><span style=\"font-size: small;\"><i>Per leggere il Pentateuco<\/i><\/span><\/span><span style=\"font-family: Century Gothic,sans-serif;\"><span style=\"font-size: small;\">, dans E. Borghi &#8211; R. Petraglio (a cura di), <\/span><\/span><span style=\"font-family: Century Gothic,sans-serif;\"><span style=\"font-size: small;\"><i>La Scrittura che libera. Introduzione alla lettura dell\u2019Antico Testamento<\/i><\/span><\/span><span style=\"font-family: Century Gothic,sans-serif;\"><span style=\"font-size: small;\">, Borla, Roma 2008, p. 104.<\/span><\/span><\/p>\n<\/div>\n<div id=\"sdfootnote2\">\n<p><a href=\"#sdfootnote2anc\" name=\"sdfootnote2sym\">2<\/a><span style=\"font-family: Century Gothic,sans-serif;\"><span style=\"font-size: small;\"> Cf. E. Otto, <\/span><\/span><span style=\"font-family: Century Gothic,sans-serif;\"><span style=\"font-size: small;\"><i>Deuteronomium 4,44-11,32<\/i><\/span><\/span><span style=\"font-family: Century Gothic,sans-serif;\"><span style=\"font-size: small;\">, Herder, Freiburg &#8211; Basel &#8211; Wien 2012, p. 918.<\/span><\/span><\/p>\n<\/div>\n<div id=\"sdfootnote3\">\n<p><a href=\"#sdfootnote3anc\" name=\"sdfootnote3sym\">3<\/a><span style=\"font-family: Century Gothic,sans-serif;\"><span style=\"font-size: small;\"> Cf. G. von Rad, <\/span><\/span><span style=\"font-family: Century Gothic,sans-serif;\"><span style=\"font-size: small;\"><i>Deuteronomio<\/i><\/span><\/span><span style=\"font-family: Century Gothic,sans-serif;\"><span style=\"font-size: small;\">, Paideia, Brescia 1979, p. 81.<\/span><\/span><\/p>\n<p>[\/one_fourth][one_fourth][\/one_fourth][one_fourth][\/one_fourth][\/layout_group][\/layout]<\/p>\n<\/div>\n<div id=\"themify_builder_content-2610\" data-postid=\"2610\" class=\"themify_builder_content themify_builder_content-2610 themify_builder\">\n    <\/div>\n<!-- \/themify_builder_content -->\n","protected":false},"excerpt":{"rendered":"<p>[layout][layout_group][one_fourth] Solennit\u00e9 du corps et du sang du Christ Eucharistie : 22 juin 2014 Premi\u00e8re lecture \u2018Deut\u00e9ronome\u2019 est un mot grec\u00a0; il signifie \u2018seconde loi\u2019. C\u2019est le titre qu\u2019on a donn\u00e9 au cinqui\u00e8me livre de l\u2019Ancien Testament. En effet, la \u2018premi\u00e8re loi\u2019, \u00e9crite dans le livre de l\u2019Exode, est ici r\u00e9-\u00e9crite sous forme de pr\u00e9dication1. [&hellip;]<\/p>\n","protected":false},"author":1,"featured_media":364,"comment_status":"closed","ping_status":"open","sticky":false,"template":"","format":"standard","meta":{"footnotes":""},"categories":[40],"tags":[42],"class_list":["post-2610","post","type-post","status-publish","format-standard","has-post-thumbnail","hentry","category-rpe","tag-rp","has-post-title","no-post-date","has-post-category","has-post-tag","has-post-comment","has-post-author",""],"builder_content":"","_links":{"self":[{"href":"https:\/\/absi.ch\/new\/wp-json\/wp\/v2\/posts\/2610","targetHints":{"allow":["GET"]}}],"collection":[{"href":"https:\/\/absi.ch\/new\/wp-json\/wp\/v2\/posts"}],"about":[{"href":"https:\/\/absi.ch\/new\/wp-json\/wp\/v2\/types\/post"}],"author":[{"embeddable":true,"href":"https:\/\/absi.ch\/new\/wp-json\/wp\/v2\/users\/1"}],"replies":[{"embeddable":true,"href":"https:\/\/absi.ch\/new\/wp-json\/wp\/v2\/comments?post=2610"}],"version-history":[{"count":7,"href":"https:\/\/absi.ch\/new\/wp-json\/wp\/v2\/posts\/2610\/revisions"}],"predecessor-version":[{"id":2618,"href":"https:\/\/absi.ch\/new\/wp-json\/wp\/v2\/posts\/2610\/revisions\/2618"}],"wp:featuredmedia":[{"embeddable":true,"href":"https:\/\/absi.ch\/new\/wp-json\/wp\/v2\/media\/364"}],"wp:attachment":[{"href":"https:\/\/absi.ch\/new\/wp-json\/wp\/v2\/media?parent=2610"}],"wp:term":[{"taxonomy":"category","embeddable":true,"href":"https:\/\/absi.ch\/new\/wp-json\/wp\/v2\/categories?post=2610"},{"taxonomy":"post_tag","embeddable":true,"href":"https:\/\/absi.ch\/new\/wp-json\/wp\/v2\/tags?post=2610"}],"curies":[{"name":"wp","href":"https:\/\/api.w.org\/{rel}","templated":true}]}}