{"id":3240,"date":"2014-08-26T21:58:53","date_gmt":"2014-08-26T19:58:53","guid":{"rendered":"http:\/\/absi.ch\/new\/?p=3240"},"modified":"2014-08-26T22:34:57","modified_gmt":"2014-08-26T20:34:57","slug":"muro-del-tempio-segno-della-presenza-di-dio","status":"publish","type":"post","link":"https:\/\/absi.ch\/new\/2014\/08\/muro-del-tempio-segno-della-presenza-di-dio\/","title":{"rendered":"Muro del Tempio, segno della presenza di Dio"},"content":{"rendered":"<p>[layout][layout_group][one_third]<\/p>\n<h2>Muro del Tempio, segno della presenza di Dio<\/h2>\n<p align=\"JUSTIFY\"><strong><em><span style=\"color: #808080;\"><span style=\"font-family: Century Gothic,sans-serif;\"><span style=\"font-size: small;\">di Elena Lea Bartolini De Angeli<\/span><\/span><\/span><\/em><\/strong><\/p>\n<p align=\"JUSTIFY\"><span style=\"color: #808080;\"><span style=\"font-family: Century Gothic,sans-serif;\"><span style=\"font-size: small;\">[Pubblicato in: \u00abTerrasanta\u00bb Judaica 1 (2006\/3) p. 14]<\/span><\/span><\/span><\/p>\n<p align=\"JUSTIFY\"><span style=\"color: #808080;\"><span style=\"font-family: Century Gothic,sans-serif;\"><span style=\"font-size: small;\">Quando ci si reca a Gerusalemme presso il \u201cmuro occidentale\u201d, segno di ci\u00f2 che \u00e8 stato il Tempio di Gerusalemme, \u00e8 facile incontrare ebrei che, ritornando nella Terra dei padri, arrivano qui per pregare direttamente dall\u2019aeroporto, con i bagagli appresso, individuando quindi in rapporto a tale segno la prima tappa del loro ritorno. Quali sono le dinamiche soggiacenti a tale gesto? Perch\u00e9 per un ebreo \u00e8 cos\u00ec importante ritornare a Gerusalemme sostando e pregando innanzitutto presso ci\u00f2 che resta dell\u2019antico Santuario?<\/span><\/span><\/span><\/p>\n<p align=\"JUSTIFY\"><span style=\"color: #808080;\"><span style=\"font-family: Century Gothic,sans-serif;\"><span style=\"font-size: small;\">Il \u201cmuro occidentale\u201d costituisce ci\u00f2 che rimane dell\u2019unico \u201cluogo sacro\u201d per la tradizione ebraica, cio\u00e8 lo spazio particolare ove Dio ha deciso di \u201cfar abitare il Suo Nome\u201d (Sal 132,13) in un Tempio destinato ad essere la \u201ccasa di preghiera per tutti i popoli\u201d (Is 56,7). Quando infatti la Sua presenza ha \u201cpreso possesso\u201d di questo luogo, Salomone ha invocato il Signore sia per il popolo di Israele che per tutti i popoli dicendo:<\/span><\/span><\/span><\/p>\n<p align=\"JUSTIFY\"><span style=\"color: #808080;\"><span style=\"font-family: Century Gothic,sans-serif;\"><span style=\"font-size: small;\">Anche lo straniero che non appartiene a Israele Tuo popolo, se viene da un paese lontano a causa del Tuo Nome perch\u00e9 si sar\u00e0 sentito parlare del Tuo grande Nome, della Tua mano potente e del Tuo braccio teso, se egli viene a pregare in questo Tempio, Tu ascoltalo dal cielo, luogo della Tua dimora, e soddisfa tutte le richieste dello straniero, perch\u00e9 tutti i popoli della terra conoscano il Tuo Nome, Ti temano come Israele tuo popolo e sappiano che al Tuo Nome \u00e8 stato dedicato questo Tempio che io ho costruito.<\/span><\/span><\/span><\/p>\n<p align=\"JUSTIFY\"><span style=\"color: #808080;\"><span style=\"font-family: Century Gothic,sans-serif;\"><span style=\"font-size: small;\">(1 Re 8,41,ss.).<\/span><\/span><\/span><\/p>\n<p><span style=\"color: #808080;\"><span style=\"font-family: Century Gothic,sans-serif;\"><span style=\"font-size: small;\">Nei libri dei profeti Isaia e Geremia troviamo parole ancora pi\u00f9 esplicite: oltre al passo di Isaia gi\u00e0 menzionato, Geremia precisa che \u201cchiameranno Gerusalemme trono del Signore\u201d \u2013 con una chiara allusione quindi al suo Tempio \u2013 \u201ctutti i popoli vi si raduneranno nel Nome del Signore e non seguiranno pi\u00f9 la caparbiet\u00e0 del loro cuore malvagio\u201d (Ger 3,17). Le metafore profetiche cercano inoltre di mostrare come la perenne presenza divina in Tzion render\u00e0 Gerusalemme [\/one_third]<\/span><\/span><\/span><\/p>\n<p>&nbsp;<\/p>\n<p><span style=\"color: #808080;\"><span style=\"font-family: Century Gothic,sans-serif;\"><span style=\"font-size: small;\">[one_third]luogo per eccellenza della realizzazione dei tempi messianici, che vengono paragonati ad un grande banchetto segno di profonda comunione fra Dio e gli uomini (cf. Is 25,6-9), che saliranno al Tempio del Dio di Giacobbe affinch\u00e9 possa indicare loro le Sue vie (cf. Is 2,3).<\/span><\/span><\/span><\/p>\n<p style=\"text-align: left;\"><span style=\"color: #808080;\"><span style=\"font-family: Century Gothic,sans-serif;\"><span style=\"font-size: small;\">Il \u201cmuro occidentale\u201d \u00e8 pertanto ci\u00f2 che rimane di uno spazio \u201csacro\u201d, segno della \u201csacralit\u00e0 di Dio\u201d e di una Sua particolare presenza sia per Israele che per tutti i popoli. Le Sinagoghe, che talvolta sono impropriamente chiamate \u201ctempio\u201d, non hanno nell\u2019ebraismo lo stesso significato e lo stesso valore di questo luogo: sono spazi di riunione ove la comunit\u00e0 prega, studia, condivide momenti di festa, ove si conserva il rotolo della <i>Torah<\/i> \u2013 l\u2019insegnamento divino rivelato al Sinai \u2013 che costituisce l\u2019unico \u201coggetto sacro\u201d per l\u2019ebreo, ma non possono sostituire il Tempio in quanto esso \u00e8 unico, edificabile una sola volta e solo in quel particolare luogo da Dio stesso indicato. Al ritorno dall\u2019esilio di Babilonia \u00e8 stato possibile riedificarlo perch\u00e9 non era interamente crollato, operazione oggi invece impossibile. Ci\u00f2, da una parte, costituisce un segno di lutto ma, dall\u2019altra, mostra che i tempi sono cambiati: l\u2019era dei sacrifici \u00e8 finita, e la sacralit\u00e0 di questo luogo si \u00e8 in qualche modo allargata a tutta la storia attraverso l\u2019azione sacerdotale del popolo ebraico soprattutto legata alla liturgia famigliare. Pertanto non \u00e8 il \u201cmuro del pianto\u201d, ma un segno della divina presenza per tutti.<\/span><\/span><\/span><\/p>\n<p align=\"JUSTIFY\"><a href=\"http:\/\/absi.ch\/new\/wp-content\/uploads\/2014\/08\/3.Muro-del-Tempio-segno-della-presenza-di-Dio.pdf\" target=\"_blank\"><em>&gt; pagina in pdf<\/em><\/a><\/p>\n<p align=\"JUSTIFY\"><a href=\"http:\/\/absi.ch\/new\/giudaismo-storia-e-cultura\/\"><em>&gt; Giudaismo: storia e cultura<\/em><\/a><\/p>\n<p><a href=\"http:\/\/absi.ch\/new\/formazione-biblica-2\/\"><em>&gt; Formazione Biblica<\/em><\/a><\/p>\n<p>[\/one_third][one_third]<\/p>\n<p><a href=\"http:\/\/absi.ch\/new\/wp-content\/uploads\/2014\/08\/Muro_Gustav_Bauernfeind.png\"><img loading=\"lazy\" decoding=\"async\" class=\"wp-image-3246 alignleft\" alt=\"Muro_Gustav_Bauernfeind\" src=\"http:\/\/absi.ch\/new\/wp-content\/uploads\/2014\/08\/Muro_Gustav_Bauernfeind.png\" width=\"320\" height=\"414\" srcset=\"https:\/\/absi.ch\/new\/wp-content\/uploads\/2014\/08\/Muro_Gustav_Bauernfeind.png 640w, https:\/\/absi.ch\/new\/wp-content\/uploads\/2014\/08\/Muro_Gustav_Bauernfeind-231x300.png 231w\" sizes=\"auto, (max-width: 320px) 100vw, 320px\" \/><\/a><\/p>\n<h5><\/h5>\n<h5><\/h5>\n<h5><\/h5>\n<h5>Muro del pianto<\/h5>\n<p><em>di Gustav Bauernfeind (1848-1904)<\/em><br \/>\n<a href=\"http:\/\/absi.ch\/new\/wp-content\/uploads\/2014\/08\/Israel-Western_Wall.jpg\"><img loading=\"lazy\" decoding=\"async\" class=\"alignright  wp-image-3247\" alt=\"Israel-Western_Wall\" src=\"http:\/\/absi.ch\/new\/wp-content\/uploads\/2014\/08\/Israel-Western_Wall.jpg\" width=\"320\" height=\"401\" \/><\/a><\/p>\n<p>&nbsp;<\/p>\n<p>&nbsp;<\/p>\n<p>&nbsp;<\/p>\n<p>&nbsp;<\/p>\n<p>&nbsp;<\/p>\n<p>&nbsp;<\/p>\n<p>&nbsp;<\/p>\n<p>&nbsp;<\/p>\n<p>&nbsp;<\/p>\n<p>&nbsp;<\/p>\n<p>&nbsp;<\/p>\n<h5 style=\"text-align: left;\">Gente che prega al muro oddicentale<\/h5>\n<p>[\/one_third][one_third][\/one_third][\/layout_group][\/layout]<\/p>\n<div id=\"themify_builder_content-3240\" data-postid=\"3240\" class=\"themify_builder_content themify_builder_content-3240 themify_builder\">\n    <\/div>\n<!-- \/themify_builder_content -->\n","protected":false},"excerpt":{"rendered":"<p>[layout][layout_group][one_third] Muro del Tempio, segno della presenza di Dio di Elena Lea Bartolini De Angeli [Pubblicato in: \u00abTerrasanta\u00bb Judaica 1 (2006\/3) p. 14] Quando ci si reca a Gerusalemme presso il \u201cmuro occidentale\u201d, segno di ci\u00f2 che \u00e8 stato il Tempio di Gerusalemme, \u00e8 facile incontrare ebrei che, ritornando nella Terra dei padri, arrivano qui [&hellip;]<\/p>\n","protected":false},"author":1,"featured_media":2937,"comment_status":"closed","ping_status":"open","sticky":false,"template":"","format":"standard","meta":{"footnotes":""},"categories":[67],"tags":[],"class_list":["post-3240","post","type-post","status-publish","format-standard","has-post-thumbnail","hentry","category-giudaismo-storia-e-cultura","has-post-title","no-post-date","has-post-category","has-post-tag","has-post-comment","has-post-author",""],"builder_content":"","_links":{"self":[{"href":"https:\/\/absi.ch\/new\/wp-json\/wp\/v2\/posts\/3240","targetHints":{"allow":["GET"]}}],"collection":[{"href":"https:\/\/absi.ch\/new\/wp-json\/wp\/v2\/posts"}],"about":[{"href":"https:\/\/absi.ch\/new\/wp-json\/wp\/v2\/types\/post"}],"author":[{"embeddable":true,"href":"https:\/\/absi.ch\/new\/wp-json\/wp\/v2\/users\/1"}],"replies":[{"embeddable":true,"href":"https:\/\/absi.ch\/new\/wp-json\/wp\/v2\/comments?post=3240"}],"version-history":[{"count":37,"href":"https:\/\/absi.ch\/new\/wp-json\/wp\/v2\/posts\/3240\/revisions"}],"predecessor-version":[{"id":3280,"href":"https:\/\/absi.ch\/new\/wp-json\/wp\/v2\/posts\/3240\/revisions\/3280"}],"wp:featuredmedia":[{"embeddable":true,"href":"https:\/\/absi.ch\/new\/wp-json\/wp\/v2\/media\/2937"}],"wp:attachment":[{"href":"https:\/\/absi.ch\/new\/wp-json\/wp\/v2\/media?parent=3240"}],"wp:term":[{"taxonomy":"category","embeddable":true,"href":"https:\/\/absi.ch\/new\/wp-json\/wp\/v2\/categories?post=3240"},{"taxonomy":"post_tag","embeddable":true,"href":"https:\/\/absi.ch\/new\/wp-json\/wp\/v2\/tags?post=3240"}],"curies":[{"name":"wp","href":"https:\/\/api.w.org\/{rel}","templated":true}]}}