{"id":3363,"date":"2014-09-12T17:36:09","date_gmt":"2014-09-12T15:36:09","guid":{"rendered":"http:\/\/absi.ch\/new\/?p=3363"},"modified":"2014-09-12T17:39:40","modified_gmt":"2014-09-12T15:39:40","slug":"eucharistie-7-sept-2014","status":"publish","type":"post","link":"https:\/\/absi.ch\/new\/2014\/09\/eucharistie-7-sept-2014\/","title":{"rendered":"Co-responsable avec tes fr\u00e8res"},"content":{"rendered":"<p>[layout][layout_group][one_fourth]<\/p>\n<h2>Co-responsable avec tes fr\u00e8res<\/h2>\n<h4>Eucharistie : 7 septembre 2014<\/h4>\n<p>&nbsp;<\/p>\n<p align=\"JUSTIFY\"><span style=\"color: #808080;\"><span style=\"font-family: Century Gothic,sans-serif;\"><span style=\"font-size: small; background-color: yellow;\">Premi\u00e8re lecture<\/span><\/span><\/span><\/p>\n<p align=\"JUSTIFY\"><span style=\"color: #808080;\"><span style=\"font-family: Century Gothic,sans-serif;\"><span style=\"font-size: small;\"><i>Nous sommes vers le d\u00e9but de l\u2019an 585 avant la naissance de J\u00e9sus. A Babylone, o\u00f9 \u00c9z\u00e9kiel a \u00e9t\u00e9 exil\u00e9, arrive la nouvelle que l\u2019arm\u00e9e babylonienne a conquis J\u00e9rusalem. Et cette nouvelle pousse le proph\u00e8te \u00e0 encourager les juifs exil\u00e9s et sans espoir. \u00c9z\u00e9kiel annonce un avenir nouveau pour le peuple qui \u00e0 \u00e9t\u00e9 d\u00e9truit<\/i><\/span><\/span><\/span><sup><span style=\"color: #808080;\"><span style=\"font-family: Century Gothic,sans-serif;\"><span style=\"font-size: small;\"><i><a href=\"#sdfootnote1sym\" name=\"sdfootnote1anc\"><sup>1<\/sup><\/a><\/i><\/span><\/span><\/span><\/sup><span style=\"color: #808080;\"><span style=\"font-family: Century Gothic,sans-serif;\"><span style=\"font-size: small;\"><i>. <\/i><\/span><\/span><\/span><\/p>\n<p align=\"JUSTIFY\"><span style=\"color: #808080;\"><span style=\"font-family: Century Gothic,sans-serif;\"><span style=\"font-size: small;\"><i>Pour s\u2019ouvrir \u00e0 cet avenir nouveau, chaque personne doit changer, doit changer de comportement, doit \u2018revenir\u2019 (vv. 9.11) de son chemin mauvais. L\u2019accent est donc sur la responsabilit\u00e9 individuelle<\/i><\/span><\/span><\/span><sup><span style=\"color: #808080;\"><span style=\"font-family: Century Gothic,sans-serif;\"><span style=\"font-size: small;\"><i><a href=\"#sdfootnote2sym\" name=\"sdfootnote2anc\"><sup>2<\/sup><\/a><\/i><\/span><\/span><\/span><\/sup><span style=\"color: #808080;\"><span style=\"font-family: Century Gothic,sans-serif;\"><span style=\"font-size: small;\"><i>. Lorsqu\u2019il n\u2019y a plus aucun espoir de vie, le proph\u00e8te annonce la vie nouvelle que Dieu propose\u00a0: la personne peut se lib\u00e9rer du poids du pass\u00e9 et r\u00e9pondre \u00e0 la voix de Dieu qui invite \u00e0 prendre le nouveau chemin<\/i><\/span><\/span><\/span><sup><span style=\"color: #808080;\"><span style=\"font-family: Century Gothic,sans-serif;\"><span style=\"font-size: small;\"><i><a href=\"#sdfootnote3sym\" name=\"sdfootnote3anc\"><sup>3<\/sup><\/a><\/i><\/span><\/span><\/span><\/sup><span style=\"color: #808080;\"><span style=\"font-family: Century Gothic,sans-serif;\"><span style=\"font-size: small;\"><i>.<\/i><\/span><\/span><\/span><\/p>\n<p align=\"JUSTIFY\"><span style=\"color: #808080;\"><span style=\"font-family: Century Gothic,sans-serif;\"><span style=\"font-size: small;\"><i>Cette invitation au changement, Dieu nous l\u2019adresse \u00e0 travers la parole du proph\u00e8te. Le proph\u00e8te est un peu comme une sentinelle, un veilleur dans une ville menac\u00e9e par la guerre. Il annonce le danger qui menace chaque personne. Voil\u00e0 le service que le proph\u00e8te doit accomplir. S\u2019il ne l\u2019accomplissait pas, il serait co-responsable de la mort de celui qui se comporte mal. Il serait responsable\u00a0: comme un tueur qui porte sur sa main les traces du sang de chacun de ses fr\u00e8res<\/i><\/span><\/span><\/span><sup><span style=\"color: #808080;\"><span style=\"font-family: Century Gothic,sans-serif;\"><span style=\"font-size: small;\"><i><a href=\"#sdfootnote4sym\" name=\"sdfootnote4anc\"><sup>4<\/sup><\/a><\/i><\/span><\/span><\/span><\/sup><span style=\"color: #808080;\"><span style=\"font-family: Century Gothic,sans-serif;\"><span style=\"font-size: small;\"><i>. <\/i><\/span><\/span><\/span><\/p>\n<p align=\"JUSTIFY\"><span style=\"color: #808080;\"><span style=\"font-family: Century Gothic,sans-serif;\"><span style=\"font-size: small;\"><b>Du livre du proph\u00e8te d\u2019\u00c9z\u00e9kiel (33,7-11)<\/b><\/span><\/span><\/span><\/p>\n<p align=\"JUSTIFY\"><span style=\"color: #808080;\"><span style=\"font-family: Century Gothic,sans-serif;\"><span style=\"font-size: small;\"><sup>7 <\/sup>La parole du Seigneur me fut adress\u00e9e\u00a0:<\/span><\/span><\/span><\/p>\n<p align=\"JUSTIFY\"><span style=\"color: #808080;\"><span style=\"font-family: Century Gothic,sans-serif;\"><span style=\"font-size: small;\">C\u2019est toi, fils d\u2019un humain, que j\u2019ai \u00e9tabli comme sentinelle pour la maison d\u2019Isra\u00ebl. Et tu \u00e9couteras la parole qui sort de ma bouche et tu avertiras les Isra\u00e9lites de ma part. <sup>8<\/sup> Quand je dirai au m\u00e9chant : \u00ab\u00a0M\u00e9chant, tu mourras, tu mourras vraiment !\u00a0\u00bb, si tu ne parles pas pour avertir le m\u00e9chant au sujet de son chemin, lui, le m\u00e9chant mourra dans sa faute, mais son sang je le <\/span><\/span><\/span><\/p>\n<p align=\"JUSTIFY\"><a href=\"http:\/\/absi.ch\/new\/wp-content\/uploads\/2014\/09\/Eucharistie_7sept2014.pdf\" target=\"_blank\"><em>&gt; continua (pdf)<\/em><\/a><em><a href=\"http:\/\/absi.ch\/new\/wp-content\/uploads\/2014\/09\/Eucharistie_7sept2014.pdf\" target=\"_blank\">\u00a0<\/a>\u00a0\u00a0\u00a0\u00a0\u00a0\u00a0\u00a0\u00a0\u00a0\u00a0\u00a0\u00a0\u00a0\u00a0\u00a0\u00a0\u00a0\u00a0\u00a0\u00a0\u00a0\u00a0\u00a0\u00a0\u00a0\u00a0\u00a0\u00a0\u00a0\u00a0\u00a0\u00a0\u00a0\u00a0\u00a0\u00a0\u00a0\u00a0\u00a0\u00a0\u00a0 <\/em><a href=\"http:\/\/absi.ch\/new\/lectures-pour-lafrique-et-toute-la-terre\/\"><em>&gt; Lectures pure l&#8217;Afrique &#8230; et toute la Terre<\/em><\/a><em><br \/>\n<\/em><\/p>\n<p align=\"JUSTIFY\">[\/one_fourth][one_fourth]<\/p>\n<div id=\"sdfootnote1\">\n<p align=\"JUSTIFY\"><span style=\"color: #808080;\"><a href=\"#sdfootnote1anc\" name=\"sdfootnote1sym\">1<\/a> Cf. C. Nihan, <i>Ez\u00e9chiel<\/i>, dans T. R\u00f6mer &#8211; J.-D. Macchi &#8211; C. Nihan (\u00e9d.), <i>Introduction \u00e0 l\u2019Ancien Testament<\/i>, Labor et fides, Gen\u00e8ve, 2004, p. 360s. Cf. aussi W. Zimmerli, <i>Ezechiel, Bd II, (Ez 25-48)<\/i>, Neukirchener Verlag, Neukirchen-Vluyn, 1969, p. 797.<\/span><\/p>\n<\/div>\n<div id=\"sdfootnote2\">\n<p align=\"JUSTIFY\"><span style=\"color: #808080;\"><a href=\"#sdfootnote2anc\" name=\"sdfootnote2sym\">2<\/a> Cf. L. Alonso Sch\u00f6kel &#8211; J.L. Sicre Diaz, <i>I profeti<\/i>, Borla, Roma, 1989, p. 758.<\/span><\/p>\n<\/div>\n<div id=\"sdfootnote3\">\n<p align=\"JUSTIFY\"><span style=\"color: #808080;\"><a href=\"#sdfootnote3anc\" name=\"sdfootnote3sym\">3<\/a> Cf. <i>ibid<\/i>., p. 910.<\/span><\/p>\n<\/div>\n<div id=\"sdfootnote4\">\n<p align=\"JUSTIFY\"><span style=\"color: #808080;\"><a href=\"#sdfootnote4anc\" name=\"sdfootnote4sym\">4<\/a> Verset 8. Cette id\u00e9e du proph\u00e8te co-responsable de la mort de son fr\u00e8re se lit aussi, toujours chez \u00c9z\u00e9kiel, en 3,18.<\/span><\/p>\n<p align=\"JUSTIFY\">[\/one_fourth][one_fourth][\/one_fourth][one_fourth][\/one_fourth][one_fourth][\/one_fourth][\/layout_group][\/layout]<\/p>\n<\/div>\n<div id=\"themify_builder_content-3363\" data-postid=\"3363\" class=\"themify_builder_content themify_builder_content-3363 themify_builder\">\n    <\/div>\n<!-- \/themify_builder_content -->\n","protected":false},"excerpt":{"rendered":"<p>[layout][layout_group][one_fourth] Co-responsable avec tes fr\u00e8res Eucharistie : 7 septembre 2014 &nbsp; Premi\u00e8re lecture Nous sommes vers le d\u00e9but de l\u2019an 585 avant la naissance de J\u00e9sus. A Babylone, o\u00f9 \u00c9z\u00e9kiel a \u00e9t\u00e9 exil\u00e9, arrive la nouvelle que l\u2019arm\u00e9e babylonienne a conquis J\u00e9rusalem. Et cette nouvelle pousse le proph\u00e8te \u00e0 encourager les juifs exil\u00e9s et sans [&hellip;]<\/p>\n","protected":false},"author":1,"featured_media":364,"comment_status":"closed","ping_status":"open","sticky":false,"template":"","format":"standard","meta":{"footnotes":""},"categories":[40],"tags":[42],"class_list":["post-3363","post","type-post","status-publish","format-standard","has-post-thumbnail","hentry","category-rpe","tag-rp","has-post-title","no-post-date","has-post-category","has-post-tag","has-post-comment","has-post-author",""],"builder_content":"","_links":{"self":[{"href":"https:\/\/absi.ch\/new\/wp-json\/wp\/v2\/posts\/3363","targetHints":{"allow":["GET"]}}],"collection":[{"href":"https:\/\/absi.ch\/new\/wp-json\/wp\/v2\/posts"}],"about":[{"href":"https:\/\/absi.ch\/new\/wp-json\/wp\/v2\/types\/post"}],"author":[{"embeddable":true,"href":"https:\/\/absi.ch\/new\/wp-json\/wp\/v2\/users\/1"}],"replies":[{"embeddable":true,"href":"https:\/\/absi.ch\/new\/wp-json\/wp\/v2\/comments?post=3363"}],"version-history":[{"count":8,"href":"https:\/\/absi.ch\/new\/wp-json\/wp\/v2\/posts\/3363\/revisions"}],"predecessor-version":[{"id":3392,"href":"https:\/\/absi.ch\/new\/wp-json\/wp\/v2\/posts\/3363\/revisions\/3392"}],"wp:featuredmedia":[{"embeddable":true,"href":"https:\/\/absi.ch\/new\/wp-json\/wp\/v2\/media\/364"}],"wp:attachment":[{"href":"https:\/\/absi.ch\/new\/wp-json\/wp\/v2\/media?parent=3363"}],"wp:term":[{"taxonomy":"category","embeddable":true,"href":"https:\/\/absi.ch\/new\/wp-json\/wp\/v2\/categories?post=3363"},{"taxonomy":"post_tag","embeddable":true,"href":"https:\/\/absi.ch\/new\/wp-json\/wp\/v2\/tags?post=3363"}],"curies":[{"name":"wp","href":"https:\/\/api.w.org\/{rel}","templated":true}]}}