{"id":4030,"date":"2014-12-23T01:11:30","date_gmt":"2014-12-23T00:11:30","guid":{"rendered":"http:\/\/absi.ch\/new\/?p=4030"},"modified":"2014-12-23T01:24:30","modified_gmt":"2014-12-23T00:24:30","slug":"avent-2014_iv-semaine","status":"publish","type":"post","link":"https:\/\/absi.ch\/new\/2014\/12\/avent-2014_iv-semaine\/","title":{"rendered":"Avent 2014_IV-semaine"},"content":{"rendered":"<p>[layout][layout_group][one_third]<\/p>\n<h2>S\u2019engager pour plus de justice<\/h2>\n<h5>(Avent 2014: quatri\u00e8me semaine)<\/h5>\n<p>&nbsp;<\/p>\n<p align=\"JUSTIFY\"><span style=\"color: #808080;\"><span style=\"font-family: Century Gothic,sans-serif;\"><span style=\"font-size: small;\">Vers la fin de son discours \u00e0 l\u2019occasion de la rencontre des mouvements populaires, le pape Fran\u00e7ois a remarqu\u00e9\u00a0: \u00ab\u00a0Certains d\u2019entre vous ont dit : on ne peut plus supporter ce syst\u00e8me. Nous devons le changer, nous devons remettre la dignit\u00e9 humaine au centre et construire sur ce pilier les structures sociales alternatives dont nous avons besoin. Ce doit \u00eatre fait avec courage, mais aussi avec intelligence. Avec t\u00e9nacit\u00e9, mais sans fanatisme. Avec passion, mais sans violence. Et tous ensemble, abordant les conflits sans y rester pi\u00e9g\u00e9s, cherchant toujours \u00e0 r\u00e9soudre les tensions pour atteindre un niveau plus \u00e9lev\u00e9 d\u2019unit\u00e9, de paix et de justice\u00a0\u00bb.<\/span><\/span><\/span><\/p>\n<p align=\"JUSTIFY\"><span style=\"color: #808080;\"><span style=\"font-family: Century Gothic,sans-serif;\"><span style=\"font-size: small;\">Et cette r\u00e9f\u00e9rence \u00e0 la justice me rappelle, ch\u00e8re amie et cher ami, l\u2019intervention des proph\u00e8tes dans l\u2019histoire de l\u2019ancien Isra\u00ebl. Je pense \u00e0 Isa\u00efe qui, il y a vingt huit si\u00e8cles, adressait aux habitants de J\u00e9rusalem ces mots de la part de Dieu\u00a0:<\/span><\/span><\/span><\/p>\n<p style=\"text-align: center;\" align=\"CENTER\"><span style=\"color: #808080;\"><span style=\"font-family: Century Gothic,sans-serif;\"><span style=\"font-size: small;\"><sup>13<\/sup> Cessez de m&#8217;apporter des offrandes vaines\u00a0: l\u2019encens, je l&#8217;ai en horreur.<\/span><\/span><\/span><\/p>\n<p style=\"text-align: center;\" align=\"CENTER\"><span style=\"color: #808080;\"><span style=\"font-family: Century Gothic,sans-serif;\"><span style=\"font-size: small;\">Quant aux f\u00eates de la nouvelle lune, aux sabbats et aux assembl\u00e9es,<\/span><\/span><\/span><\/p>\n<p style=\"text-align: center;\" align=\"CENTER\"><span style=\"color: #808080;\"><span style=\"font-family: Century Gothic,sans-serif;\"><span style=\"font-size: small;\">je ne supporte pas un culte m\u00eal\u00e9 au crime.<\/span><\/span><\/span><\/p>\n<p style=\"text-align: center;\" align=\"CENTER\"><span style=\"color: #808080;\"><span style=\"font-family: Century Gothic,sans-serif;\"><span style=\"font-size: small;\"><sup>14<\/sup> Je d\u00e9teste vos f\u00eates de la nouvelle lune et vos rencontres festives\u00a0:<\/span><\/span><\/span><\/p>\n<p style=\"text-align: center;\" align=\"CENTER\"><span style=\"color: #808080;\"><span style=\"font-family: Century Gothic,sans-serif;\"><span style=\"font-size: small;\">elles sont un poids pour moi, et je suis fatigu\u00e9 de les supporter.<\/span><\/span><\/span><\/p>\n<p style=\"text-align: center;\" align=\"CENTER\"><span style=\"color: #808080;\"><span style=\"font-family: Century Gothic,sans-serif;\"><span style=\"font-size: small;\"><sup>15<\/sup> Quand vous tendez les mains pour prier, je ferme mes yeux loin de vous.<\/span><\/span><\/span><\/p>\n<p style=\"text-align: center;\" align=\"CENTER\"><span style=\"color: #808080;\"><span style=\"font-family: Century Gothic,sans-serif;\"><span style=\"font-size: small;\">M\u00eame si vous multipliez les pri\u00e8res, je n&#8217;\u00e9coute pas. Vos mains sont pleines de sang.<\/span><\/span><\/span><\/p>\n<p style=\"text-align: center;\" align=\"CENTER\"><span style=\"color: #808080;\"><span style=\"font-family: Century Gothic,sans-serif;\"><span style=\"font-size: small;\"><sup>16<\/sup> Lavez-vous, purifiez-vous, \u00e9loignez &#8211; loin devant mes yeux &#8211; vos actions mauvaises. <\/span><\/span><\/span><\/p>\n<p style=\"text-align: center;\" align=\"CENTER\"><span style=\"color: #808080;\"><span style=\"font-family: Century Gothic,sans-serif;\"><span style=\"font-size: small;\">Arr\u00eatez de faire le mal.<\/span><\/span><\/span><\/p>\n<p style=\"text-align: center;\" align=\"CENTER\"><span style=\"color: #808080;\"><span style=\"font-family: Century Gothic,sans-serif;\"><span style=\"font-size: small;\"><sup>17<\/sup> Apprenez \u00e0 faire le bien, recherchez le droit,<\/span><\/span><\/span><\/p>\n<p>[\/one_third]<br \/>\n[one_third]<\/p>\n<p style=\"text-align: center;\" align=\"CENTER\"><span style=\"color: #808080;\"><span style=\"font-family: Century Gothic,sans-serif;\"><span style=\"font-size: small;\">ramenez l&#8217;oppresseur dans le bon chemin,<\/span><\/span><\/span><\/p>\n<p style=\"text-align: center;\" align=\"CENTER\"><span style=\"color: #808080;\"><span style=\"font-family: Century Gothic,sans-serif;\"><span style=\"font-size: small;\">faites justice \u00e0 l&#8217;orphelin, prenez la d\u00e9fense de la veuve (<i>Isa\u00efe<\/i> 1).<\/span><\/span><\/span><\/p>\n<p align=\"JUSTIFY\"><span style=\"color: #808080;\"><span style=\"font-family: Century Gothic,sans-serif;\"><span style=\"font-size: small;\">Dans cette page, le comportement du peuple est tr\u00e8s clair. Des pratiques religieuses fr\u00e9quentes\u00a0: les sabbats, les f\u00eates de la nouvelle lune, des rencontres festives, des pri\u00e8res, des offrandes. Et en m\u00eame temps des crimes, du sang vers\u00e9, des actions mauvaises. Devant un tel comportement, un changement radical s\u2019impose\u00a0: apprendre \u00e0 faire le bien, rechercher le droit, reconduire l\u2019oppresseur sur un bon chemin, s\u2019engager &#8211; \u00e0 c\u00f4t\u00e9 de l\u2019orphelin et de la veuve &#8211; pour la justice. Et, plus en avant dans le m\u00eame chapitre, le proph\u00e8te r\u00e9sume\u00a0son message\u00a0: \u00ab\u00a0Sion sera sauv\u00e9e en respectant le droit, et ceux qui y reviendront, en respectant la justice\u00a0\u00bb (1,27). Le droit et la justice\u00a0: voil\u00e0 ce qui peut donner un avenir \u00e0 la ville.<\/span><\/span><\/span><\/p>\n<p align=\"JUSTIFY\"><span style=\"color: #808080;\"><span style=\"font-family: Century Gothic,sans-serif;\"><span style=\"font-size: small;\">L\u2019importance de la justice, qui caract\u00e9rise la Bible toute enti\u00e8re, est affirm\u00e9e aussi dans le Coran. On peut dire que \u00ab\u00a0l\u2019islam est d\u2019abord et avant tout justice (<\/span><\/span><\/span><span style=\"color: #808080;\"><span style=\"font-family: Century Gothic,sans-serif;\"><span style=\"font-size: small;\"><i>\u2018adl<\/i><\/span><\/span><\/span><span style=\"color: #808080;\"><span style=\"font-family: Century Gothic,sans-serif;\"><span style=\"font-size: small;\">, <\/span><\/span><\/span><span style=\"color: #808080;\"><span style=\"font-family: Century Gothic,sans-serif;\"><span style=\"font-size: small;\"><i>\u2018adala<\/i><\/span><\/span><\/span><span style=\"color: #808080;\"><span style=\"font-family: Century Gothic,sans-serif;\"><span style=\"font-size: small;\">) de m\u00eame qu\u2019il est foi (<\/span><\/span><\/span><span style=\"color: #808080;\"><span style=\"font-family: Century Gothic,sans-serif;\"><span style=\"font-size: small;\"><i>iman<\/i><\/span><\/span><\/span><span style=\"color: #808080;\"><span style=\"font-family: Century Gothic,sans-serif;\"><span style=\"font-size: small;\">) et v\u00e9rit\u00e9 (<\/span><\/span><\/span><span style=\"color: #808080;\"><span style=\"font-family: Century Gothic,sans-serif;\"><span style=\"font-size: small;\"><i>haqiqa<\/i><\/span><\/span><\/span><span style=\"color: #808080;\"><span style=\"font-family: Century Gothic,sans-serif;\"><span style=\"font-size: small;\">)\u00a0\u00bb<\/span><\/span><\/span><sup><span style=\"color: #808080;\"><span style=\"font-family: Century Gothic,sans-serif;\"><span style=\"font-size: small;\"><a href=\"#sdfootnote1sym\" name=\"sdfootnote1anc\"><sup>1<\/sup><\/a><\/span><\/span><\/span><\/sup><span style=\"color: #808080;\"><span style=\"font-family: Century Gothic,sans-serif;\"><span style=\"font-size: small;\">. C\u2019est ainsi que dans la sourate 5 on lit\u00a0:<\/span><\/span><\/span><\/p>\n<p style=\"text-align: center;\" align=\"CENTER\"><span style=\"color: #808080;\"><span style=\"font-family: Century Gothic,sans-serif;\"><span style=\"font-size: small;\"><sup>7 <\/sup>Rappelez-vous le bienfait de Dieu envers vous,<\/span><\/span><\/span><\/p>\n<p style=\"text-align: center;\" align=\"CENTER\"><span style=\"color: #808080;\"><span style=\"font-family: Century Gothic,sans-serif;\"><span style=\"font-size: small;\">ainsi que son engagement dont il vous a engag\u00e9s, lorsque vous avez dit\u00a0:<\/span><\/span><\/span><\/p>\n<p style=\"text-align: center;\" align=\"CENTER\"><span style=\"color: #808080;\"><span style=\"font-family: Century Gothic,sans-serif;\"><span style=\"font-size: small;\">\u00ab\u00a0Nous avons \u00e9cout\u00e9 et nous avons ob\u00e9i\u00a0\u00bb.<\/span><\/span><\/span><\/p>\n<p style=\"text-align: center;\" align=\"CENTER\"><span style=\"color: #808080;\"><span style=\"font-family: Century Gothic,sans-serif;\"><span style=\"font-size: small;\">Et respectez profond\u00e9ment Dieu. Dieu conna\u00eet ce que cachent vos c\u0153urs.<\/span><\/span><\/span><\/p>\n<p style=\"text-align: center;\" align=\"CENTER\"><span style=\"color: #808080;\"><span style=\"font-family: Century Gothic,sans-serif;\"><span style=\"font-size: small;\"><sup>8<\/sup> \u00d4 vous qui croyez, soyez droits (dans l&#8217;accomplissement de vos devoirs) envers Dieu,<\/span><\/span><\/span><\/p>\n<p style=\"text-align: center;\" align=\"CENTER\"><span style=\"color: #808080;\"><span style=\"font-family: Century Gothic,sans-serif;\"><span style=\"font-size: small;\">et t\u00e9moins de l\u2019\u00e9quit\u00e9 !<\/span><\/span><\/span><\/p>\n<p style=\"text-align: center;\" align=\"CENTER\"><span style=\"color: #808080;\"><span style=\"font-family: Century Gothic,sans-serif;\"><span style=\"font-size: small;\">Que la haine pour un peuple ne vous incite pas \u00e0 commettre le crime de n\u2019\u00eatre pas justes.<\/span><\/span><\/span><\/p>\n<p style=\"text-align: center;\" align=\"CENTER\"><span style=\"color: #808080;\"><span style=\"font-family: Century Gothic,sans-serif;\"><span style=\"font-size: small;\">Soyez justes. Cela est plus proche du profond respect ! Respectez profond\u00e9ment Dieu.<\/span><\/span><\/span><\/p>\n<p style=\"text-align: center;\" align=\"CENTER\"><span style=\"color: #808080;\"><span style=\"font-family: Century Gothic,sans-serif;\"><span style=\"font-size: small;\">Dieu est inform\u00e9 de ce que vous faites (Sourate 5 \/ <i>al-M\u00e2\u2019ida<\/i>, <i>Le Festin<\/i>).<\/span><\/span><\/span><\/p>\n<p align=\"JUSTIFY\"><span style=\"color: #808080;\"><span style=\"font-family: Century Gothic,sans-serif;\"><span style=\"font-size: small;\">Parmi les bienfaits que Dieu a accord\u00e9s \u00e0 ses fid\u00e8les, il y a l\u2019engagement, l\u2019alliance de Dieu avec <\/span><\/span><\/span><span style=\"color: #808080;\"><span style=\"font-family: Century Gothic,sans-serif;\"><span style=\"font-size: small;\">[\/one_third]<\/span><\/span><\/span><\/p>\n<p align=\"JUSTIFY\"><span style=\"color: #808080;\"><span style=\"font-family: Century Gothic,sans-serif;\"><span style=\"font-size: small;\">[one_third]l\u2019humanit\u00e9 enti\u00e8re, alliance que le Coran \u00e9voque avec des termes tr\u00e8sproches de ceux de la Bible<\/span><\/span><\/span><sup><span style=\"color: #808080;\"><span style=\"font-family: Century Gothic,sans-serif;\"><span style=\"font-size: small;\"><a href=\"#sdfootnote2sym\" name=\"sdfootnote2anc\"><sup>2<\/sup><\/a><\/span><\/span><\/span><\/sup><span style=\"color: #808080;\"><span style=\"font-family: Century Gothic,sans-serif;\"><span style=\"font-size: small;\">. Apr\u00e8s ce rappel de l\u2019alliance, le Coran insiste sur la justice. Il y a, en effet, les mots <\/span><\/span><\/span><span style=\"color: #808080;\"><span style=\"font-family: Century Gothic,sans-serif;\"><span style=\"font-size: small;\"><i>justes<\/i><\/span><\/span><\/span><span style=\"color: #808080;\"><span style=\"font-family: Century Gothic,sans-serif;\"><span style=\"font-size: small;\">, <\/span><\/span><\/span><span style=\"color: #808080;\"><span style=\"font-family: Century Gothic,sans-serif;\"><span style=\"font-size: small;\"><i>droits<\/i><\/span><\/span><\/span><span style=\"color: #808080;\"><span style=\"font-family: Century Gothic,sans-serif;\"><span style=\"font-size: small;\">. Et, \u00e0 travers leur comportement, les croyants doivent \u00eatre des \u00ab\u00a0t\u00e9moins de l\u2019\u00e9quit\u00e9\u00a0\u00bb, ils sont invit\u00e9s \u00e0 t\u00e9moigner que l\u2019alliance, l\u2019engagement de Dieu envers l\u2019humanit\u00e9, est un appel \u00e0 l\u2019\u00e9quit\u00e9 et \u00e0 la justice. Voil\u00e0 comment nous devons vivre notre condition de croyants et de croyantes, voil\u00e0 comment se r\u00e9alise notre respect profond de Dieu.<\/span><\/span><\/span><\/p>\n<p align=\"JUSTIFY\"><span style=\"color: #808080;\"><span style=\"font-family: Century Gothic,sans-serif;\"><span style=\"font-size: small;\">Et moi, je suis content de m\u2019engager avec toi, ch\u00e8re amie, cher ami, sur ce chemin de la justice. C\u2019est le seul engagement qui me permet de regarder \u00e0 l\u2019avenir, l\u2019avenir de l\u2019humanit\u00e9 et aussi l\u2019avenir avec Dieu, avec confiance. A toi une accolade de<\/span><\/span><\/span><\/p>\n<p style=\"text-align: left;\" align=\"RIGHT\"><span style=\"color: #808080;\"><span style=\"font-family: Century Gothic,sans-serif;\"><span style=\"font-size: small;\"><i>\u00a0\u00a0\u00a0\u00a0\u00a0\u00a0\u00a0\u00a0\u00a0\u00a0\u00a0\u00a0\u00a0\u00a0\u00a0\u00a0\u00a0\u00a0\u00a0\u00a0\u00a0\u00a0\u00a0\u00a0\u00a0\u00a0\u00a0\u00a0\u00a0\u00a0\u00a0\u00a0\u00a0\u00a0\u00a0\u00a0\u00a0\u00a0\u00a0\u00a0\u00a0\u00a0\u00a0\u00a0\u00a0\u00a0\u00a0\u00a0\u00a0\u00a0\u00a0\u00a0\u00a0\u00a0\u00a0\u00a0\u00a0\u00a0\u00a0\u00a0\u00a0\u00a0\u00a0\u00a0\u00a0\u00a0\u00a0\u00a0\u00a0\u00a0\u00a0\u00a0\u00a0\u00a0\u00a0\u00a0\u00a0\u00a0\u00a0\u00a0\u00a0\u00a0\u00a0\u00a0\u00a0\u00a0\u00a0\u00a0\u00a0\u00a0\u00a0\u00a0\u00a0\u00a0\u00a0\u00a0\u00a0\u00a0\u00a0\u00a0\u00a0\u00a0\u00a0\u00a0\u00a0\u00a0\u00a0\u00a0\u00a0\u00a0\u00a0\u00a0\u00a0\u00a0\u00a0\u00a0\u00a0\u00a0\u00a0\u00a0\u00a0\u00a0\u00a0\u00a0\u00a0 Renzo<\/i><\/span><\/span><\/span><\/p>\n<p style=\"text-align: left;\" align=\"RIGHT\">&#8212;&#8212;&#8212;&#8212;&#8212;&#8212;&#8212;&#8212;&#8212;&#8212;&#8212;&#8212;&#8212;&#8212;&#8212;&#8212;&#8212;&#8212;&#8212;&#8212;&#8212;&#8212;&#8212;&#8212;&#8212;&#8212;&#8212;&#8212;&#8212;&#8212;&#8212;&#8212;&#8212;&#8212;&#8212;&#8212;&#8212;&#8212;&#8212;<\/p>\n<div id=\"sdfootnote1\">\n<p><a href=\"#sdfootnote1anc\" name=\"sdfootnote1sym\">1<\/a> M. Chebel, <i>Dictionnaire encyclop\u00e9dique du Coran<\/i>, Fayard, Paris, 2009, p. 242, \u00e0 la voix \u00ab\u00a0Justice\u00a0\u00bb.<\/p>\n<\/div>\n<div id=\"sdfootnote2\">\n<p><a href=\"#sdfootnote2anc\" name=\"sdfootnote2sym\">2<\/a> Cf. M. Cuypers, <i>Le Festin. Une lecture de la sourate al M\u00e2\u2019ida<\/i>, Lethielleux, Paris, 2007, p. 77s.<\/p>\n<p>&nbsp;<\/p>\n<p><a href=\"http:\/\/absi.ch\/new\/wp-content\/uploads\/2014\/12\/Avvento-2014_IVsett.pdf\" target=\"_blank\"><em>&gt; testo in pdf<\/em><\/a><em>\u00a0\u00a0\u00a0\u00a0\u00a0\u00a0\u00a0\u00a0\u00a0\u00a0\u00a0\u00a0\u00a0\u00a0\u00a0\u00a0\u00a0\u00a0 <\/em><a href=\"http:\/\/absi.ch\/new\/avvento-2014\/\"><em>&gt; Avvento 2014<\/em><\/a><\/p>\n<p>[\/one_third][one_third][\/one_third][one_third][\/one_third][\/layout_group][\/layout]<\/p>\n<\/div>\n<div id=\"themify_builder_content-4030\" data-postid=\"4030\" class=\"themify_builder_content themify_builder_content-4030 themify_builder\">\n    <\/div>\n<!-- \/themify_builder_content -->\n","protected":false},"excerpt":{"rendered":"<p>[layout][layout_group][one_third] S\u2019engager pour plus de justice (Avent 2014: quatri\u00e8me semaine) &nbsp; Vers la fin de son discours \u00e0 l\u2019occasion de la rencontre des mouvements populaires, le pape Fran\u00e7ois a remarqu\u00e9\u00a0: \u00ab\u00a0Certains d\u2019entre vous ont dit : on ne peut plus supporter ce syst\u00e8me. Nous devons le changer, nous devons remettre la dignit\u00e9 humaine au centre [&hellip;]<\/p>\n","protected":false},"author":1,"featured_media":3896,"comment_status":"closed","ping_status":"open","sticky":false,"template":"","format":"standard","meta":{"footnotes":""},"categories":[76],"tags":[42],"class_list":["post-4030","post","type-post","status-publish","format-standard","has-post-thumbnail","hentry","category-avvento-2014","tag-rp","has-post-title","no-post-date","has-post-category","has-post-tag","has-post-comment","has-post-author",""],"builder_content":"","_links":{"self":[{"href":"https:\/\/absi.ch\/new\/wp-json\/wp\/v2\/posts\/4030","targetHints":{"allow":["GET"]}}],"collection":[{"href":"https:\/\/absi.ch\/new\/wp-json\/wp\/v2\/posts"}],"about":[{"href":"https:\/\/absi.ch\/new\/wp-json\/wp\/v2\/types\/post"}],"author":[{"embeddable":true,"href":"https:\/\/absi.ch\/new\/wp-json\/wp\/v2\/users\/1"}],"replies":[{"embeddable":true,"href":"https:\/\/absi.ch\/new\/wp-json\/wp\/v2\/comments?post=4030"}],"version-history":[{"count":13,"href":"https:\/\/absi.ch\/new\/wp-json\/wp\/v2\/posts\/4030\/revisions"}],"predecessor-version":[{"id":4045,"href":"https:\/\/absi.ch\/new\/wp-json\/wp\/v2\/posts\/4030\/revisions\/4045"}],"wp:featuredmedia":[{"embeddable":true,"href":"https:\/\/absi.ch\/new\/wp-json\/wp\/v2\/media\/3896"}],"wp:attachment":[{"href":"https:\/\/absi.ch\/new\/wp-json\/wp\/v2\/media?parent=4030"}],"wp:term":[{"taxonomy":"category","embeddable":true,"href":"https:\/\/absi.ch\/new\/wp-json\/wp\/v2\/categories?post=4030"},{"taxonomy":"post_tag","embeddable":true,"href":"https:\/\/absi.ch\/new\/wp-json\/wp\/v2\/tags?post=4030"}],"curies":[{"name":"wp","href":"https:\/\/api.w.org\/{rel}","templated":true}]}}