{"id":5302,"date":"2015-03-15T22:19:33","date_gmt":"2015-03-15T21:19:33","guid":{"rendered":"http:\/\/absi.ch\/new\/?p=5302"},"modified":"2015-03-15T22:37:58","modified_gmt":"2015-03-15T21:37:58","slug":"eucharistie-15-3-2015","status":"publish","type":"post","link":"https:\/\/absi.ch\/new\/2015\/03\/eucharistie-15-3-2015\/","title":{"rendered":"eucharistie-15-3-2015"},"content":{"rendered":"<p>[layout][layout_group][one_fourth]<\/p>\n<h2 align=\"CENTER\"><b>Un amour qui nous d\u00e9passe. Totalement!<\/b><\/h2>\n<h6>Eucharistie: 15 mars 2015<\/h6>\n<p>&nbsp;<\/p>\n<p align=\"JUSTIFY\"><span style=\"font-size: small; background: yellow;\">Premi\u00e8re lecture<\/span><\/p>\n<p><i>La lettre qu\u2019on va \u00e9couter dans un instant est adress\u00e9e aux chr\u00e9tiens d\u2019Eph\u00e8se, une ville de l\u2019actuelle Turquie. Les chr\u00e9tiens d\u2019Eph\u00e8se sont, en grande partie, des personnes d\u2019origine pa\u00efenne, des personnes qui, gr\u00e2ce \u00e0 Paul et \u00e0 d\u2019autres ap\u00f4tres, se sont ouvertes au christianisme.<\/i><\/p>\n<p><i>L\u2019auteur de la lettre, peut-\u00eatre Paul lui-m\u00eame ou un de ses collaborateurs, est certainement un chr\u00e9tien d\u2019origine juive. Et pourtant\u2026 il fait tomber toutes les barri\u00e8res ethniques et religieuses\u00a0! Il est conscient du fait que les croyants d\u2019origine juive et ceux d\u2019origine pa\u00efenne forment d\u00e9sormais un \u00ab\u00a0nous\u00a0\u00bb, un nous aim\u00e9 par Dieu (v. 4). Les deux groupes ensemble sont une nouvelle cr\u00e9ation de Dieu. \u00ab\u00a0Nous sommes\u00a0\u00bb, dit le texte grec, \u00ab\u00a0son po\u00e8me\u00a0\u00bb (v. 10). En effet, le po\u00e8me de la cr\u00e9ation, qui est c\u00e9l\u00e9br\u00e9 dans la premi\u00e8re page de la Gen\u00e8se, trouve son aboutissement dans l\u2019homme nouveau, le Christ, et dans l\u2019humanit\u00e9 nouvelle qui se retrouve en lui<a title=\"\" href=\"#_ftn1\">[1]<\/a>.<\/i><\/p>\n<p><i>Pour d\u00e9crire cette humanit\u00e9 nouvelle, l\u2019auteur n\u2019a pas de mots, tellement surprenante et inimaginable elle est. Pour en parler, l\u2019auteur doit ainsi cr\u00e9er trois verbes\u00a0: \u00ab\u00a0faire-vivre-avec\u00a0\u00bb (v. 5), \u00ab\u00a0ressusciter-avec\u00a0\u00bb et \u00ab\u00a0faire-asseoir-avec\u00a0\u00bb (v 6)<a title=\"\" href=\"#_ftn2\">[2]<\/a>. Une humanit\u00e9 nouvelle\u00a0: un <b>nous<\/b>, compos\u00e9 de juifs et de pa\u00efens, un nous qui vit &#8211; d\u00e8s maintenant &#8211; avec le Christ ressuscit\u00e9.<\/i><\/p>\n<p><i>Un <b>nous<\/b>, nous dit le verset 10, qui ne peut pas rester inactif\u00a0: en effet, Dieu nous a \u00ab\u00a0cr\u00e9\u00e9s &#8211; dans le Christ J\u00e9sus &#8211; pour des \u0153uvres bonnes, afin que nous nous y engagions\u00a0\u00bb (v. 10).<\/i><\/p>\n<p>&nbsp;<\/p>\n<p><b>Lecture de la lettre aux Eph\u00e9siens (2,4-10)<\/b><br \/>\n<sup>4<\/sup> Dieu est riche en compassion,<br \/>\n\u00e0 cause du grand amour dont il nous a aim\u00e9s.<br \/>\n[\/one_fourth][one_fourth]<sup>5<\/sup> Nous, morts par nos transgressions,<br \/>\nil nous a fait <b>vivre avec<\/b> le Christ<br \/>\n&#8211; c\u2019est par gr\u00e2ce que vous \u00eates sauv\u00e9s ! &#8211;<br \/>\n<sup>6<\/sup> il nous a <b>ressuscit\u00e9s avec<\/b> lui et il nous a fait <b>asseoir avec<\/b> lui<br \/>\ndans les hauteurs du ciel en Christ J\u00e9sus,<br \/>\n<sup>7<\/sup> pour montrer dans les temps \u00e0 venir<br \/>\nl\u2019immense richesse de sa gr\u00e2ce,<br \/>\ndans la bont\u00e9 exprim\u00e9e pour nous<br \/>\ndans le Christ J\u00e9sus.<br \/>\n<sup>8<\/sup> Oui, c\u2019est bien par la gr\u00e2ce que vous \u00eates sauv\u00e9s,<br \/>\n\u00e0 travers la confiance que vous avez en lui.<br \/>\nNon, \u00e7a ne vient pas de vous, c\u2019est un don de Dieu.<br \/>\n<sup>9<\/sup> \u00c7a ne vient pas de vos actes. Pour que personne ne s\u2019en vante.<br \/>\n<sup>10<\/sup> Et nous sommes son po\u00e8me, ayant \u00e9t\u00e9 cr\u00e9\u00e9s &#8211; dans le Christ J\u00e9sus &#8211;<br \/>\npour des \u0153uvres bonnes auxquelles Dieu nous a pr\u00e9par\u00e9s, afin que nous nous y engagions.<\/p>\n<div>\n<p>\u00a0<a href=\"http:\/\/absi.ch\/new\/wp-content\/uploads\/2015\/03\/Eucharistie_15mars2015.pdf\" target=\"_blank\"><em>&gt; continua (pdf) <\/em><\/a><\/p>\n<hr align=\"left\" size=\"1\" width=\"33%\" \/>\n<div>\n<p><a title=\"\" href=\"#_ftnref\">[1]<\/a> Cf. <i>Lettre aux Eph\u00e9siens. Introduction et notes par<\/i> M. Garat, dans <i>La Bible<\/i>, Bayard \/ M\u00e9diaspaul, Paris \/ Montr\u00e9al, 2001, p. 3055.<\/p>\n<\/div>\n<div>\n<p><a title=\"\" href=\"#_ftnref\">[2]<\/a> Cf. C. Reynier, <i>L\u2019\u00e9p\u00eetre aux Eph\u00e9siens<\/i>, Cerf, Paris, 2004, p. 81 et 86.<\/p>\n<\/div>\n<\/div>\n<p>&nbsp;<\/p>\n<p><em><a href=\"http:\/\/absi.ch\/new\/lectures-pour-lafrique-et-toute-la-terre\/\"><em>&gt; Lectures pure l&#8217;Afrique &#8230; et toute la Terre<\/em><\/a><br \/>\n<\/em>[\/one_fourth][one_fourth][\/one_fourth][one_fourth][\/one_fourth][\/layout_group][\/layout]<\/p>\n<div id=\"themify_builder_content-5302\" data-postid=\"5302\" class=\"themify_builder_content themify_builder_content-5302 themify_builder\">\n    <\/div>\n<!-- \/themify_builder_content -->\n","protected":false},"excerpt":{"rendered":"<p>[layout][layout_group][one_fourth] Un amour qui nous d\u00e9passe. Totalement! Eucharistie: 15 mars 2015 &nbsp; Premi\u00e8re lecture La lettre qu\u2019on va \u00e9couter dans un instant est adress\u00e9e aux chr\u00e9tiens d\u2019Eph\u00e8se, une ville de l\u2019actuelle Turquie. Les chr\u00e9tiens d\u2019Eph\u00e8se sont, en grande partie, des personnes d\u2019origine pa\u00efenne, des personnes qui, gr\u00e2ce \u00e0 Paul et \u00e0 d\u2019autres ap\u00f4tres, se sont [&hellip;]<\/p>\n","protected":false},"author":1,"featured_media":364,"comment_status":"closed","ping_status":"open","sticky":false,"template":"","format":"standard","meta":{"footnotes":""},"categories":[40],"tags":[42],"class_list":["post-5302","post","type-post","status-publish","format-standard","has-post-thumbnail","hentry","category-rpe","tag-rp","has-post-title","no-post-date","has-post-category","has-post-tag","has-post-comment","has-post-author",""],"builder_content":"","_links":{"self":[{"href":"https:\/\/absi.ch\/new\/wp-json\/wp\/v2\/posts\/5302","targetHints":{"allow":["GET"]}}],"collection":[{"href":"https:\/\/absi.ch\/new\/wp-json\/wp\/v2\/posts"}],"about":[{"href":"https:\/\/absi.ch\/new\/wp-json\/wp\/v2\/types\/post"}],"author":[{"embeddable":true,"href":"https:\/\/absi.ch\/new\/wp-json\/wp\/v2\/users\/1"}],"replies":[{"embeddable":true,"href":"https:\/\/absi.ch\/new\/wp-json\/wp\/v2\/comments?post=5302"}],"version-history":[{"count":5,"href":"https:\/\/absi.ch\/new\/wp-json\/wp\/v2\/posts\/5302\/revisions"}],"predecessor-version":[{"id":5310,"href":"https:\/\/absi.ch\/new\/wp-json\/wp\/v2\/posts\/5302\/revisions\/5310"}],"wp:featuredmedia":[{"embeddable":true,"href":"https:\/\/absi.ch\/new\/wp-json\/wp\/v2\/media\/364"}],"wp:attachment":[{"href":"https:\/\/absi.ch\/new\/wp-json\/wp\/v2\/media?parent=5302"}],"wp:term":[{"taxonomy":"category","embeddable":true,"href":"https:\/\/absi.ch\/new\/wp-json\/wp\/v2\/categories?post=5302"},{"taxonomy":"post_tag","embeddable":true,"href":"https:\/\/absi.ch\/new\/wp-json\/wp\/v2\/tags?post=5302"}],"curies":[{"name":"wp","href":"https:\/\/api.w.org\/{rel}","templated":true}]}}