{"id":5330,"date":"2015-03-22T01:41:49","date_gmt":"2015-03-22T00:41:49","guid":{"rendered":"http:\/\/absi.ch\/new\/?p=5330"},"modified":"2015-03-22T01:41:49","modified_gmt":"2015-03-22T00:41:49","slug":"v-quaresima-2015","status":"publish","type":"post","link":"https:\/\/absi.ch\/new\/2015\/03\/v-quaresima-2015\/","title":{"rendered":"V-quaresima-2015"},"content":{"rendered":"<p>[layout][layout_group][one_third]<\/p>\n<h3 style=\"text-align: center;\">SE IL CHICCO DI GRANO CADUTO IN TERRA MUORE,<br \/>\nPRODUCE MOLTO FRUTTO<\/h3>\n<p style=\"text-align: center; color: green;\">&#8212;&#8212;&#8212;&#8212;&#8212;&#8212;&#8212;&#8212;&#8212;&#8212;&#8212;&#8212;&#8212;&#8212;&#8212;&#8212;&#8212;&#8212;&#8212;&#8212;&#8212;&#8212;&#8212;&#8212;&#8212;&#8212;&#8212;&#8212;&#8212;&#8212;&#8212;&#8212;&#8212;&#8212;&#8212;&#8212;&#8212;&#8211;<\/p>\n<h5><a href=\"http:\/\/absi.ch\/new\/wp-content\/uploads\/2015\/03\/koerner_kfd_800.jpg\"><img loading=\"lazy\" decoding=\"async\" class=\"aligncenter\" alt=\"koerner_kfd_800\" src=\"http:\/\/absi.ch\/new\/wp-content\/uploads\/2015\/03\/koerner_kfd_800.jpg\" width=\"540\" height=\"516\" \/><\/a><\/h5>\n<p>&nbsp;<\/p>\n<h5 style=\"text-align: center;\">K\u00f6rnerbilder 2010<\/h5>\n<p style=\"text-align: center;\"><em><a href=\"http:\/\/www.sankt-martin-sinzheim.de\/index.php?page=KoernerBilder#B-2010\" target=\"_blank\">Parrocchia St. Martin, Sinzheim<\/a><a href=\"http:\/\/www.sankt-martin-sinzheim.de\/index.php?page=KoernerBilder#B-2010\" target=\"_blank\"> (link esterno)<\/a><br \/>\n<\/em><\/p>\n<p>&nbsp;<\/p>\n<p>[\/one_third][one_third]<\/p>\n<h5>V QUARESIMA \u2013 22\u00a0 marzo 2015<\/h5>\n<p>&nbsp;<\/p>\n<p><strong>Gv 12,20-33<\/strong><br \/>\n[In quel tempo,] tra quelli che erano saliti per il culto durante la festa c\u2019erano anche alcuni Greci. Questi si avvicinarono a Filippo, che era di Bets\u00e0ida di Galilea, e gli domandarono: \u00abSignore, vogliamo vedere Ges\u00f9\u00bb. Filippo and\u00f2 a dirlo ad Andrea, e poi Andrea e Filippo andarono a dirlo a Ges\u00f9. Ges\u00f9 rispose loro: \u00ab\u00c8 venuta l\u2019ora che il Figlio dell\u2019uomo sia glorificato. In verit\u00e0, in verit\u00e0 io vi dico: se il chicco di grano, caduto in terra, non muore, rimane solo; se invece muore, produce molto frutto. Chi ama la propria vita, la perde e chi odia la propria vita in questo mondo, la conserver\u00e0 per la vita eterna. Se uno mi vuole servire, mi segua, e dove sono io, l\u00e0 sar\u00e0 anche il mio servitore. Se uno serve me, il Padre lo onorer\u00e0. Adesso l\u2019anima mia \u00e8 turbata; che cosa dir\u00f2? Padre, salvami da quest\u2019ora? Ma proprio per questo sono giunto a quest\u2019ora! Padre, glorifica il tuo nome\u00bb. Venne allora una voce dal cielo: \u00abL\u2019ho glorificato e lo glorificher\u00f2 ancora!\u00bb. La folla, che era presente e aveva udito, diceva che era stato un tuono. Altri dicevano: \u00abUn angelo gli ha parlato\u00bb. Disse Ges\u00f9: \u00abQuesta voce non \u00e8 venuta per me, ma per voi. Ora \u00e8 il giudizio di questo mondo; ora il principe di questo mondo sar\u00e0 gettato fuori. E io, quando sar\u00f2 innalzato da terra, attirer\u00f2 tutti a me\u00bb. Diceva questo per indicare di quale morte doveva morire.<\/p>\n<p>&nbsp;<\/p>\n<p><em>Commento al Vangelo (pdf) di:<\/em><\/p>\n<p><a href=\"http:\/\/absi.ch\/new\/wp-content\/uploads\/2015\/03\/V-TEMPO-ORDINARIO_Anno-B-2014-2015_Castillo.pdf\" target=\"_blank\">&gt; p. Jos\u00e9 Mar\u00eda Castillo<\/a><\/p>\n<p><a href=\"http:\/\/absi.ch\/new\/wp-content\/uploads\/2015\/03\/23.-22-marzo-2015-V-Quaresima-Gv-1220-33.pdf\" target=\"_blank\">&gt; don Gennaro Lamuro<\/a><\/p>\n<p><a href=\"http:\/\/absi.ch\/new\/wp-content\/uploads\/2015\/03\/V-Quaresima-22.3.2015.pdf\" target=\"_blank\">&gt; p. Alberto Maggi<\/a><\/p>\n<p>&nbsp;<\/p>\n<p><a href=\"http:\/\/absi.ch\/new\/commento-al-vangelo-2015\/\"><em>&gt; sommario Commento al Vangelo 2015<\/em><\/a><\/p>\n<p>[\/one_third][one_third][\/one_third][one_third][\/one_third][\/layout_group][\/layout]<\/p>\n<div id=\"themify_builder_content-5330\" data-postid=\"5330\" class=\"themify_builder_content themify_builder_content-5330 themify_builder\">\n    <\/div>\n<!-- \/themify_builder_content -->\n","protected":false},"excerpt":{"rendered":"<p>[layout][layout_group][one_third] SE IL CHICCO DI GRANO CADUTO IN TERRA MUORE, PRODUCE MOLTO FRUTTO &#8212;&#8212;&#8212;&#8212;&#8212;&#8212;&#8212;&#8212;&#8212;&#8212;&#8212;&#8212;&#8212;&#8212;&#8212;&#8212;&#8212;&#8212;&#8212;&#8212;&#8212;&#8212;&#8212;&#8212;&#8212;&#8212;&#8212;&#8212;&#8212;&#8212;&#8212;&#8212;&#8212;&#8212;&#8212;&#8212;&#8212;&#8211; &nbsp; K\u00f6rnerbilder 2010 Parrocchia St. Martin, Sinzheim (link esterno) &nbsp; [\/one_third][one_third] V QUARESIMA \u2013 22\u00a0 marzo 2015 &nbsp; Gv 12,20-33 [In quel tempo,] tra quelli che erano saliti per il culto durante la festa c\u2019erano anche alcuni Greci. Questi si avvicinarono [&hellip;]<\/p>\n","protected":false},"author":1,"featured_media":349,"comment_status":"closed","ping_status":"open","sticky":false,"template":"","format":"standard","meta":{"footnotes":""},"categories":[81],"tags":[88],"class_list":["post-5330","post","type-post","status-publish","format-standard","has-post-thumbnail","hentry","category-commento-al-vangelo-2015","tag-quaresima-2015","has-post-title","no-post-date","has-post-category","has-post-tag","has-post-comment","has-post-author",""],"builder_content":"","_links":{"self":[{"href":"https:\/\/absi.ch\/new\/wp-json\/wp\/v2\/posts\/5330","targetHints":{"allow":["GET"]}}],"collection":[{"href":"https:\/\/absi.ch\/new\/wp-json\/wp\/v2\/posts"}],"about":[{"href":"https:\/\/absi.ch\/new\/wp-json\/wp\/v2\/types\/post"}],"author":[{"embeddable":true,"href":"https:\/\/absi.ch\/new\/wp-json\/wp\/v2\/users\/1"}],"replies":[{"embeddable":true,"href":"https:\/\/absi.ch\/new\/wp-json\/wp\/v2\/comments?post=5330"}],"version-history":[{"count":3,"href":"https:\/\/absi.ch\/new\/wp-json\/wp\/v2\/posts\/5330\/revisions"}],"predecessor-version":[{"id":5466,"href":"https:\/\/absi.ch\/new\/wp-json\/wp\/v2\/posts\/5330\/revisions\/5466"}],"wp:featuredmedia":[{"embeddable":true,"href":"https:\/\/absi.ch\/new\/wp-json\/wp\/v2\/media\/349"}],"wp:attachment":[{"href":"https:\/\/absi.ch\/new\/wp-json\/wp\/v2\/media?parent=5330"}],"wp:term":[{"taxonomy":"category","embeddable":true,"href":"https:\/\/absi.ch\/new\/wp-json\/wp\/v2\/categories?post=5330"},{"taxonomy":"post_tag","embeddable":true,"href":"https:\/\/absi.ch\/new\/wp-json\/wp\/v2\/tags?post=5330"}],"curies":[{"name":"wp","href":"https:\/\/api.w.org\/{rel}","templated":true}]}}