{"id":5456,"date":"2015-04-05T22:28:42","date_gmt":"2015-04-05T20:28:42","guid":{"rendered":"http:\/\/absi.ch\/new\/?p=5456"},"modified":"2015-04-05T22:28:42","modified_gmt":"2015-04-05T20:28:42","slug":"eucharistie-05-04-2015","status":"publish","type":"post","link":"https:\/\/absi.ch\/new\/2015\/04\/eucharistie-05-04-2015\/","title":{"rendered":"eucharistie-05-04-2015"},"content":{"rendered":"<p>[layout][layout_group][one_fourth]<\/p>\n<h2 align=\"CENTER\"><b>La r\u00e9surrection\u2026 bouleverse<\/b><\/h2>\n<h6>Eucharistie:\u00a0<b>5 avril<\/b> 2015<\/h6>\n<p>&nbsp;<\/p>\n<p align=\"JUSTIFY\"><span style=\"background: yellow;\">Premi\u00e8re lecture<\/span><\/p>\n<p><i>Apr\u00e8s avoir \u00e9crit son Evangile, Luc va poursuivre sa narration en \u00e9crivant les Actes des ap\u00f4tres, un livre dans lequel il nous montre comment le message concernant J\u00e9sus va arriver aux pa\u00efens. Dans cette d\u00e9marche, un r\u00f4le important est jou\u00e9 par des personnes : parmi les ap\u00f4tres Pierre, parmi les pa\u00efens l\u2019officier romain Corn\u00e9lius. C\u2019est Dieu qui pousse les deux \u00e0 franchir les barri\u00e8res qui les s\u00e9parent et \u00e0 se rencontrer. Et, au moment de la rencontre, Pierre trace les lignes fondamentales du message chr\u00e9tien.<\/i><\/p>\n<p><i>Il y a d\u2019abord un pr\u00e9suppos\u00e9 fondamental (vv. 34-35). Pour accueillir le message du salut, il faut une ouverture religieuse \u00e0 Dieu et un comportement correct : la pratique de la justice. Il y a ensuite les quatre \u00e9tapes de la vie de J\u00e9sus (vv. 36-41) : le bapt\u00eame, l\u2019activit\u00e9 en Galil\u00e9e, l\u2019activit\u00e9 et la mort \u00e0 J\u00e9rusalem, la r\u00e9surrection et les apparitions pascales. Dans ces quatre \u00e9tapes, J\u00e9sus est \u00ab la parole \u00bb (v. 36) de Dieu, \u00ab l\u2019\u00e9v\u00e9nement \u00bb (v. 37). Quant \u00e0 la bonne nouvelle annonc\u00e9e par J\u00e9sus, elle n\u2019est pas l\u2019annonce d\u2019un ch\u00e2timent, elle est \u00ab la bonne nouvelle de la paix \u00bb.<\/i><\/p>\n<p><i>Il y a enfin la cons\u00e9quence (vv. 42-43) : le fait d\u2019avoir, au moment du repas pascal, rencontr\u00e9 \u00a0J\u00e9sus pousse ses disciples \u00e0 annoncer au monde le pardon : nous pouvons avoir confiance en Dieu, Dieu est celui qui pardonne nos \u00e9garements.<\/i><\/p>\n<p>&nbsp;<\/p>\n<p><b>Lecture des Actes des ap\u00f4tres (10,34-43)<\/b><\/p>\n<p><sup>34<\/sup> Alors Pierre ouvrant la bouche, dit : \u00abEn v\u00e9rit\u00e9, je me rends compte que Dieu est impartial\u00a0: <sup>35<\/sup> en toute nation, quiconque le respecte et pratique la justice trouve accueil aupr\u00e8s de lui. [&#8230;]\u00a0 <a href=\"http:\/\/absi.ch\/new\/wp-content\/uploads\/2015\/04\/Eucharistie_5avril2015.pdf\" target=\"_blank\"><em>&gt; testo integrale (pdf)<\/em><\/a><\/p>\n<p><em><a href=\"http:\/\/absi.ch\/new\/lectures-pour-lafrique-et-toute-la-terre2015\/\"><em>&gt; Lectures pure l&#8217;Afrique &#8230; et toute la Terre<\/em><\/a><br \/>\n<\/em><br \/>\n[\/one_fourth][one_fourth][\/one_fourth][\/layout_group][\/layout]<\/p>\n<div id=\"themify_builder_content-5456\" data-postid=\"5456\" class=\"themify_builder_content themify_builder_content-5456 themify_builder\">\n    <\/div>\n<!-- \/themify_builder_content -->\n","protected":false},"excerpt":{"rendered":"<p>[layout][layout_group][one_fourth] La r\u00e9surrection\u2026 bouleverse Eucharistie:\u00a05 avril 2015 &nbsp; Premi\u00e8re lecture Apr\u00e8s avoir \u00e9crit son Evangile, Luc va poursuivre sa narration en \u00e9crivant les Actes des ap\u00f4tres, un livre dans lequel il nous montre comment le message concernant J\u00e9sus va arriver aux pa\u00efens. Dans cette d\u00e9marche, un r\u00f4le important est jou\u00e9 par des personnes : parmi [&hellip;]<\/p>\n","protected":false},"author":1,"featured_media":364,"comment_status":"closed","ping_status":"open","sticky":false,"template":"","format":"standard","meta":{"footnotes":""},"categories":[40],"tags":[42],"class_list":["post-5456","post","type-post","status-publish","format-standard","has-post-thumbnail","hentry","category-rpe","tag-rp","has-post-title","no-post-date","has-post-category","has-post-tag","has-post-comment","has-post-author",""],"builder_content":"","_links":{"self":[{"href":"https:\/\/absi.ch\/new\/wp-json\/wp\/v2\/posts\/5456","targetHints":{"allow":["GET"]}}],"collection":[{"href":"https:\/\/absi.ch\/new\/wp-json\/wp\/v2\/posts"}],"about":[{"href":"https:\/\/absi.ch\/new\/wp-json\/wp\/v2\/types\/post"}],"author":[{"embeddable":true,"href":"https:\/\/absi.ch\/new\/wp-json\/wp\/v2\/users\/1"}],"replies":[{"embeddable":true,"href":"https:\/\/absi.ch\/new\/wp-json\/wp\/v2\/comments?post=5456"}],"version-history":[{"count":5,"href":"https:\/\/absi.ch\/new\/wp-json\/wp\/v2\/posts\/5456\/revisions"}],"predecessor-version":[{"id":5462,"href":"https:\/\/absi.ch\/new\/wp-json\/wp\/v2\/posts\/5456\/revisions\/5462"}],"wp:featuredmedia":[{"embeddable":true,"href":"https:\/\/absi.ch\/new\/wp-json\/wp\/v2\/media\/364"}],"wp:attachment":[{"href":"https:\/\/absi.ch\/new\/wp-json\/wp\/v2\/media?parent=5456"}],"wp:term":[{"taxonomy":"category","embeddable":true,"href":"https:\/\/absi.ch\/new\/wp-json\/wp\/v2\/categories?post=5456"},{"taxonomy":"post_tag","embeddable":true,"href":"https:\/\/absi.ch\/new\/wp-json\/wp\/v2\/tags?post=5456"}],"curies":[{"name":"wp","href":"https:\/\/api.w.org\/{rel}","templated":true}]}}