{"id":5952,"date":"2015-08-15T19:16:32","date_gmt":"2015-08-15T17:16:32","guid":{"rendered":"http:\/\/absi.ch\/new\/?p=5952"},"modified":"2015-08-29T21:31:53","modified_gmt":"2015-08-29T19:31:53","slug":"assunzione-della-vergine-maria-15-agosto-2015","status":"publish","type":"post","link":"https:\/\/absi.ch\/new\/2015\/08\/assunzione-della-vergine-maria-15-agosto-2015\/","title":{"rendered":"ASSUNZIONE DELLA VERGINE MARIA \u2013 15 agosto 2015"},"content":{"rendered":"<p>[layout][layout_group][one_third]<\/p>\n<h3 style=\"text-align: center;\">GRANDI COSE HA FATTO PER ME L\u2019ONNIPOTENTE:<br \/>\nHA INNALZATO GLI UMILI<\/h3>\n<p style=\"text-align: center;\">&#8212;&#8212;&#8212;&#8212;&#8212;&#8212;&#8212;&#8212;&#8212;&#8212;&#8212;&#8212;&#8212;&#8212;&#8212;&#8212;&#8212;&#8212;&#8212;&#8212;&#8212;&#8212;&#8212;&#8212;&#8212;&#8212;&#8212;&#8212;&#8212;&#8212;&#8212;&#8212;&#8212;&#8212;&#8212;&#8212;&#8212;&#8211;<\/p>\n<h5><a href=\"http:\/\/absi.ch\/new\/wp-content\/uploads\/2015\/08\/Correggio-Assumption_of_the_Virgin.jpg\"><img loading=\"lazy\" decoding=\"async\" class=\"wp-image-5966 aligncenter\" alt=\"Correggio-Assumption_of_the_Virgin\" src=\"http:\/\/absi.ch\/new\/wp-content\/uploads\/2015\/08\/Correggio-Assumption_of_the_Virgin-1115x790.jpg\" width=\"573\" height=\"405\" srcset=\"https:\/\/absi.ch\/new\/wp-content\/uploads\/2015\/08\/Correggio-Assumption_of_the_Virgin-1115x790.jpg 1115w, https:\/\/absi.ch\/new\/wp-content\/uploads\/2015\/08\/Correggio-Assumption_of_the_Virgin-300x212.jpg 300w, https:\/\/absi.ch\/new\/wp-content\/uploads\/2015\/08\/Correggio-Assumption_of_the_Virgin.jpg 1128w\" sizes=\"auto, (max-width: 573px) 100vw, 573px\" \/><\/a><\/h5>\n<h5 style=\"text-align: center;\">Assunzione della Vergine<\/h5>\n<p style=\"text-align: center;\"><em>Correggio (1490-1534) <a title=\"Link a Wikipedia\" href=\"https:\/\/it.wikipedia.org\/wiki\/Assunzione_della_Vergine_%28Correggio%29\" target=\"_blank\">Cuppola del Duomo di Parma (dettaglio)<\/a><br \/>\n<\/em><\/p>\n<p>&nbsp;<\/p>\n<p>[\/one_third][one_third]<\/p>\n<h5>ASSUNZIONE DELLA VERGINE MARIA \u2013 15 agosto 2015<\/h5>\n<p><strong>Lc 1,39-56<\/strong><br \/>\nIn quei giorni Maria si alz\u00f2 e and\u00f2 in fretta verso la regione montuosa, in una citt\u00e0 di Giuda. Entrata nella casa di Zaccar\u00eca, salut\u00f2 Elisabetta. Appena Elisabetta ebbe udito il saluto di Maria, il bambino sussult\u00f2 nel suo grembo.<br \/>\nElisabetta fu colmata di Spirito Santo ed esclam\u00f2 a gran voce: \u00abBenedetta tu fra le donne e benedetto il frutto del tuo grembo! A che cosa devo che la madre del mio Signore venga da me? Ecco, appena il tuo saluto \u00e8 giunto ai miei orecchi, il bambino ha sussultato di gioia nel mio grembo. E beata colei che ha creduto nell\u2019adempimento di ci\u00f2 che il Signore le ha detto\u00bb. Allora Maria disse:<br \/>\n\u00abL\u2019anima mia magnifica il Signore e il mio spirito esulta in Dio, mio salvatore, perch\u00e9 ha guardato l\u2019umilt\u00e0 della sua serva. D\u2019ora in poi tutte le generazioni mi chiameranno beata. Grandi cose ha fatto per me l\u2019Onnipotente e Santo \u00e8 il suo nome; di generazione in generazione la sua misericordia per quelli che lo temono.<br \/>\nHa spiegato la potenza del suo braccio, ha disperso i superbi nei pensieri del loro cuore; ha rovesciato i potenti dai troni, ha innalzato gli umili; ha ricolmato di beni gli affamati, ha rimandato i ricchi a mani vuote.<br \/>\nHa soccorso Israele, suo servo, ricordandosi della sua misericordia, come aveva detto ai nostri padri, per Abramo e la sua discendenza, per sempre\u00bb.<br \/>\nMaria rimase con lei circa tre mesi, poi torn\u00f2 a casa sua.<\/p>\n<p>&nbsp;<\/p>\n<p><em>Commento al Vangelo (pdf) di:<\/em><\/p>\n<p><a href=\"http:\/\/absi.ch\/new\/wp-content\/uploads\/2015\/08\/ASSUNZIONE-DELLA-VERGINE-MARIA_Anno-B-2014-2015_Castillo.pdf\" target=\"_blank\">&gt; p. Jos\u00e9 Mar\u00eda Castillo<\/a><\/p>\n<p><a href=\"http:\/\/absi.ch\/new\/wp-content\/uploads\/2015\/08\/45.-15-agosto-2015-Assunzione-Lc-139-56.pdf\" target=\"_blank\">&gt; don Gennaro Lamuro<\/a><\/p>\n<p><a href=\"http:\/\/absi.ch\/new\/wp-content\/uploads\/2015\/08\/Assunzione-15.8.2015.pdf\" target=\"_blank\">&gt; p. Alberto Maggi<\/a><\/p>\n<p>&nbsp;<\/p>\n<p><a href=\"http:\/\/absi.ch\/new\/commento-al-vangelo-2015\/\"><em>&gt; sommario Commento al Vangelo 2015<\/em><\/a><\/p>\n<p>[\/one_third][one_third][\/one_third][one_third][\/one_third][\/layout_group][\/layout]<\/p>\n<div id=\"themify_builder_content-5952\" data-postid=\"5952\" class=\"themify_builder_content themify_builder_content-5952 themify_builder\">\n    <\/div>\n<!-- \/themify_builder_content -->\n","protected":false},"excerpt":{"rendered":"<p>[layout][layout_group][one_third] GRANDI COSE HA FATTO PER ME L\u2019ONNIPOTENTE: HA INNALZATO GLI UMILI &#8212;&#8212;&#8212;&#8212;&#8212;&#8212;&#8212;&#8212;&#8212;&#8212;&#8212;&#8212;&#8212;&#8212;&#8212;&#8212;&#8212;&#8212;&#8212;&#8212;&#8212;&#8212;&#8212;&#8212;&#8212;&#8212;&#8212;&#8212;&#8212;&#8212;&#8212;&#8212;&#8212;&#8212;&#8212;&#8212;&#8212;&#8211; Assunzione della Vergine Correggio (1490-1534) Cuppola del Duomo di Parma (dettaglio) &nbsp; [\/one_third][one_third] ASSUNZIONE DELLA VERGINE MARIA \u2013 15 agosto 2015 Lc 1,39-56 In quei giorni Maria si alz\u00f2 e and\u00f2 in fretta verso la regione montuosa, in una citt\u00e0 di Giuda. [&hellip;]<\/p>\n","protected":false},"author":1,"featured_media":349,"comment_status":"closed","ping_status":"open","sticky":false,"template":"","format":"standard","meta":{"footnotes":""},"categories":[29,81],"tags":[91,30,73],"class_list":["post-5952","post","type-post","status-publish","format-standard","has-post-thumbnail","hentry","category-vangelo","category-commento-al-vangelo-2015","tag-d-gennaro-lamuro","tag-p-alberto-maggi","tag-p-jose-maria-castillo","has-post-title","no-post-date","has-post-category","has-post-tag","has-post-comment","has-post-author",""],"builder_content":"","_links":{"self":[{"href":"https:\/\/absi.ch\/new\/wp-json\/wp\/v2\/posts\/5952","targetHints":{"allow":["GET"]}}],"collection":[{"href":"https:\/\/absi.ch\/new\/wp-json\/wp\/v2\/posts"}],"about":[{"href":"https:\/\/absi.ch\/new\/wp-json\/wp\/v2\/types\/post"}],"author":[{"embeddable":true,"href":"https:\/\/absi.ch\/new\/wp-json\/wp\/v2\/users\/1"}],"replies":[{"embeddable":true,"href":"https:\/\/absi.ch\/new\/wp-json\/wp\/v2\/comments?post=5952"}],"version-history":[{"count":5,"href":"https:\/\/absi.ch\/new\/wp-json\/wp\/v2\/posts\/5952\/revisions"}],"predecessor-version":[{"id":9830,"href":"https:\/\/absi.ch\/new\/wp-json\/wp\/v2\/posts\/5952\/revisions\/9830"}],"wp:featuredmedia":[{"embeddable":true,"href":"https:\/\/absi.ch\/new\/wp-json\/wp\/v2\/media\/349"}],"wp:attachment":[{"href":"https:\/\/absi.ch\/new\/wp-json\/wp\/v2\/media?parent=5952"}],"wp:term":[{"taxonomy":"category","embeddable":true,"href":"https:\/\/absi.ch\/new\/wp-json\/wp\/v2\/categories?post=5952"},{"taxonomy":"post_tag","embeddable":true,"href":"https:\/\/absi.ch\/new\/wp-json\/wp\/v2\/tags?post=5952"}],"curies":[{"name":"wp","href":"https:\/\/api.w.org\/{rel}","templated":true}]}}