{"id":5979,"date":"2015-08-30T01:50:19","date_gmt":"2015-08-29T23:50:19","guid":{"rendered":"http:\/\/absi.ch\/new\/?p=5979"},"modified":"2015-09-02T23:19:19","modified_gmt":"2015-09-02T21:19:19","slug":"xxii-tempo-ordinario-30-agosto-2015","status":"publish","type":"post","link":"https:\/\/absi.ch\/new\/2015\/08\/xxii-tempo-ordinario-30-agosto-2015\/","title":{"rendered":"XXII TEMPO ORDINARIO \u2013 30 agosto 2015"},"content":{"rendered":"<p>[layout][layout_group][one_third]<\/p>\n<h3 style=\"text-align: center;\">TRASCURANDO IL COMANDAMENTO DI DIO,<br \/>\nVOI OSSERVATE LA TRADIZIONE DEGLI UOMINI<\/h3>\n<p style=\"text-align: center;\">&#8212;&#8212;&#8212;&#8212;&#8212;&#8212;&#8212;&#8212;&#8212;&#8212;&#8212;&#8212;&#8212;&#8212;&#8212;&#8212;&#8212;&#8212;&#8212;&#8212;&#8212;&#8212;&#8212;&#8212;&#8212;&#8212;&#8212;&#8212;&#8212;&#8212;&#8212;&#8212;&#8212;&#8212;&#8212;&#8212;&#8212;&#8211;<\/p>\n<h5><a href=\"http:\/\/absi.ch\/new\/wp-content\/uploads\/2015\/08\/I-Farisei-di-Karl-Schmidt-Rottluff.jpg\"><img loading=\"lazy\" decoding=\"async\" class=\"size-full wp-image-5991 aligncenter\" alt=\"Pharisees\" src=\"http:\/\/absi.ch\/new\/wp-content\/uploads\/2015\/08\/I-Farisei-di-Karl-Schmidt-Rottluff.jpg\" width=\"604\" height=\"439\" \/><\/a><\/h5>\n<h5 style=\"text-align: center;\">I farisei<\/h5>\n<p style=\"text-align: center;\"><em>Karl Schmidt-Rottluff\u00a0 (1884-1976)<br \/>\n<\/em><\/p>\n<p>&nbsp;<\/p>\n<p>[\/one_third][one_third]<\/p>\n<h5>XXII TEMPO ORDINARIO \u2013 30 agosto 2015<\/h5>\n<p><strong>Mc 7,1-8,14-15,21-23<\/strong><br \/>\n[In quel tempo,] si riunirono attorno a Ges\u00f9 i farisei e alcuni degli scribi, venuti da Gerusalemme. Avendo visto che alcuni dei suoi discepoli prendevano cibo con mani impure, cio\u00e8 non lavate &#8211; i farisei infatti e tutti i Giudei non mangiano se non si sono lavati accuratamente le mani, attenendosi alla tradizione degli antichi e, tornando dal mercato, non mangiano senza aver fatto le abluzioni, e osservano molte altre cose per tradizione, come lavature di bicchieri, di stoviglie, di oggetti di rame e di letti -, quei farisei e scribi lo interrogarono: \u00abPerch\u00e9 i tuoi discepoli non si comportano secondo la tradizione degli antichi, ma prendono cibo con mani impure?\u00bb.<br \/>\nEd egli rispose loro: \u00abBene ha profetato Isaia di voi, ipocriti, come sta scritto: &#8220;Questo popolo mi onora con le labbra, ma il suo cuore \u00e8 lontano da me. Invano mi rendono culto, insegnando dottrine che sono precetti di uomini&#8221;. Trascurando il comandamento di Dio, voi osservate la tradizione degli uomini\u00bb.<br \/>\nChiamata di nuovo la folla, diceva loro: \u00abAscoltatemi tutti e comprendete bene! Non c&#8217;\u00e8 nulla fuori dell&#8217;uomo che, entrando in lui, possa renderlo impuro. Ma sono le cose che escono dall&#8217;uomo a renderlo impuro\u00bb. E diceva [ai suoi discepoli]: \u00abDal di dentro infatti, cio\u00e8 dal cuore degli uomini, escono i propositi di male: impurit\u00e0, furti, omicidi, adult\u00e8ri, avidit\u00e0, malvagit\u00e0, inganno, dissolutezza, invidia, calunnia, superbia, stoltezza. Tutte queste cose cattive vengono fuori dall&#8217;interno e rendono impuro l&#8217;uomo\u00bb.<\/p>\n<p>&nbsp;<\/p>\n<p><em>Commento al Vangelo (pdf) di:<\/em><\/p>\n<p><a href=\"http:\/\/absi.ch\/new\/wp-content\/uploads\/2015\/08\/XXII-TEMPO-ORDINARIO_Anno-B-2014-2015_Castillo.pdf\" target=\"_blank\">&gt; p. Jos\u00e9 Mar\u00eda Castillo<\/a><\/p>\n<p><a href=\"http:\/\/absi.ch\/new\/wp-content\/uploads\/2015\/08\/48.-30-agosto-2015-XXII-Dom.-TO-Mc-71-8.14-15.21-23.pdf\" target=\"_blank\">&gt; don Gennaro Lamuro<\/a><\/p>\n<p><a href=\"http:\/\/absi.ch\/new\/wp-content\/uploads\/2015\/08\/XXII-TO-30.8.15.pdf\" target=\"_blank\">&gt; p. Alberto Maggi<\/a><\/p>\n<p>&nbsp;<\/p>\n<p><a href=\"http:\/\/absi.ch\/new\/commento-al-vangelo-2015\/\"><em>&gt; sommario Commento al Vangelo 2015<\/em><\/a><\/p>\n<p>[\/one_third][one_third][\/one_third][one_third][\/one_third][\/layout_group][\/layout]<\/p>\n<div id=\"themify_builder_content-5979\" data-postid=\"5979\" class=\"themify_builder_content themify_builder_content-5979 themify_builder\">\n    <\/div>\n<!-- \/themify_builder_content -->\n","protected":false},"excerpt":{"rendered":"<p>[layout][layout_group][one_third] TRASCURANDO IL COMANDAMENTO DI DIO, VOI OSSERVATE LA TRADIZIONE DEGLI UOMINI &#8212;&#8212;&#8212;&#8212;&#8212;&#8212;&#8212;&#8212;&#8212;&#8212;&#8212;&#8212;&#8212;&#8212;&#8212;&#8212;&#8212;&#8212;&#8212;&#8212;&#8212;&#8212;&#8212;&#8212;&#8212;&#8212;&#8212;&#8212;&#8212;&#8212;&#8212;&#8212;&#8212;&#8212;&#8212;&#8212;&#8212;&#8211; I farisei Karl Schmidt-Rottluff\u00a0 (1884-1976) &nbsp; [\/one_third][one_third] XXII TEMPO ORDINARIO \u2013 30 agosto 2015 Mc 7,1-8,14-15,21-23 [In quel tempo,] si riunirono attorno a Ges\u00f9 i farisei e alcuni degli scribi, venuti da Gerusalemme. Avendo visto che alcuni dei suoi discepoli prendevano cibo [&hellip;]<\/p>\n","protected":false},"author":1,"featured_media":349,"comment_status":"closed","ping_status":"open","sticky":false,"template":"","format":"standard","meta":{"footnotes":""},"categories":[29,81],"tags":[91,30,73],"class_list":["post-5979","post","type-post","status-publish","format-standard","has-post-thumbnail","hentry","category-vangelo","category-commento-al-vangelo-2015","tag-d-gennaro-lamuro","tag-p-alberto-maggi","tag-p-jose-maria-castillo","has-post-title","no-post-date","has-post-category","has-post-tag","has-post-comment","has-post-author",""],"builder_content":"","_links":{"self":[{"href":"https:\/\/absi.ch\/new\/wp-json\/wp\/v2\/posts\/5979","targetHints":{"allow":["GET"]}}],"collection":[{"href":"https:\/\/absi.ch\/new\/wp-json\/wp\/v2\/posts"}],"about":[{"href":"https:\/\/absi.ch\/new\/wp-json\/wp\/v2\/types\/post"}],"author":[{"embeddable":true,"href":"https:\/\/absi.ch\/new\/wp-json\/wp\/v2\/users\/1"}],"replies":[{"embeddable":true,"href":"https:\/\/absi.ch\/new\/wp-json\/wp\/v2\/comments?post=5979"}],"version-history":[{"count":5,"href":"https:\/\/absi.ch\/new\/wp-json\/wp\/v2\/posts\/5979\/revisions"}],"predecessor-version":[{"id":5990,"href":"https:\/\/absi.ch\/new\/wp-json\/wp\/v2\/posts\/5979\/revisions\/5990"}],"wp:featuredmedia":[{"embeddable":true,"href":"https:\/\/absi.ch\/new\/wp-json\/wp\/v2\/media\/349"}],"wp:attachment":[{"href":"https:\/\/absi.ch\/new\/wp-json\/wp\/v2\/media?parent=5979"}],"wp:term":[{"taxonomy":"category","embeddable":true,"href":"https:\/\/absi.ch\/new\/wp-json\/wp\/v2\/categories?post=5979"},{"taxonomy":"post_tag","embeddable":true,"href":"https:\/\/absi.ch\/new\/wp-json\/wp\/v2\/tags?post=5979"}],"curies":[{"name":"wp","href":"https:\/\/api.w.org\/{rel}","templated":true}]}}