{"id":6481,"date":"2015-12-05T03:51:21","date_gmt":"2015-12-05T02:51:21","guid":{"rendered":"http:\/\/absi.ch\/new\/?p=6481"},"modified":"2018-03-04T00:38:38","modified_gmt":"2018-03-03T23:38:38","slug":"immacolata-concezione-di-maria-8-dicembre-2015","status":"publish","type":"post","link":"https:\/\/absi.ch\/new\/2015\/12\/immacolata-concezione-di-maria-8-dicembre-2015\/","title":{"rendered":"IMMACOLATA CONCEZIONE DI MARIA\u20138 dicembre 2015"},"content":{"rendered":"<p>[layout][layout_group][one_third]<\/p>\n<h3 style=\"text-align: center;\">ECCO, CONCEPIRAI UN FIGLIO E LO DARAI ALLA LUCE<\/h3>\n<p style=\"text-align: center;\">&#8212;&#8212;&#8212;&#8212;&#8212;&#8212;&#8212;&#8212;&#8212;&#8212;&#8212;&#8212;&#8212;&#8212;&#8212;&#8212;&#8212;&#8212;&#8212;&#8212;&#8212;&#8212;&#8212;&#8212;&#8212;&#8212;&#8212;&#8212;&#8212;&#8212;&#8212;&#8212;&#8212;&#8212;&#8212;&#8212;&#8212;&#8212;&#8211;<\/p>\n<h5 style=\"text-align: center;\">\u00a0<a href=\"http:\/\/absi.ch\/new\/wp-content\/uploads\/2015\/12\/800px-Inmaculada_Zurbara\u0301n.jpg\"><img loading=\"lazy\" decoding=\"async\" class=\"wp-image-6486 aligncenter\" src=\"http:\/\/absi.ch\/new\/wp-content\/uploads\/2015\/12\/800px-Inmaculada_Zurbara\u0301n.jpg\" alt=\"800px-Inmaculada_(Zurbara\u0301n)\" width=\"444\" height=\"661\" srcset=\"https:\/\/absi.ch\/new\/wp-content\/uploads\/2015\/12\/800px-Inmaculada_Zurbara\u0301n.jpg 800w, https:\/\/absi.ch\/new\/wp-content\/uploads\/2015\/12\/800px-Inmaculada_Zurbara\u0301n-201x300.jpg 201w\" sizes=\"auto, (max-width: 444px) 100vw, 444px\" \/><\/a><\/h5>\n<h5 style=\"text-align: center;\">L&#8217;Immacolata concezione<\/h5>\n<p style=\"text-align: center;\"><em>Francisco de Zurbar\u00e0n (1598-1664)<br \/>\n<\/em><\/p>\n<p>[\/one_third][one_third]<\/p>\n<h5>IMMACOLATA CONCEZIONE DI MARIA \u2013 8 dicembre 2015<\/h5>\n<p><strong>Lc 1,26-38<\/strong><\/p>\n<p>Al sesto mese l\u2019angelo Gabriele fu mandato da Dio in una citt\u00e0 della Galilea, chiamata N\u00e0zaret, a una vergine, promessa sposa di un uomo della casa di Davide, di nome Giuseppe. La vergine si chiamava Maria. Entrando da lei, disse: \u00abRall\u00e8grati, piena di grazia: il Signore \u00e8 con te\u00bb.<br \/>\nA queste parole ella fu molto turbata e si domandava che senso avesse un saluto come questo. L\u2019angelo le disse: \u00abNon temere, Maria, perch\u00e9 hai trovato grazia presso Dio. Ed ecco, concepirai un figlio, lo darai alla luce e lo chiamerai Ges\u00f9. Sar\u00e0 grande e verr\u00e0 chiamato Figlio dell\u2019Altissimo; il Signore Dio gli dar\u00e0 il trono di Davide suo padre e regner\u00e0 per sempre sulla casa di Giacobbe e il suo regno non avr\u00e0 fine\u00bb.<br \/>\nAllora Maria disse all\u2019angelo: \u00abCome avverr\u00e0 questo, poich\u00e9 non conosco uomo?\u00bb. Le rispose l\u2019angelo: \u00abLo Spirito Santo scender\u00e0 su di te e la potenza dell\u2019Altissimo ti coprir\u00e0 con la sua ombra. Perci\u00f2 colui che nascer\u00e0 sar\u00e0 santo e sar\u00e0 chiamato Figlio di Dio. Ed ecco, Elisabetta, tua parente, nella sua vecchiaia ha concepito anch\u2019essa un figlio e questo \u00e8 il sesto mese per lei, che era detta sterile: nulla \u00e8 impossibile a Dio\u00bb. Allora Maria disse: \u00abEcco la serva del Signore: avvenga per me secondo la tua parola\u00bb. E l\u2019angelo si allontan\u00f2 da lei.<\/p>\n<p>&nbsp;<\/p>\n<p><em>Commento al Vangelo (pdf) di:<\/em><\/p>\n<p><a href=\"http:\/\/absi.ch\/new\/wp-content\/uploads\/2015\/12\/IMMACOLATA-CONCEZIONE-DI-MARIA_Anno-C-2015-2016_Castillo.pdf\" target=\"_blank\" rel=\"noopener\">&gt; p. Jos\u00e9 Mar\u00eda Castillo<\/a><\/p>\n<p><a href=\"http:\/\/absi.ch\/new\/wp-content\/uploads\/2015\/12\/3.-8-dicembre-2014-Immacolata-Lc-126-38.pdf\" target=\"_blank\" rel=\"noopener\">&gt; don Gennaro Lamuro<\/a><\/p>\n<p><a href=\"http:\/\/absi.ch\/new\/wp-content\/uploads\/2015\/12\/8.12.15-Immacolata.pdf\" target=\"_blank\" rel=\"noopener\">&gt; p. Alberto Maggi<\/a><\/p>\n<p><a href=\"http:\/\/absi.ch\/new\/commento-al-vangelo-2015\/\"><em>&gt; sommario Commento al Vangelo 2015<\/em><\/a><\/p>\n<p>[\/one_third][\/layout_group][\/layout]<\/p>\n<p><span style=\"border-radius: 2px; text-indent: 20px; width: auto; padding: 0px 4px 0px 0px; text-align: center; font: bold 11px\/20px 'Helvetica Neue',Helvetica,sans-serif; color: #ffffff; background: #bd081c  no-repeat scroll 3px 50% \/ 14px 14px; position: absolute; opacity: 1; z-index: 8675309; display: none; cursor: pointer; top: 192px; left: 275px;\">Save<\/span><\/p>\n<div id=\"themify_builder_content-6481\" data-postid=\"6481\" class=\"themify_builder_content themify_builder_content-6481 themify_builder\">\n    <\/div>\n<!-- \/themify_builder_content -->\n","protected":false},"excerpt":{"rendered":"<p>[layout][layout_group][one_third] ECCO, CONCEPIRAI UN FIGLIO E LO DARAI ALLA LUCE &#8212;&#8212;&#8212;&#8212;&#8212;&#8212;&#8212;&#8212;&#8212;&#8212;&#8212;&#8212;&#8212;&#8212;&#8212;&#8212;&#8212;&#8212;&#8212;&#8212;&#8212;&#8212;&#8212;&#8212;&#8212;&#8212;&#8212;&#8212;&#8212;&#8212;&#8212;&#8212;&#8212;&#8212;&#8212;&#8212;&#8212;&#8212;&#8211; \u00a0 L&#8217;Immacolata concezione Francisco de Zurbar\u00e0n (1598-1664) [\/one_third][one_third] IMMACOLATA CONCEZIONE DI MARIA \u2013 8 dicembre 2015 Lc 1,26-38 Al sesto mese l\u2019angelo Gabriele fu mandato da Dio in una citt\u00e0 della Galilea, chiamata N\u00e0zaret, a una vergine, promessa sposa di un uomo della casa [&hellip;]<\/p>\n","protected":false},"author":1,"featured_media":349,"comment_status":"closed","ping_status":"open","sticky":false,"template":"","format":"standard","meta":{"footnotes":""},"categories":[81],"tags":[91,30,73],"class_list":["post-6481","post","type-post","status-publish","format-standard","has-post-thumbnail","hentry","category-commento-al-vangelo-2015","tag-d-gennaro-lamuro","tag-p-alberto-maggi","tag-p-jose-maria-castillo","has-post-title","no-post-date","has-post-category","has-post-tag","has-post-comment","has-post-author",""],"builder_content":"","_links":{"self":[{"href":"https:\/\/absi.ch\/new\/wp-json\/wp\/v2\/posts\/6481","targetHints":{"allow":["GET"]}}],"collection":[{"href":"https:\/\/absi.ch\/new\/wp-json\/wp\/v2\/posts"}],"about":[{"href":"https:\/\/absi.ch\/new\/wp-json\/wp\/v2\/types\/post"}],"author":[{"embeddable":true,"href":"https:\/\/absi.ch\/new\/wp-json\/wp\/v2\/users\/1"}],"replies":[{"embeddable":true,"href":"https:\/\/absi.ch\/new\/wp-json\/wp\/v2\/comments?post=6481"}],"version-history":[{"count":4,"href":"https:\/\/absi.ch\/new\/wp-json\/wp\/v2\/posts\/6481\/revisions"}],"predecessor-version":[{"id":11009,"href":"https:\/\/absi.ch\/new\/wp-json\/wp\/v2\/posts\/6481\/revisions\/11009"}],"wp:featuredmedia":[{"embeddable":true,"href":"https:\/\/absi.ch\/new\/wp-json\/wp\/v2\/media\/349"}],"wp:attachment":[{"href":"https:\/\/absi.ch\/new\/wp-json\/wp\/v2\/media?parent=6481"}],"wp:term":[{"taxonomy":"category","embeddable":true,"href":"https:\/\/absi.ch\/new\/wp-json\/wp\/v2\/categories?post=6481"},{"taxonomy":"post_tag","embeddable":true,"href":"https:\/\/absi.ch\/new\/wp-json\/wp\/v2\/tags?post=6481"}],"curies":[{"name":"wp","href":"https:\/\/api.w.org\/{rel}","templated":true}]}}