{"id":6509,"date":"2015-12-20T03:57:00","date_gmt":"2015-12-20T02:57:00","guid":{"rendered":"http:\/\/absi.ch\/new\/?p=6509"},"modified":"2018-03-04T00:20:04","modified_gmt":"2018-03-03T23:20:04","slug":"iv-avvento-20dicembre2015","status":"publish","type":"post","link":"https:\/\/absi.ch\/new\/2015\/12\/iv-avvento-20dicembre2015\/","title":{"rendered":"IV AVVENTO\u201320dicembre2015"},"content":{"rendered":"<p>[layout][layout_group][one_third]<\/p>\n<h3 style=\"text-align: center;\">A CHE COSA DEVO CHE LA MADRE DEL MIO SIGNORE<br \/>\nVENGA A ME?<\/h3>\n<p style=\"text-align: center;\">&#8212;&#8212;&#8212;&#8212;&#8212;&#8212;&#8212;&#8212;&#8212;&#8212;&#8212;&#8212;&#8212;&#8212;&#8212;&#8212;&#8212;&#8212;&#8212;&#8212;&#8212;&#8212;&#8212;&#8212;&#8212;&#8212;&#8212;&#8212;&#8212;&#8212;&#8212;&#8212;&#8212;&#8212;&#8212;&#8212;&#8212;&#8212;&#8211;<a href=\"http:\/\/absi.ch\/new\/wp-content\/uploads\/2015\/12\/Pontormo-Visitazione1.jpg\"><img loading=\"lazy\" decoding=\"async\" class=\"wp-image-6510\" src=\"http:\/\/absi.ch\/new\/wp-content\/uploads\/2015\/12\/Pontormo-Visitazione1.jpg\" alt=\"Pontormo-Visitazione1\" width=\"480\" height=\"618\" srcset=\"https:\/\/absi.ch\/new\/wp-content\/uploads\/2015\/12\/Pontormo-Visitazione1.jpg 888w, https:\/\/absi.ch\/new\/wp-content\/uploads\/2015\/12\/Pontormo-Visitazione1-233x300.jpg 233w\" sizes=\"auto, (max-width: 480px) 100vw, 480px\" \/><\/a><\/p>\n<h5 style=\"text-align: center;\"><\/h5>\n<h5 style=\"text-align: center;\">Visitazione<\/h5>\n<p style=\"text-align: center;\"><em>Jacopo da Pontormo\u00a0 (1494-1557)<br \/>\n<\/em><\/p>\n<p>[\/one_third][one_third]<\/p>\n<h5>IV Avvento \u2013 20 dicembre 2015<\/h5>\n<p><strong>Lc 1,26-38<\/strong><\/p>\n<p>In quei giorni Maria si alz\u00f2 e and\u00f2 in fretta verso la regione montuosa, in una citt\u00e0 di Giuda.<br \/>\nEntrata nella casa di Zaccaria, salut\u00f2 Elisabetta. Appena Elisabetta ebbe udito il saluto di Maria, il bambino sussult\u00f2 nel suo grembo. Elisabetta fu colmata di Spirito Santo ed esclam\u00f2 a gran voce: \u00abBenedetta tu fra le donne e benedetto il frutto del tuo grembo!<br \/>\nA che cosa devo che la madre del mio Signore venga da me? Ecco, appena il tuo saluto \u00e8 giunto ai miei orecchi, il bambino ha sussultato di gioia nel mio grembo.<br \/>\nE beata colei che ha creduto nell&#8217;adempimento di ci\u00f2 che il Signore le ha detto\u00bb.<\/p>\n<p>&nbsp;<\/p>\n<p><em>Commento al Vangelo (pdf) di:<\/em><\/p>\n<p><a href=\"http:\/\/absi.ch\/new\/wp-content\/uploads\/2015\/12\/IV-AVVENTO_-Anno-C-2015-2016_Castillo.pdf\" target=\"_blank\" rel=\"noopener\">&gt; p. Jos\u00e9 Mar\u00eda Castillo<\/a><\/p>\n<p><a href=\"http:\/\/absi.ch\/new\/wp-content\/uploads\/2015\/12\/5.-20-dicembre-2015-IV-Avv.-Lc-139-45.pdf\" target=\"_blank\" rel=\"noopener\">&gt; don Gennaro Lamuro<\/a><\/p>\n<p><a href=\"http:\/\/absi.ch\/new\/wp-content\/uploads\/2015\/12\/IV-Avv-20.12.15.pdf\" target=\"_blank\" rel=\"noopener\">&gt; p. Alberto Maggi<\/a><\/p>\n<p><a href=\"http:\/\/absi.ch\/new\/commento-al-vangelo-2015\/\"><em>&gt; sommario Commento al Vangelo 2015<\/em><\/a><\/p>\n<p>[\/one_third][\/layout_group][\/layout]<\/p>\n<p><span style=\"border-radius: 2px; text-indent: 20px; width: auto; padding: 0px 4px 0px 0px; text-align: center; font: bold 11px\/20px 'Helvetica Neue',Helvetica,sans-serif; color: #ffffff; background: #bd081c  no-repeat scroll 3px 50% \/ 14px 14px; position: absolute; opacity: 1; z-index: 8675309; display: none; cursor: pointer; top: 178px; left: 247px;\">Save<\/span><\/p>\n<div id=\"themify_builder_content-6509\" data-postid=\"6509\" class=\"themify_builder_content themify_builder_content-6509 themify_builder\">\n    <\/div>\n<!-- \/themify_builder_content -->\n","protected":false},"excerpt":{"rendered":"<p>[layout][layout_group][one_third] A CHE COSA DEVO CHE LA MADRE DEL MIO SIGNORE VENGA A ME? &#8212;&#8212;&#8212;&#8212;&#8212;&#8212;&#8212;&#8212;&#8212;&#8212;&#8212;&#8212;&#8212;&#8212;&#8212;&#8212;&#8212;&#8212;&#8212;&#8212;&#8212;&#8212;&#8212;&#8212;&#8212;&#8212;&#8212;&#8212;&#8212;&#8212;&#8212;&#8212;&#8212;&#8212;&#8212;&#8212;&#8212;&#8212;&#8211; Visitazione Jacopo da Pontormo\u00a0 (1494-1557) [\/one_third][one_third] IV Avvento \u2013 20 dicembre 2015 Lc 1,26-38 In quei giorni Maria si alz\u00f2 e and\u00f2 in fretta verso la regione montuosa, in una citt\u00e0 di Giuda. Entrata nella casa di Zaccaria, salut\u00f2 Elisabetta. [&hellip;]<\/p>\n","protected":false},"author":1,"featured_media":349,"comment_status":"closed","ping_status":"open","sticky":false,"template":"","format":"standard","meta":{"footnotes":""},"categories":[29,81],"tags":[91,30,73],"class_list":["post-6509","post","type-post","status-publish","format-standard","has-post-thumbnail","hentry","category-vangelo","category-commento-al-vangelo-2015","tag-d-gennaro-lamuro","tag-p-alberto-maggi","tag-p-jose-maria-castillo","has-post-title","no-post-date","has-post-category","has-post-tag","has-post-comment","has-post-author",""],"builder_content":"","_links":{"self":[{"href":"https:\/\/absi.ch\/new\/wp-json\/wp\/v2\/posts\/6509","targetHints":{"allow":["GET"]}}],"collection":[{"href":"https:\/\/absi.ch\/new\/wp-json\/wp\/v2\/posts"}],"about":[{"href":"https:\/\/absi.ch\/new\/wp-json\/wp\/v2\/types\/post"}],"author":[{"embeddable":true,"href":"https:\/\/absi.ch\/new\/wp-json\/wp\/v2\/users\/1"}],"replies":[{"embeddable":true,"href":"https:\/\/absi.ch\/new\/wp-json\/wp\/v2\/comments?post=6509"}],"version-history":[{"count":2,"href":"https:\/\/absi.ch\/new\/wp-json\/wp\/v2\/posts\/6509\/revisions"}],"predecessor-version":[{"id":11006,"href":"https:\/\/absi.ch\/new\/wp-json\/wp\/v2\/posts\/6509\/revisions\/11006"}],"wp:featuredmedia":[{"embeddable":true,"href":"https:\/\/absi.ch\/new\/wp-json\/wp\/v2\/media\/349"}],"wp:attachment":[{"href":"https:\/\/absi.ch\/new\/wp-json\/wp\/v2\/media?parent=6509"}],"wp:term":[{"taxonomy":"category","embeddable":true,"href":"https:\/\/absi.ch\/new\/wp-json\/wp\/v2\/categories?post=6509"},{"taxonomy":"post_tag","embeddable":true,"href":"https:\/\/absi.ch\/new\/wp-json\/wp\/v2\/tags?post=6509"}],"curies":[{"name":"wp","href":"https:\/\/api.w.org\/{rel}","templated":true}]}}