{"id":6537,"date":"2015-12-21T00:50:41","date_gmt":"2015-12-20T23:50:41","guid":{"rendered":"http:\/\/absi.ch\/new\/?p=6537"},"modified":"2015-12-21T00:51:57","modified_gmt":"2015-12-20T23:51:57","slug":"eucharistie-20-decembre-2015","status":"publish","type":"post","link":"https:\/\/absi.ch\/new\/2015\/12\/eucharistie-20-decembre-2015\/","title":{"rendered":"Eucharistie 20 decembre 2015"},"content":{"rendered":"<p>[layout][layout_group][one_fourth]<\/p>\n<h2 align=\"CENTER\"><b>\u00abFais briller sur nous ton visage et nous serons sauv\u00e9s\u00bb<br \/>\n(Ps 80,4)<\/b><\/h2>\n<p>&nbsp;<\/p>\n<h6>Eucharistie: 20 decembre 2015<\/h6>\n<p>&nbsp;<\/p>\n<p><span style=\"background: yellow;\">Premi\u00e8re lecture<\/span><\/p>\n<p><em>Le proph\u00e8te Mich\u00e9e1 est actif dans la seconde partie du huiti\u00e8me si\u00e8cle. Isra\u00ebl vit une<\/em><br \/>\n<em>situation tragique : le royaume du Nord est d\u00e9truit et ses habitants dispers\u00e9s ; et Sennach\u00e9rib,<\/em><br \/>\n<em>roi des Assyriens, menace aussi les villes du royaume du Sud et J\u00e9rusalem elle-m\u00eame.<\/em><br \/>\n<em>A cette ville qui a eu confiance en des rites pa\u00efens et en ses propres possibilit\u00e9s militaires,<\/em><br \/>\n<em>Mich\u00e9e annonce que \u00ab Dieu va abandonner son peuple \u00bb (v. 2). Mais, en m\u00eame temps, si les<\/em><br \/>\n<em>hommes pensent \u00e9laborer une strat\u00e9gie de d\u00e9fense, Dieu\u2026 pr\u00e9pare le renouveau l\u00e0 o\u00f9 les<\/em><br \/>\n<em>hommes ne pensent pas. Et ce renouveau sera \u00e0 partir d\u2019un endroit minuscule, le clan<\/em><br \/>\n<em>d\u2019Ephrata, un clan qui avait \u00e9migr\u00e9 \u00e0 Bethl\u00e9hem. Dans ce groupe de familles, parmi<\/em><br \/>\n<em>lesquelles Dieu avait d\u00e9j\u00e0 choisi le roi David, Dieu choisira aussi un nouveau David. A<\/em><br \/>\n<em>travers le proph\u00e8te, Dieu d\u00e9clare : ce nouveau David sortira \u00ab pour moi \u00bb (v. 1). Et Dieu l\u2019a<\/em><br \/>\n<em>choisi depuis les temps les plus recul\u00e9s de l\u2019histoire, \u00ab aux jours d\u2019autrefois \u00bb (v. 1).<\/em><br \/>\n<em>Lorsqu\u2019une femme donnera le jour \u00e0 ce nouveau roi, \u00ab ceux qui &#8211; parmi ses fr\u00e8res &#8211; seront<\/em><br \/>\n<em>encore en vie apr\u00e8s la dispersion et l\u2019exil2 reviendront aupr\u00e8s des autres fils d\u2019Isra\u00ebl \u00bb (v. 2).<\/em><br \/>\n<em>Il y aura donc le retour des dispers\u00e9(e)s et l\u2019unit\u00e9 du peuple sera r\u00e9tablie. Et le roi \u00ab sera leur<\/em><br \/>\n<em>berger \u00bb (v. 3) et son rayonnement ira jusqu\u2019aux extr\u00e9mit\u00e9s de la terre. Il sera, pour ainsi<\/em><br \/>\n<em>dire, la pr\u00e9sence m\u00eame du Seigneur. C\u2019est ainsi que le peuple pourra s\u2019\u00e9tablir en s\u00e9curit\u00e9, un<\/em><br \/>\n<em>peuple r\u00e9concili\u00e9, en paix. Et lui-m\u00eame, nous dit le dernier verset, \u00ab lui-m\u00eame, il sera la<\/em><br \/>\n<em>paix \u00bb.<\/em><br \/>\n<strong>Du livre du proph\u00e8te Mich\u00e9e (5,1-4a)<\/strong><\/p>\n<p>1 Et toi, Bethl\u00e9hem Ephrata,[\/one_fourth][one_fourth]<br \/>\ntu es un petit village parmi ceux du territoire de Juda.<br \/>\nDe toi sortira, pour moi, celui qui doit gouverner Isra\u00ebl.<br \/>\nSes origines remontent au lointain pass\u00e9,<br \/>\naux jours d\u2019autrefois.<br \/>\n2 C\u2019est pourquoi, Dieu va abandonner son peuple<br \/>\njusqu\u2019au temps o\u00f9 enfantera celle qui doit enfanter.<br \/>\nAlors ceux qui &#8211; parmi ses fr\u00e8res &#8211;<br \/>\nseront encore en vie apr\u00e8s la dispersion et l\u2019exil<br \/>\nreviendront aupr\u00e8s des autres fils d\u2019Isra\u00ebl.<br \/>\n3 Et lui, il se tiendra debout et il sera leur berger<br \/>\npar la puissance de Yhwh,<br \/>\npar la majest\u00e9 du Nom de Yhwh son Dieu.<br \/>\nEt (les gens de son peuple) auront une demeure (assur\u00e9e),<br \/>\ncar d\u00e8s maintenant on reconna\u00eetra sa grandeur<br \/>\njusqu\u2019aux extr\u00e9mit\u00e9s de la terre.<br \/>\n4 Et lui-m\u00eame, il sera la paix. [&#8230;]<\/p>\n<p>&nbsp;<\/p>\n<p>&nbsp;<\/p>\n<p><a href=\"http:\/\/absi.ch\/new\/wp-content\/uploads\/2015\/12\/Eucharistie_20_decembre2015.pdf\"><em>&gt; testo integrale (pdf)<\/em><\/a><\/p>\n<p><em><a href=\"http:\/\/absi.ch\/new\/lectures-pour-lafrique-et-toute-la-terre2015\/\"><em>&gt; Lectures pure l&#8217;Afrique &#8230; et toute la Terre<\/em><\/a><\/em><\/p>\n<div>\n<div>\n<p>[\/one_fourth][one_fourth][\/one_fourth][one_fourth][\/one_fourth][\/layout_group][\/layout]<\/p>\n<\/div>\n<\/div>\n<div id=\"themify_builder_content-6537\" data-postid=\"6537\" class=\"themify_builder_content themify_builder_content-6537 themify_builder\">\n    <\/div>\n<!-- \/themify_builder_content -->\n","protected":false},"excerpt":{"rendered":"<p>[layout][layout_group][one_fourth] \u00abFais briller sur nous ton visage et nous serons sauv\u00e9s\u00bb (Ps 80,4) &nbsp; Eucharistie: 20 decembre 2015 &nbsp; Premi\u00e8re lecture Le proph\u00e8te Mich\u00e9e1 est actif dans la seconde partie du huiti\u00e8me si\u00e8cle. Isra\u00ebl vit une situation tragique : le royaume du Nord est d\u00e9truit et ses habitants dispers\u00e9s ; et Sennach\u00e9rib, roi des Assyriens, [&hellip;]<\/p>\n","protected":false},"author":1,"featured_media":364,"comment_status":"closed","ping_status":"open","sticky":false,"template":"","format":"standard","meta":{"footnotes":""},"categories":[40],"tags":[42],"class_list":["post-6537","post","type-post","status-publish","format-standard","has-post-thumbnail","hentry","category-rpe","tag-rp","has-post-title","no-post-date","has-post-category","has-post-tag","has-post-comment","has-post-author",""],"builder_content":"","_links":{"self":[{"href":"https:\/\/absi.ch\/new\/wp-json\/wp\/v2\/posts\/6537","targetHints":{"allow":["GET"]}}],"collection":[{"href":"https:\/\/absi.ch\/new\/wp-json\/wp\/v2\/posts"}],"about":[{"href":"https:\/\/absi.ch\/new\/wp-json\/wp\/v2\/types\/post"}],"author":[{"embeddable":true,"href":"https:\/\/absi.ch\/new\/wp-json\/wp\/v2\/users\/1"}],"replies":[{"embeddable":true,"href":"https:\/\/absi.ch\/new\/wp-json\/wp\/v2\/comments?post=6537"}],"version-history":[{"count":6,"href":"https:\/\/absi.ch\/new\/wp-json\/wp\/v2\/posts\/6537\/revisions"}],"predecessor-version":[{"id":6543,"href":"https:\/\/absi.ch\/new\/wp-json\/wp\/v2\/posts\/6537\/revisions\/6543"}],"wp:featuredmedia":[{"embeddable":true,"href":"https:\/\/absi.ch\/new\/wp-json\/wp\/v2\/media\/364"}],"wp:attachment":[{"href":"https:\/\/absi.ch\/new\/wp-json\/wp\/v2\/media?parent=6537"}],"wp:term":[{"taxonomy":"category","embeddable":true,"href":"https:\/\/absi.ch\/new\/wp-json\/wp\/v2\/categories?post=6537"},{"taxonomy":"post_tag","embeddable":true,"href":"https:\/\/absi.ch\/new\/wp-json\/wp\/v2\/tags?post=6537"}],"curies":[{"name":"wp","href":"https:\/\/api.w.org\/{rel}","templated":true}]}}