{"id":6568,"date":"2015-12-24T12:28:03","date_gmt":"2015-12-24T11:28:03","guid":{"rendered":"http:\/\/absi.ch\/new\/?p=6568"},"modified":"2015-12-24T12:41:31","modified_gmt":"2015-12-24T11:41:31","slug":"un-presepe-dinamico","status":"publish","type":"post","link":"https:\/\/absi.ch\/new\/2015\/12\/un-presepe-dinamico\/","title":{"rendered":"UN PRESEPE&#8230;DINAMICO"},"content":{"rendered":"<p>[layout][layout_group][one_third]<\/p>\n<h3>UN PRESEPE&#8230;DINAMICO<\/h3>\n<p>Tra i molti presepi che sono visibili in tanti luoghi, religiosi e non, il rischio \u00e8 la ripetitivit\u00e0 tradizionalistica, non tradizionale. In questo periodo, segnaliamo l&#8217;opera del prof. Guido Cotti, che si pu\u00f2 ammirare nella chiesa della Trasfigurazione a Breganzona (Svizzera). Si tratta di un presepe che fonde attenzione acuta ai testi evangelici e grande abilit\u00e0 e\u00a0creativit\u00e0 personali. Questa pregevole opera pu\u00f2 essere ammirata nella chiesa in questione sino all&#8217;8 gennaio prossimo. Si legga il fascicolo qui allegato: si coglier\u00e0 l&#8217;importanza anche formativa e profondamente innovativa di questa realizzazione. Per chi volesse poi fare degli approfondimenti culturali sui temi biblici\u00a0pi\u00f9 &#8220;natalizi&#8221; consigliamo i seguenti testi:<br \/>\n&#8211; I. Da Spinetoli, Vangelo del Natale, Borla, Roma 1996;<br \/>\n&#8211; B. Maggioni, I personaggi della nativit\u00e0, Ancora, Milano 2004;<br \/>\n&#8211; E. Borghi, Ges\u00fb \u00e8 nato a Betlemme? I vangeli\u00a0dell&#8217;infanzia tra storia, fede e\u00a0testimonianza, Cittadella, Assisi (PG) 2011.<\/p>\n<p>&nbsp;<\/p>\n<p><a href=\"http:\/\/absi.ch\/new\/wp-content\/uploads\/2015\/12\/Un-presepio-diverso.pdf\"><em>&gt; Un presepe diverso (pdf)<\/em><\/a><\/p>\n<div>[\/one_third][one_third][\/one_third][one_third][\/one_third][\/layout_group][\/layout]<\/div>\n<div id=\"themify_builder_content-6568\" data-postid=\"6568\" class=\"themify_builder_content themify_builder_content-6568 themify_builder\">\n    <\/div>\n<!-- \/themify_builder_content -->\n","protected":false},"excerpt":{"rendered":"<p>[layout][layout_group][one_third] UN PRESEPE&#8230;DINAMICO Tra i molti presepi che sono visibili in tanti luoghi, religiosi e non, il rischio \u00e8 la ripetitivit\u00e0 tradizionalistica, non tradizionale. In questo periodo, segnaliamo l&#8217;opera del prof. Guido Cotti, che si pu\u00f2 ammirare nella chiesa della Trasfigurazione a Breganzona (Svizzera). Si tratta di un presepe che fonde attenzione acuta ai testi [&hellip;]<\/p>\n","protected":false},"author":1,"featured_media":6401,"comment_status":"closed","ping_status":"open","sticky":false,"template":"","format":"standard","meta":{"footnotes":""},"categories":[136,77,68],"tags":[74],"class_list":["post-6568","post","type-post","status-publish","format-standard","has-post-thumbnail","hentry","category-formazione-biblica","category-natale","category-notizie","tag-ernesto-borghi","has-post-title","no-post-date","has-post-category","has-post-tag","has-post-comment","has-post-author",""],"builder_content":"","_links":{"self":[{"href":"https:\/\/absi.ch\/new\/wp-json\/wp\/v2\/posts\/6568","targetHints":{"allow":["GET"]}}],"collection":[{"href":"https:\/\/absi.ch\/new\/wp-json\/wp\/v2\/posts"}],"about":[{"href":"https:\/\/absi.ch\/new\/wp-json\/wp\/v2\/types\/post"}],"author":[{"embeddable":true,"href":"https:\/\/absi.ch\/new\/wp-json\/wp\/v2\/users\/1"}],"replies":[{"embeddable":true,"href":"https:\/\/absi.ch\/new\/wp-json\/wp\/v2\/comments?post=6568"}],"version-history":[{"count":4,"href":"https:\/\/absi.ch\/new\/wp-json\/wp\/v2\/posts\/6568\/revisions"}],"predecessor-version":[{"id":6576,"href":"https:\/\/absi.ch\/new\/wp-json\/wp\/v2\/posts\/6568\/revisions\/6576"}],"wp:featuredmedia":[{"embeddable":true,"href":"https:\/\/absi.ch\/new\/wp-json\/wp\/v2\/media\/6401"}],"wp:attachment":[{"href":"https:\/\/absi.ch\/new\/wp-json\/wp\/v2\/media?parent=6568"}],"wp:term":[{"taxonomy":"category","embeddable":true,"href":"https:\/\/absi.ch\/new\/wp-json\/wp\/v2\/categories?post=6568"},{"taxonomy":"post_tag","embeddable":true,"href":"https:\/\/absi.ch\/new\/wp-json\/wp\/v2\/tags?post=6568"}],"curies":[{"name":"wp","href":"https:\/\/api.w.org\/{rel}","templated":true}]}}