{"id":6842,"date":"2016-02-28T03:09:52","date_gmt":"2016-02-28T02:09:52","guid":{"rendered":"http:\/\/absi.ch\/new\/?p=6842"},"modified":"2016-02-28T03:22:52","modified_gmt":"2016-02-28T02:22:52","slug":"eucharistie-28-fevrier-2016","status":"publish","type":"post","link":"https:\/\/absi.ch\/new\/2016\/02\/eucharistie-28-fevrier-2016\/","title":{"rendered":"Eucharistie: 28 f\u00e9vrier 2016"},"content":{"rendered":"<p>[layout][layout_group][one_fourth]<\/p>\n<h2 align=\"CENTER\"><b><b>Dieu nous est proche\u2026 d\u2019une fa\u00e7on toujours surprenante<\/b><br \/>\n<\/b><\/h2>\n<p>&nbsp;<\/p>\n<h6>Eucharistie: <b>28 f\u00e9vrier 2016<\/b><\/h6>\n<p>&nbsp;<\/p>\n<p><span style=\"background: yellow;\">Premi\u00e8re lecture<\/span><\/p>\n<p><i>Dans un instant, nous allons lire une page fondamentale du livre de l\u2019Exode\u00a0: Dieu se manifeste \u00e0 Mo\u00efse et lui avoue son projet. Dans la premi\u00e8re partie du texte (vv. 1-8), Mo\u00efse arrive \u00e0 la montagne de Dieu et est surpris en voyant un arbuste, un buisson qui br\u00fble et qui \u00ab n\u2019est pas d\u00e9vor\u00e9 par le feu \u00bb (v. 2). C\u2019est dans cette exp\u00e9rience surprenante que Mo\u00efse rencontre le messager de Yhwh (v. 2) et, dans la suite de la narration, Yahv\u00e9h lui-m\u00eame. Dieu appelle Mo\u00efse et Mo\u00efse lui r\u00e9pond : \u00ab\u00a0Me voici ! \u00bb (v. 4).<\/i><\/p>\n<p><i>A Mo\u00efse qui d\u00e9clare \u00e0 Dieu sa disponibilit\u00e9, Dieu se pr\u00e9sente comme le Dieu des p\u00e8res, et surtout comme le Dieu bien conscient de la mis\u00e8re et des souffrances de son peuple. Enfin, Dieu avoue \u00e0 Mo\u00efse son projet\u00a0: d\u00e9livrer le peuple du pouvoir des \u00c9gyptiens et \u00ab\u00a0le faire monter vers un pays beau et ouvert \u00bb (v. 8).<\/i><\/p>\n<p><i>Dans la seconde partie du texte (vv. 13-15), Mo\u00efse n\u2019est plus seulement le confident auquel Dieu communique son projet. En effet, dans les derniers versets, Mo\u00efse est celui qui &#8211; comme envoy\u00e9 de Dieu (vv. 13.14.15) &#8211; doit parler de Dieu au peuple. Dieu se pr\u00e9sente comme \u00ab JE SERAI QUI JE SERAI\u00a0\u00bb (v. 14)<\/i><i>. D\u2019une fa\u00e7on tr\u00e8s coh\u00e9rente, Mo\u00efse, en parlant de la mission que Dieu lui a confi\u00e9e devra dire : \u00ab JE SERAI m\u2019a envoy\u00e9 vers vous \u00bb.<\/i><\/p>\n<p><i>Avec l\u2019expression \u00ab JE SERAI QUI JE SERAI \u00bb, le narrateur ne veut pas nous donner une d\u00e9finition de Dieu. Il veut respecter l\u2019identit\u00e9 de Dieu, identit\u00e9 qui nous \u00e9chappe totalement et que Dieu seul conna\u00eet. Mais l\u2019emploi de la forme verbale \u00ab JE SERAI QUI JE SERAI \u00bb veut sugg\u00e9rer que le peuple, jour apr\u00e8s jour, pourra d\u00e9couvrir que Dieu est celui qui l\u2019accompagnera dans les exp\u00e9riences les plus diverses. En effet, en h\u00e9breu, le verbe \u201c\u00eatre\u201d n\u2019est pas un verbe abstrait, philosophique. Au contraire c\u2019est un verbe d\u2019action, un peu <\/i><i>[\/one_fourth][one_fourth]<\/i><i>comme, en fran\u00e7ais, \u201c\u00eatre actif\u201d<\/i><\/p>\n<p><i>Et pour nous, aujourd\u2019hui et demain ? Nous ne connaissons pas l\u2019identit\u00e9 ou la nature de Dieu. Mais, dans nos exp\u00e9riences, de jour en jour, nous pourrons d\u00e9couvrir que Dieu nous est proche, il est un Dieu fid\u00e8le et sensible \u00e0 nos souffrances, actif et toujours surprenant. Oui, il est et il sera tout pr\u00e8s de nous, de chacune et de chacun<\/i><i>. A lui on pourra \u00ab faire appel \u00bb (v. 15)<\/i><\/p>\n<p><strong><b>Du livre de l\u2019Exode (3,1-8.13-15<\/b><br \/>\n<\/strong><\/p>\n<p><sup>1<\/sup> Mo\u00efse faisait pa\u00eetre les moutons et les ch\u00e8vres de J\u00e9thro, son beau-p\u00e8re, pr\u00eatre de Madi\u00e2n. Un jour, il conduit les moutons et les ch\u00e8vres au-del\u00e0 du d\u00e9sert et il arrive \u00e0 la montagne de Dieu, \u00e0 l\u2019Horeb. <sup>2<\/sup> L\u00e0, dans une flamme de feu, au milieu d\u2019un buisson, se laisse voir, le messager de Yhwh, \u00e0 Mo\u00efse. Mo\u00efse regarde, et voici : le buisson br\u00fble dans le feu, mais le buisson n\u2019est pas d\u00e9vor\u00e9 par le feu. <sup>3<\/sup> Mo\u00efse se dit : \u00ab Je vais faire un d\u00e9tour pour voir cette grande vision. Pourquoi le buisson ne br\u00fble-t-il pas ? \u00bb <sup>4<\/sup> Et voit, Yhwh, que Mo\u00efse a fait un d\u00e9tour pour voir, et l\u2019appelle, Dieu, du milieu du buisson et lui dit : \u00ab Mo\u00efse ! Mo\u00efse ! \u00bb Et Mo\u00efse dit : \u00ab Me voici ! \u00bb. <sup>5<\/sup> Et Dieu dit : \u00ab N\u2019approche pas d\u2019ici ! Retire tes sandales de tes pieds, car le lieu o\u00f9 tu te trouves est une terre sainte. <sup>6<\/sup> Et il dit : \u00ab Moi, je suis le Dieu de ton p\u00e8re, le Dieu d\u2019Abraham, le Dieu d\u2019Isaac, et le Dieu de Jacob \u00bb. Mo\u00efse se cache le visage parce qu\u2019il a peur de regarder vers Dieu. <sup>7<\/sup> Et dit Yhwh : \u00ab J\u2019ai vu, oui, j\u2019ai vu la mis\u00e8re de mon peuple en \u00c9gypte. J\u2019ai entendu leurs cris devant ceux qui les oppriment. Oui, je connais leurs souffrances. <sup>8<\/sup> Et je suis descendu pour le d\u00e9livrer du pouvoir des \u00c9gyptiens, pour le faire monter hors de ce pays, vers un pays beau et ouvert, vers un pays qui d\u00e9borde de lait et de miel.<\/p>\n<p><sup>13<\/sup> Et dit, Mo\u00efse, \u00e0 Dieu : \u00ab Voici ! J\u2019irai vers les Isra\u00e9lites. Je leur dirai : \u201cLe Dieu de vos p\u00e8res <b>m\u2019a envoy\u00e9 vers vous<\/b>\u201d. Mais ils vont me demander ton nom. Qu\u2019est-ce que je dois dire ? \u00bb.<\/p>\n<p>[&#8230;]<\/p>\n<p><em><a href=\"http:\/\/absi.ch\/new\/wp-content\/uploads\/2016\/02\/Eucharistie_28fevrier2016.pdf\" target=\"_blank\">&gt; testo integrale (pdf)<\/a><\/em><\/p>\n<p><a href=\"http:\/\/absi.ch\/new\/lectures-pour-lafrique-et-toute-la-terre-2016\/\"><em><em>&gt; Lectures pure l&#8217;Afrique &#8230; et toute la Terre 2016 <\/em><\/em><\/a><\/p>\n<p>[\/one_fourth][one_fourth][\/one_fourth][\/layout_group][\/layout]<\/p>\n<div id=\"themify_builder_content-6842\" data-postid=\"6842\" class=\"themify_builder_content themify_builder_content-6842 themify_builder\">\n    <\/div>\n<!-- \/themify_builder_content -->\n","protected":false},"excerpt":{"rendered":"<p>[layout][layout_group][one_fourth] Dieu nous est proche\u2026 d\u2019une fa\u00e7on toujours surprenante &nbsp; Eucharistie: 28 f\u00e9vrier 2016 &nbsp; Premi\u00e8re lecture Dans un instant, nous allons lire une page fondamentale du livre de l\u2019Exode\u00a0: Dieu se manifeste \u00e0 Mo\u00efse et lui avoue son projet. Dans la premi\u00e8re partie du texte (vv. 1-8), Mo\u00efse arrive \u00e0 la montagne de Dieu [&hellip;]<\/p>\n","protected":false},"author":1,"featured_media":364,"comment_status":"closed","ping_status":"open","sticky":false,"template":"","format":"standard","meta":{"footnotes":""},"categories":[40],"tags":[42],"class_list":["post-6842","post","type-post","status-publish","format-standard","has-post-thumbnail","hentry","category-rpe","tag-rp","has-post-title","no-post-date","has-post-category","has-post-tag","has-post-comment","has-post-author",""],"builder_content":"","_links":{"self":[{"href":"https:\/\/absi.ch\/new\/wp-json\/wp\/v2\/posts\/6842","targetHints":{"allow":["GET"]}}],"collection":[{"href":"https:\/\/absi.ch\/new\/wp-json\/wp\/v2\/posts"}],"about":[{"href":"https:\/\/absi.ch\/new\/wp-json\/wp\/v2\/types\/post"}],"author":[{"embeddable":true,"href":"https:\/\/absi.ch\/new\/wp-json\/wp\/v2\/users\/1"}],"replies":[{"embeddable":true,"href":"https:\/\/absi.ch\/new\/wp-json\/wp\/v2\/comments?post=6842"}],"version-history":[{"count":8,"href":"https:\/\/absi.ch\/new\/wp-json\/wp\/v2\/posts\/6842\/revisions"}],"predecessor-version":[{"id":6852,"href":"https:\/\/absi.ch\/new\/wp-json\/wp\/v2\/posts\/6842\/revisions\/6852"}],"wp:featuredmedia":[{"embeddable":true,"href":"https:\/\/absi.ch\/new\/wp-json\/wp\/v2\/media\/364"}],"wp:attachment":[{"href":"https:\/\/absi.ch\/new\/wp-json\/wp\/v2\/media?parent=6842"}],"wp:term":[{"taxonomy":"category","embeddable":true,"href":"https:\/\/absi.ch\/new\/wp-json\/wp\/v2\/categories?post=6842"},{"taxonomy":"post_tag","embeddable":true,"href":"https:\/\/absi.ch\/new\/wp-json\/wp\/v2\/tags?post=6842"}],"curies":[{"name":"wp","href":"https:\/\/api.w.org\/{rel}","templated":true}]}}