{"id":6881,"date":"2016-03-13T02:39:33","date_gmt":"2016-03-13T01:39:33","guid":{"rendered":"http:\/\/absi.ch\/new\/?p=6881"},"modified":"2016-03-13T02:44:36","modified_gmt":"2016-03-13T01:44:36","slug":"v-quaresima-13-marzo-2016","status":"publish","type":"post","link":"https:\/\/absi.ch\/new\/2016\/03\/v-quaresima-13-marzo-2016\/","title":{"rendered":"V QUARESIMA &#8211; 13 marzo 2016"},"content":{"rendered":"<p>[layout][layout_group][one_third]<\/p>\n<h3 style=\"text-align: center;\">CHI DI VOI E\u2019 SENZA PECCATO,<br \/>\nGETTI PER PRIMO LA PIETRA CONTRO DI LEI<\/h3>\n<p style=\"text-align:center;\">&#8212;&#8212;&#8212;&#8212;&#8212;&#8212;&#8212;&#8212;&#8212;&#8212;&#8212;&#8212;&#8212;&#8212;&#8212;&#8212;&#8212;&#8212;&#8212;&#8212;&#8212;&#8212;&#8212;&#8212;&#8212;&#8212;&#8212;&#8212;&#8212;&#8212;&#8212;&#8212;&#8212;&#8212;&#8212;&#8212;&#8212;&#8212;&#8211;<br \/>\n&nbsp;<\/p>\n<p style=\"text-align: center;\"><a href=\"http:\/\/absi.ch\/new\/wp-content\/uploads\/2016\/03\/adultera_Vasily-Polenov.jpg\"><img loading=\"lazy\" decoding=\"async\" class=\"aligncenter  wp-image-6897\" alt=\"adultera_Vasily Polenov\" src=\"http:\/\/absi.ch\/new\/wp-content\/uploads\/2016\/03\/adultera_Vasily-Polenov-1115x602.jpg\" width=\"858\" height=\"462\" srcset=\"https:\/\/absi.ch\/new\/wp-content\/uploads\/2016\/03\/adultera_Vasily-Polenov-1115x602.jpg 1115w, https:\/\/absi.ch\/new\/wp-content\/uploads\/2016\/03\/adultera_Vasily-Polenov-300x162.jpg 300w\" sizes=\"auto, (max-width: 858px) 100vw, 858px\" \/><\/a><\/p>\n<p>&nbsp;<br \/>\n&nbsp;<\/p>\n<h5 style=\"text-align: center;\">Ges\u00f9 e l&#8217;adultera<\/h5>\n<p style=\"text-align: center;\"><em>Vasilij Dmitrievi\u010d Polenov (1844-1924)<br \/>\n<\/em><\/p>\n<p>[\/one_third][one_third]<\/p>\n<h5>V QUARESIMA &#8211; 13 marzo 2016<\/h5>\n<p><strong>Gv 8, 1-11<\/strong><\/p>\n<p>[In quel tempo] Ges\u00f9 si avvi\u00f2 verso il monte degli Ulivi. Ma al mattino si rec\u00f2 di nuovo nel tempio e tutto il popolo andava da lui. Ed egli sedette e si mise a insegnare loro. Allora gli scribi e i farisei gli condussero una donna sorpresa in adulterio, la posero in mezzo e gli dissero: \u00abMaestro, questa donna \u00e8 stata sorpresa in flagrante adulterio. Ora Mos\u00e8, nella Legge, ci ha comandato di lapidare donne come questa. Tu che ne dici?\u00bb. Dicevano questo per metterlo alla prova e per avere motivo di accusarlo.<br \/>\nMa Ges\u00f9 si chin\u00f2 e si mise a scrivere col dito per terra. Tuttavia, poich\u00e9 insistevano nell\u2019interrogarlo, si alz\u00f2 e disse loro: \u00abChi di voi \u00e8 senza peccato, getti per primo la pietra contro di lei\u00bb. E, chinatosi di nuovo, scriveva per terra. Quelli, udito ci\u00f2, se ne andarono uno per uno, cominciando dai pi\u00f9 anziani.<br \/>\nLo lasciarono solo, e la donna era l\u00e0 in mezzo. Allora Ges\u00f9 si alz\u00f2 e le disse: \u00abDonna, dove sono? Nessuno ti ha condannata?\u00bb. Ed ella rispose: \u00abNessuno, Signore\u00bb. E Ges\u00f9 disse: \u00abNeanch\u2019io ti condanno; va\u2019 e d\u2019ora in poi non peccare pi\u00f9\u00bb.<\/p>\n<p>&nbsp;<\/p>\n<p><em>Commento al Vangelo (pdf) di:<\/em><\/p>\n<p><a href=\"http:\/\/absi.ch\/new\/wp-content\/uploads\/2016\/02\/V-QUARESIMA_Anno-C-2015-2016_Castillo.pdf\" target=\"_blank\">&gt; p. Jos\u00e9 Mar\u00eda CASTILLO<\/a><\/p>\n<p><a href=\"http:\/\/absi.ch\/new\/wp-content\/uploads\/2016\/02\/22.-13-marzo-2016-V-Quaresima-Gv-81-11.pdf\" target=\"_blank\">&gt; don Gennaro Lamuro<\/a><\/p>\n<p><a href=\"http:\/\/absi.ch\/new\/wp-content\/uploads\/2016\/02\/V-Quaresima-13.3.2016.pdf\" target=\"_blank\">&gt; p. Alberto Maggi<\/a><\/p>\n<p>&nbsp;<\/p>\n<p><a href=\"http:\/\/absi.ch\/new\/commento-al-vangelo-2016\/\"><em>&gt; sommario Commento al Vangelo 2016<\/em><\/a><\/p>\n<p>[\/one_third][\/layout_group][\/layout]<\/p>\n<div id=\"themify_builder_content-6881\" data-postid=\"6881\" class=\"themify_builder_content themify_builder_content-6881 themify_builder\">\n    <\/div>\n<!-- \/themify_builder_content -->\n","protected":false},"excerpt":{"rendered":"<p>[layout][layout_group][one_third] CHI DI VOI E\u2019 SENZA PECCATO, GETTI PER PRIMO LA PIETRA CONTRO DI LEI &#8212;&#8212;&#8212;&#8212;&#8212;&#8212;&#8212;&#8212;&#8212;&#8212;&#8212;&#8212;&#8212;&#8212;&#8212;&#8212;&#8212;&#8212;&#8212;&#8212;&#8212;&#8212;&#8212;&#8212;&#8212;&#8212;&#8212;&#8212;&#8212;&#8212;&#8212;&#8212;&#8212;&#8212;&#8212;&#8212;&#8212;&#8212;&#8211; &nbsp; &nbsp; &nbsp; Ges\u00f9 e l&#8217;adultera Vasilij Dmitrievi\u010d Polenov (1844-1924) [\/one_third][one_third] V QUARESIMA &#8211; 13 marzo 2016 Gv 8, 1-11 [In quel tempo] Ges\u00f9 si avvi\u00f2 verso il monte degli Ulivi. Ma al mattino si rec\u00f2 di nuovo nel [&hellip;]<\/p>\n","protected":false},"author":1,"featured_media":349,"comment_status":"closed","ping_status":"open","sticky":false,"template":"","format":"standard","meta":{"footnotes":""},"categories":[29,97],"tags":[91,30,73],"class_list":["post-6881","post","type-post","status-publish","format-standard","has-post-thumbnail","hentry","category-vangelo","category-commento-al-vangelo-2016","tag-d-gennaro-lamuro","tag-p-alberto-maggi","tag-p-jose-maria-castillo","has-post-title","no-post-date","has-post-category","has-post-tag","has-post-comment","has-post-author",""],"builder_content":"","_links":{"self":[{"href":"https:\/\/absi.ch\/new\/wp-json\/wp\/v2\/posts\/6881","targetHints":{"allow":["GET"]}}],"collection":[{"href":"https:\/\/absi.ch\/new\/wp-json\/wp\/v2\/posts"}],"about":[{"href":"https:\/\/absi.ch\/new\/wp-json\/wp\/v2\/types\/post"}],"author":[{"embeddable":true,"href":"https:\/\/absi.ch\/new\/wp-json\/wp\/v2\/users\/1"}],"replies":[{"embeddable":true,"href":"https:\/\/absi.ch\/new\/wp-json\/wp\/v2\/comments?post=6881"}],"version-history":[{"count":7,"href":"https:\/\/absi.ch\/new\/wp-json\/wp\/v2\/posts\/6881\/revisions"}],"predecessor-version":[{"id":6959,"href":"https:\/\/absi.ch\/new\/wp-json\/wp\/v2\/posts\/6881\/revisions\/6959"}],"wp:featuredmedia":[{"embeddable":true,"href":"https:\/\/absi.ch\/new\/wp-json\/wp\/v2\/media\/349"}],"wp:attachment":[{"href":"https:\/\/absi.ch\/new\/wp-json\/wp\/v2\/media?parent=6881"}],"wp:term":[{"taxonomy":"category","embeddable":true,"href":"https:\/\/absi.ch\/new\/wp-json\/wp\/v2\/categories?post=6881"},{"taxonomy":"post_tag","embeddable":true,"href":"https:\/\/absi.ch\/new\/wp-json\/wp\/v2\/tags?post=6881"}],"curies":[{"name":"wp","href":"https:\/\/api.w.org\/{rel}","templated":true}]}}