{"id":7059,"date":"2016-04-24T02:58:26","date_gmt":"2016-04-24T00:58:26","guid":{"rendered":"http:\/\/absi.ch\/new\/?p=7059"},"modified":"2016-04-24T03:05:01","modified_gmt":"2016-04-24T01:05:01","slug":"v-domenica-di-pasqua","status":"publish","type":"post","link":"https:\/\/absi.ch\/new\/2016\/04\/v-domenica-di-pasqua\/","title":{"rendered":"V domenica di Pasqua"},"content":{"rendered":"<p>[layout][layout_group][one_third]<\/p>\n<h3 style=\"text-align: center;\">VI DO UN COMANDAMENTO NUOVO,<br \/>\nCHE VI AMIATE GLI UNI GLI ALTRI<\/h3>\n<p style=\"text-align: center;\">&#8212;&#8212;&#8212;&#8212;&#8212;&#8212;&#8212;&#8212;&#8212;&#8212;&#8212;&#8212;&#8212;&#8212;&#8212;&#8212;&#8212;&#8212;&#8212;&#8212;&#8212;&#8212;&#8212;&#8212;&#8212;&#8212;&#8212;&#8212;&#8212;&#8212;&#8212;&#8212;&#8212;&#8212;&#8212;&#8212;&#8212;&#8212;&#8211;<\/p>\n<p><a href=\"http:\/\/absi.ch\/new\/wp-content\/uploads\/2016\/04\/lastsupp-valentin-de-boulogne.jpg\"><img loading=\"lazy\" decoding=\"async\" class=\"aligncenter  wp-image-7062\" alt=\"lastsupp-valentin-de-boulogne\" src=\"http:\/\/absi.ch\/new\/wp-content\/uploads\/2016\/04\/lastsupp-valentin-de-boulogne.jpg\" width=\"727\" height=\"453\" srcset=\"https:\/\/absi.ch\/new\/wp-content\/uploads\/2016\/04\/lastsupp-valentin-de-boulogne.jpg 1090w, https:\/\/absi.ch\/new\/wp-content\/uploads\/2016\/04\/lastsupp-valentin-de-boulogne-300x187.jpg 300w\" sizes=\"auto, (max-width: 727px) 100vw, 727px\" \/><\/a><\/p>\n<p>&nbsp;<\/p>\n<h5 style=\"text-align: center;\">L&#8217;ultimma cena<\/h5>\n<p style=\"text-align: center;\"><em>Valentin de Boulogne\u00a0 (1591 &#8211; 1632)<br \/>\n<\/em><\/p>\n<p>[\/one_third][one_third]<\/p>\n<h5>V DOMENICA DI PASQUA &#8211; 23 aprile 2016<\/h5>\n<p>&nbsp;<\/p>\n<p>Gv 13,31-33a.34-35<\/p>\n<p>Quando [Giuda] fu uscito [dal cenacolo], Ges\u00f9 disse: \u00abOra il Figlio dell\u2019uomo \u00e8 stato glorificato, e Dio \u00e8 stato glorificato in lui. Se Dio \u00e8 stato glorificato in lui, anche Dio lo glorificher\u00e0 da parte sua e lo glorificher\u00e0 subito.<br \/>\nFiglioli, ancora per poco sono con voi. [\u2026] Vi do un comandamento nuovo: che vi amiate gli uni gli altri. Come io ho amato voi, cos\u00ec amatevi anche voi gli uni gli altri.<br \/>\nDa questo tutti sapranno che siete miei discepoli: se avete amore gli uni per gli altri\u00bb.<\/p>\n<p>&nbsp;<\/p>\n<p><em>Commento al Vangelo (pdf) di:<\/em><\/p>\n<p><a href=\"http:\/\/absi.ch\/new\/wp-content\/uploads\/2016\/04\/V-DOMENICA-DI-PASQUA_Anno-C-2015-2016_Castillo.pdf\" target=\"_blank\">&gt; p. Jos\u00e9 Maria Castillo<\/a><\/p>\n<p><a href=\"http:\/\/absi.ch\/new\/wp-content\/uploads\/2016\/04\/29.-24-aprile-2016-V-Pasqua-Gv-1331-35.pdf\" target=\"_blank\">&gt; don Gennaro Lamuro<\/a><\/p>\n<p><a href=\"http:\/\/absi.ch\/new\/wp-content\/uploads\/2016\/04\/V-Pasqua-24.4.2016.pdf\" target=\"_blank\"> &gt; p. Alberto Maggi<\/a><\/p>\n<p>&nbsp;<\/p>\n<p><a href=\"http:\/\/absi.ch\/new\/commento-al-vangelo-2016\/\"><em>&gt; sommario Commento al Vangelo 2016<\/em><\/a><\/p>\n<p>[\/one_third][\/layout_group][\/layout]<\/p>\n<div id=\"themify_builder_content-7059\" data-postid=\"7059\" class=\"themify_builder_content themify_builder_content-7059 themify_builder\">\n    <\/div>\n<!-- \/themify_builder_content -->\n","protected":false},"excerpt":{"rendered":"<p>[layout][layout_group][one_third] VI DO UN COMANDAMENTO NUOVO, CHE VI AMIATE GLI UNI GLI ALTRI &#8212;&#8212;&#8212;&#8212;&#8212;&#8212;&#8212;&#8212;&#8212;&#8212;&#8212;&#8212;&#8212;&#8212;&#8212;&#8212;&#8212;&#8212;&#8212;&#8212;&#8212;&#8212;&#8212;&#8212;&#8212;&#8212;&#8212;&#8212;&#8212;&#8212;&#8212;&#8212;&#8212;&#8212;&#8212;&#8212;&#8212;&#8212;&#8211; &nbsp; L&#8217;ultimma cena Valentin de Boulogne\u00a0 (1591 &#8211; 1632) [\/one_third][one_third] V DOMENICA DI PASQUA &#8211; 23 aprile 2016 &nbsp; Gv 13,31-33a.34-35 Quando [Giuda] fu uscito [dal cenacolo], Ges\u00f9 disse: \u00abOra il Figlio dell\u2019uomo \u00e8 stato glorificato, e Dio \u00e8 stato glorificato [&hellip;]<\/p>\n","protected":false},"author":1,"featured_media":349,"comment_status":"closed","ping_status":"open","sticky":false,"template":"","format":"standard","meta":{"footnotes":""},"categories":[97],"tags":[91,30,73],"class_list":["post-7059","post","type-post","status-publish","format-standard","has-post-thumbnail","hentry","category-commento-al-vangelo-2016","tag-d-gennaro-lamuro","tag-p-alberto-maggi","tag-p-jose-maria-castillo","has-post-title","no-post-date","has-post-category","has-post-tag","has-post-comment","has-post-author",""],"builder_content":"","_links":{"self":[{"href":"https:\/\/absi.ch\/new\/wp-json\/wp\/v2\/posts\/7059","targetHints":{"allow":["GET"]}}],"collection":[{"href":"https:\/\/absi.ch\/new\/wp-json\/wp\/v2\/posts"}],"about":[{"href":"https:\/\/absi.ch\/new\/wp-json\/wp\/v2\/types\/post"}],"author":[{"embeddable":true,"href":"https:\/\/absi.ch\/new\/wp-json\/wp\/v2\/users\/1"}],"replies":[{"embeddable":true,"href":"https:\/\/absi.ch\/new\/wp-json\/wp\/v2\/comments?post=7059"}],"version-history":[{"count":2,"href":"https:\/\/absi.ch\/new\/wp-json\/wp\/v2\/posts\/7059\/revisions"}],"predecessor-version":[{"id":7070,"href":"https:\/\/absi.ch\/new\/wp-json\/wp\/v2\/posts\/7059\/revisions\/7070"}],"wp:featuredmedia":[{"embeddable":true,"href":"https:\/\/absi.ch\/new\/wp-json\/wp\/v2\/media\/349"}],"wp:attachment":[{"href":"https:\/\/absi.ch\/new\/wp-json\/wp\/v2\/media?parent=7059"}],"wp:term":[{"taxonomy":"category","embeddable":true,"href":"https:\/\/absi.ch\/new\/wp-json\/wp\/v2\/categories?post=7059"},{"taxonomy":"post_tag","embeddable":true,"href":"https:\/\/absi.ch\/new\/wp-json\/wp\/v2\/tags?post=7059"}],"curies":[{"name":"wp","href":"https:\/\/api.w.org\/{rel}","templated":true}]}}