{"id":7372,"date":"2016-07-16T23:47:33","date_gmt":"2016-07-16T21:47:33","guid":{"rendered":"http:\/\/absi.ch\/new\/?p=7372"},"modified":"2016-07-16T23:47:33","modified_gmt":"2016-07-16T21:47:33","slug":"xvi-tempo-ordinario-17-luglio-2016","status":"publish","type":"post","link":"https:\/\/absi.ch\/new\/2016\/07\/xvi-tempo-ordinario-17-luglio-2016\/","title":{"rendered":"XVI TEMPO ORDINARIO \u2013 17 luglio 2016"},"content":{"rendered":"<p>[layout][layout_group][one_fourth]<\/p>\n<h3 style=\"text-align: center;\">MARTA LO OSPITO\u2019. MARIA HA SCELTO LA PARTE MIGLIORE<\/h3>\n<p style=\"text-align: center;\">&#8212;&#8212;&#8212;&#8212;&#8212;&#8212;&#8212;&#8212;&#8212;&#8212;&#8212;&#8212;&#8212;&#8212;&#8212;&#8212;&#8212;&#8212;&#8212;&#8212;&#8212;&#8212;&#8212;&#8212;&#8212;&#8212;&#8212;&#8212;&#8212;&#8212;&#8212;&#8212;&#8212;&#8212;&#8212;&#8212;&#8212;&#8212;&#8211;<\/p>\n<p style=\"text-align: center;\"><a href=\"http:\/\/absi.ch\/new\/wp-content\/uploads\/2016\/07\/800px-Johannes_Jan_Vermeer_-_Christ_in_the_House_of_Martha_and_Mary_-_Google_Art_Project.jpg\"><img loading=\"lazy\" decoding=\"async\" class=\"aligncenter  wp-image-7373\" alt=\"800px-Johannes_(Jan)_Vermeer_-_Christ_in_the_House_of_Martha_and_Mary_-_Google_Art_Project\" src=\"http:\/\/absi.ch\/new\/wp-content\/uploads\/2016\/07\/800px-Johannes_Jan_Vermeer_-_Christ_in_the_House_of_Martha_and_Mary_-_Google_Art_Project.jpg\" width=\"560\" height=\"648\" srcset=\"https:\/\/absi.ch\/new\/wp-content\/uploads\/2016\/07\/800px-Johannes_Jan_Vermeer_-_Christ_in_the_House_of_Martha_and_Mary_-_Google_Art_Project.jpg 800w, https:\/\/absi.ch\/new\/wp-content\/uploads\/2016\/07\/800px-Johannes_Jan_Vermeer_-_Christ_in_the_House_of_Martha_and_Mary_-_Google_Art_Project-259x300.jpg 259w\" sizes=\"auto, (max-width: 560px) 100vw, 560px\" \/><\/a><\/p>\n<h5 style=\"text-align: center;\">Cristo in casa di Marta e Maria<\/h5>\n<p style=\"text-align: center;\"><em>Johannes Vermeer (1632-1675)<\/em><\/p>\n<p>[\/one_fourth][one_fourth]<\/p>\n<h5>XVI TEMPO ORDINARIO \u2013 17 luglio 2016<\/h5>\n<p>Lc 10, 38-42<\/p>\n<p>[In quel tempo] mentre erano in cammino, Ges\u00f9 entr\u00f2 in un villaggio e una donna, di nome Marta, lo ospit\u00f2.<br \/>\nElla aveva una sorella, di nome Maria, la quale, seduta ai piedi del Signore, ascoltava la sua parola. Marta invece era distolta per i molti servizi.<br \/>\nAllora si fece avanti e disse: \u00abSignore, non t\u2019importa nulla che mia sorella mi abbia lasciata sola a servire? Dille dunque che mi aiuti\u00bb. Ma il Signore le rispose: \u00abMarta, Marta, tu ti affanni e ti agiti per molte cose, ma di una cosa sola c\u2019\u00e8 bisogno. Maria ha scelto la parte migliore, che non le sar\u00e0 tolta\u00bb.<\/p>\n<p>&nbsp;<\/p>\n<p><em>Commento al Vangelo (pdf) di:<\/em><\/p>\n<p><a href=\"http:\/\/absi.ch\/new\/wp-content\/uploads\/2016\/07\/XVI-TEMPO-ORDINARIO_Anno-C-2015-2016_Castillo.pdf\" target=\"_blank\">&gt; p. Jos\u00e9 Maria Castillo<\/a><\/p>\n<p><a href=\"http:\/\/absi.ch\/new\/wp-content\/uploads\/2016\/07\/42.-17-luglio-2016-XVI-Dom.-TO-Lc-1038-42.pdf\" target=\"_blank\">&gt; don Gennaro Lamuro<\/a><\/p>\n<p><a href=\"http:\/\/absi.ch\/new\/wp-content\/uploads\/2016\/07\/XVI-TO-17.7.2016.pdf\" target=\"_blank\">&gt; p. Alberto Maggi<\/a><\/p>\n<p>&nbsp;<\/p>\n<p><a href=\"http:\/\/absi.ch\/new\/commento-al-vangelo-2016\/\"><em>&gt; sommario Commento al Vangelo 2016<\/em><\/a><\/p>\n<p>[\/one_fourth][one_fourth][\/one_fourth][one_fourth][\/one_fourth][\/layout_group][\/layout]<\/p>\n<div id=\"themify_builder_content-7372\" data-postid=\"7372\" class=\"themify_builder_content themify_builder_content-7372 themify_builder\">\n    <\/div>\n<!-- \/themify_builder_content -->\n","protected":false},"excerpt":{"rendered":"<p>[layout][layout_group][one_fourth] MARTA LO OSPITO\u2019. MARIA HA SCELTO LA PARTE MIGLIORE &#8212;&#8212;&#8212;&#8212;&#8212;&#8212;&#8212;&#8212;&#8212;&#8212;&#8212;&#8212;&#8212;&#8212;&#8212;&#8212;&#8212;&#8212;&#8212;&#8212;&#8212;&#8212;&#8212;&#8212;&#8212;&#8212;&#8212;&#8212;&#8212;&#8212;&#8212;&#8212;&#8212;&#8212;&#8212;&#8212;&#8212;&#8212;&#8211; Cristo in casa di Marta e Maria Johannes Vermeer (1632-1675) [\/one_fourth][one_fourth] XVI TEMPO ORDINARIO \u2013 17 luglio 2016 Lc 10, 38-42 [In quel tempo] mentre erano in cammino, Ges\u00f9 entr\u00f2 in un villaggio e una donna, di nome Marta, lo ospit\u00f2. Ella aveva una [&hellip;]<\/p>\n","protected":false},"author":1,"featured_media":349,"comment_status":"closed","ping_status":"open","sticky":false,"template":"","format":"standard","meta":{"footnotes":""},"categories":[29,97],"tags":[91,30,73],"class_list":["post-7372","post","type-post","status-publish","format-standard","has-post-thumbnail","hentry","category-vangelo","category-commento-al-vangelo-2016","tag-d-gennaro-lamuro","tag-p-alberto-maggi","tag-p-jose-maria-castillo","has-post-title","no-post-date","has-post-category","has-post-tag","has-post-comment","has-post-author",""],"builder_content":"","_links":{"self":[{"href":"https:\/\/absi.ch\/new\/wp-json\/wp\/v2\/posts\/7372","targetHints":{"allow":["GET"]}}],"collection":[{"href":"https:\/\/absi.ch\/new\/wp-json\/wp\/v2\/posts"}],"about":[{"href":"https:\/\/absi.ch\/new\/wp-json\/wp\/v2\/types\/post"}],"author":[{"embeddable":true,"href":"https:\/\/absi.ch\/new\/wp-json\/wp\/v2\/users\/1"}],"replies":[{"embeddable":true,"href":"https:\/\/absi.ch\/new\/wp-json\/wp\/v2\/comments?post=7372"}],"version-history":[{"count":1,"href":"https:\/\/absi.ch\/new\/wp-json\/wp\/v2\/posts\/7372\/revisions"}],"predecessor-version":[{"id":7378,"href":"https:\/\/absi.ch\/new\/wp-json\/wp\/v2\/posts\/7372\/revisions\/7378"}],"wp:featuredmedia":[{"embeddable":true,"href":"https:\/\/absi.ch\/new\/wp-json\/wp\/v2\/media\/349"}],"wp:attachment":[{"href":"https:\/\/absi.ch\/new\/wp-json\/wp\/v2\/media?parent=7372"}],"wp:term":[{"taxonomy":"category","embeddable":true,"href":"https:\/\/absi.ch\/new\/wp-json\/wp\/v2\/categories?post=7372"},{"taxonomy":"post_tag","embeddable":true,"href":"https:\/\/absi.ch\/new\/wp-json\/wp\/v2\/tags?post=7372"}],"curies":[{"name":"wp","href":"https:\/\/api.w.org\/{rel}","templated":true}]}}