{"id":7652,"date":"2016-09-30T00:10:40","date_gmt":"2016-09-29T22:10:40","guid":{"rendered":"http:\/\/absi.ch\/new\/?p=7652"},"modified":"2016-09-30T00:11:00","modified_gmt":"2016-09-29T22:11:00","slug":"xxvii-tempo-ordinario-2-ottobre-2016","status":"publish","type":"post","link":"https:\/\/absi.ch\/new\/2016\/09\/xxvii-tempo-ordinario-2-ottobre-2016\/","title":{"rendered":"XXVII-tempo-ordinario-2 ottobre-2016"},"content":{"rendered":"<p>[layout][layout_group][one_fourth]<\/p>\n<h3 style=\"text-align: center;\">SE AVESTE FEDE!<\/h3>\n<p style=\"text-align: center;\">&#8212;&#8212;&#8212;&#8212;&#8212;&#8212;&#8212;&#8212;&#8212;&#8212;&#8212;&#8212;&#8212;&#8212;&#8212;&#8212;&#8212;&#8212;&#8212;&#8212;&#8212;&#8212;&#8212;&#8212;&#8212;&#8212;&#8212;&#8212;&#8212;&#8212;&#8212;&#8212;&#8212;&#8212;&#8212;&#8212;&#8212;&#8212;&#8211;<\/p>\n<p><a href=\"http:\/\/absi.ch\/new\/wp-content\/uploads\/2016\/09\/The-Exhortation-to-the-Apostles-Recommandation-aux-apo\u0302tres.jpg\"><img loading=\"lazy\" decoding=\"async\" class=\"size-large wp-image-7653 alignnone\" alt=\"the-exhortation-to-the-apostles-recommandation-aux-apo%cc%82tres\" src=\"http:\/\/absi.ch\/new\/wp-content\/uploads\/2016\/09\/The-Exhortation-to-the-Apostles-Recommandation-aux-apo\u0302tres-1115x820.jpg\" width=\"900\" height=\"661\" srcset=\"https:\/\/absi.ch\/new\/wp-content\/uploads\/2016\/09\/The-Exhortation-to-the-Apostles-Recommandation-aux-apo\u0302tres-1115x820.jpg 1115w, https:\/\/absi.ch\/new\/wp-content\/uploads\/2016\/09\/The-Exhortation-to-the-Apostles-Recommandation-aux-apo\u0302tres-300x220.jpg 300w, https:\/\/absi.ch\/new\/wp-content\/uploads\/2016\/09\/The-Exhortation-to-the-Apostles-Recommandation-aux-apo\u0302tres.jpg 1600w\" sizes=\"auto, (max-width: 900px) 100vw, 900px\" \/><\/a><\/p>\n<p>&nbsp;<\/p>\n<h5 style=\"text-align: center;\">L&#8217;esortazione degli apostoli<\/h5>\n<p style=\"text-align: center;\"><em>James Tissot (1836-1902)<br \/>\n<\/em><\/p>\n<p>[\/one_fourth][one_fourth]XXVII TEMPO ORDINARIO \u2013 2 ottobre 2016<\/p>\n<p>Lc 17,5-10<\/p>\n<p>[In quel tempo,] gli apostoli dissero al Signore: \u00abAccresci in noi la fede!\u00bb.<br \/>\nIl Signore rispose: \u00abSe aveste fede quanto un granello di senape, potreste dire a questo gelso: \u201cSr\u00e0dicati e vai a piantarti nel mare\u201d, ed esso vi obbedirebbe.<br \/>\nChi di voi, se ha un servo ad arare o a pascolare il gregge, gli dir\u00e0, quando rientra dal campo: \u201cVieni subito e mettiti a tavola\u201d? Non gli dir\u00e0 piuttosto: \u201cPrepara da mangiare, str\u00edngiti le vesti ai fianchi e s\u00e9rvimi, finch\u00e9 avr\u00f2 mangiato e bevuto, e dopo mangerai e berrai tu\u201d? Avr\u00e0 forse gratitudine verso quel servo, perch\u00e9 ha eseguito gli ordini ricevuti?<br \/>\nCos\u00ec anche voi, quando avrete fatto tutto quello che vi \u00e8 stato ordinato, dite: \u201cSiamo servi inutili. Abbiamo fatto quanto dovevamo fare\u201d\u00bb.<\/p>\n<p><em>Commento al Vangelo (pdf) di:<\/em><\/p>\n<p><a href=\"http:\/\/absi.ch\/new\/wp-content\/uploads\/2016\/09\/XXVII-TEMPO-ORDINARIO_Anno-C-2015-2016_Castillo.pdf\" target=\"_blank\">&gt; p. Jos\u00e9 Maria Castillo<\/a><\/p>\n<p><a href=\"http:\/\/absi.ch\/new\/wp-content\/uploads\/2016\/09\/54.-2-ottobre-2016-XXVII-Dom.-TO-Lc-175-10.pdf\" target=\"_blank\">&gt; don Gennaro Lamuro<\/a><\/p>\n<p><a href=\"http:\/\/absi.ch\/new\/wp-content\/uploads\/2016\/09\/XXVII-TO-2.10.2016.pdf\" target=\"_blank\">&gt; p. Alberto Maggi<\/a><\/p>\n<p><a href=\"http:\/\/absi.ch\/new\/commento-al-vangelo-2016\/\"><em>&gt; sommario Commento al Vangelo 2016<\/em><\/a><\/p>\n<p>[\/one_fourth][one_fourth][\/one_fourth][one_fourth][\/one_fourth][\/layout_group][\/layout]<\/p>\n<div id=\"themify_builder_content-7652\" data-postid=\"7652\" class=\"themify_builder_content themify_builder_content-7652 themify_builder\">\n    <\/div>\n<!-- \/themify_builder_content -->\n","protected":false},"excerpt":{"rendered":"<p>[layout][layout_group][one_fourth] SE AVESTE FEDE! &#8212;&#8212;&#8212;&#8212;&#8212;&#8212;&#8212;&#8212;&#8212;&#8212;&#8212;&#8212;&#8212;&#8212;&#8212;&#8212;&#8212;&#8212;&#8212;&#8212;&#8212;&#8212;&#8212;&#8212;&#8212;&#8212;&#8212;&#8212;&#8212;&#8212;&#8212;&#8212;&#8212;&#8212;&#8212;&#8212;&#8212;&#8212;&#8211; &nbsp; L&#8217;esortazione degli apostoli James Tissot (1836-1902) [\/one_fourth][one_fourth]XXVII TEMPO ORDINARIO \u2013 2 ottobre 2016 Lc 17,5-10 [In quel tempo,] gli apostoli dissero al Signore: \u00abAccresci in noi la fede!\u00bb. Il Signore rispose: \u00abSe aveste fede quanto un granello di senape, potreste dire a questo gelso: \u201cSr\u00e0dicati e vai a piantarti [&hellip;]<\/p>\n","protected":false},"author":1,"featured_media":349,"comment_status":"closed","ping_status":"open","sticky":false,"template":"","format":"standard","meta":{"footnotes":""},"categories":[29,97],"tags":[91,30,73],"class_list":["post-7652","post","type-post","status-publish","format-standard","has-post-thumbnail","hentry","category-vangelo","category-commento-al-vangelo-2016","tag-d-gennaro-lamuro","tag-p-alberto-maggi","tag-p-jose-maria-castillo","has-post-title","no-post-date","has-post-category","has-post-tag","has-post-comment","has-post-author",""],"builder_content":"","_links":{"self":[{"href":"https:\/\/absi.ch\/new\/wp-json\/wp\/v2\/posts\/7652","targetHints":{"allow":["GET"]}}],"collection":[{"href":"https:\/\/absi.ch\/new\/wp-json\/wp\/v2\/posts"}],"about":[{"href":"https:\/\/absi.ch\/new\/wp-json\/wp\/v2\/types\/post"}],"author":[{"embeddable":true,"href":"https:\/\/absi.ch\/new\/wp-json\/wp\/v2\/users\/1"}],"replies":[{"embeddable":true,"href":"https:\/\/absi.ch\/new\/wp-json\/wp\/v2\/comments?post=7652"}],"version-history":[{"count":3,"href":"https:\/\/absi.ch\/new\/wp-json\/wp\/v2\/posts\/7652\/revisions"}],"predecessor-version":[{"id":7672,"href":"https:\/\/absi.ch\/new\/wp-json\/wp\/v2\/posts\/7652\/revisions\/7672"}],"wp:featuredmedia":[{"embeddable":true,"href":"https:\/\/absi.ch\/new\/wp-json\/wp\/v2\/media\/349"}],"wp:attachment":[{"href":"https:\/\/absi.ch\/new\/wp-json\/wp\/v2\/media?parent=7652"}],"wp:term":[{"taxonomy":"category","embeddable":true,"href":"https:\/\/absi.ch\/new\/wp-json\/wp\/v2\/categories?post=7652"},{"taxonomy":"post_tag","embeddable":true,"href":"https:\/\/absi.ch\/new\/wp-json\/wp\/v2\/tags?post=7652"}],"curies":[{"name":"wp","href":"https:\/\/api.w.org\/{rel}","templated":true}]}}