{"id":7695,"date":"2016-10-16T03:24:36","date_gmt":"2016-10-16T01:24:36","guid":{"rendered":"http:\/\/absi.ch\/new\/?p=7695"},"modified":"2016-10-16T03:25:12","modified_gmt":"2016-10-16T01:25:12","slug":"xxix-tempo-ordinario-16-ottobre-2016","status":"publish","type":"post","link":"https:\/\/absi.ch\/new\/2016\/10\/xxix-tempo-ordinario-16-ottobre-2016\/","title":{"rendered":"XXIX-tempo-ordinario-16 ottobre-2016"},"content":{"rendered":"<p>[layout][layout_group][one_fourth]<\/p>\n<h3 style=\"text-align: center;\">DIO FARA\u2019 GIUSTIZIA AI SUOI ELETTI<br \/>\nCHE GRIDANO VERSO DI LUI<\/h3>\n<p style=\"text-align: center;\">&#8212;&#8212;&#8212;&#8212;&#8212;&#8212;&#8212;&#8212;&#8212;&#8212;&#8212;&#8212;&#8212;&#8212;&#8212;&#8212;&#8212;&#8212;&#8212;&#8212;&#8212;&#8212;&#8212;&#8212;&#8212;&#8212;&#8212;&#8212;&#8212;&#8212;&#8212;&#8212;&#8212;&#8212;&#8212;&#8212;&#8212;&#8212;&#8211;<\/p>\n<p style=\"text-align: center;\">\n<p><a href=\"http:\/\/absi.ch\/new\/wp-content\/uploads\/2016\/10\/preghiera-con-la-vita-colored.jpg\"><img loading=\"lazy\" decoding=\"async\" class=\"size-full wp-image-7697 aligncenter\" alt=\"preghiera-con-la-vita-colored\" src=\"http:\/\/absi.ch\/new\/wp-content\/uploads\/2016\/10\/preghiera-con-la-vita-colored.jpg\" width=\"590\" height=\"419\" srcset=\"https:\/\/absi.ch\/new\/wp-content\/uploads\/2016\/10\/preghiera-con-la-vita-colored.jpg 590w, https:\/\/absi.ch\/new\/wp-content\/uploads\/2016\/10\/preghiera-con-la-vita-colored-300x213.jpg 300w\" sizes=\"auto, (max-width: 590px) 100vw, 590px\" \/><\/a><\/p>\n<p style=\"text-align: center;\"><em><a href=\"http:\/\/www.gioba.it\/\" target=\"_blank\">vignetta di Giovanni Berti<\/a><br \/>\n<\/em><\/p>\n<p>[\/one_fourth][one_fourth<\/p>\n<p>]XXVIII TEMPO ORDINARIO \u2013 9 ottobre 2016<\/p>\n<p>Lc 18,1-8<br \/>\n[In quel tempo,] Ges\u00f9 diceva ai suoi discepoli una parabola sulla necessit\u00e0 di pregare sempre, senza stancarsi mai:<br \/>\n\u00abIn una citt\u00e0 viveva un giudice, che non temeva Dio n\u00e9 aveva riguardo per alcuno. In quella citt\u00e0 c\u2019era anche una vedova, che andava da lui e gli diceva: \u201cFammi giustizia contro il mio avversario\u201d.<br \/>\nPer un po\u2019 di tempo egli non volle; ma poi disse tra s\u00e9: \u201cAnche se non temo Dio e non ho riguardo per alcuno, dato che questa vedova mi d\u00e0 tanto fastidio, le far\u00f2 giustizia perch\u00e9 non venga continuamente a importunarmi\u201d\u00bb.<br \/>\nE il Signore soggiunse: \u00abAscoltate ci\u00f2 che dice il giudice disonesto. E Dio non far\u00e0 forse giustizia ai suoi eletti, che gridano giorno e notte verso di lui? Li far\u00e0 forse aspettare a lungo? Io vi dico che far\u00e0 loro giustizia prontamente. Ma il Figlio dell\u2019uomo, quando verr\u00e0, trover\u00e0 la fede sulla terra?\u00bb.<\/p>\n<p>&nbsp;<\/p>\n<p><em>Commento al Vangelo (pdf) di:<\/em><\/p>\n<p><a href=\"http:\/\/absi.ch\/new\/wp-content\/uploads\/2016\/10\/XXIX-TEMPO-ORDINARIO_Anno-C-2016-2017_Castillo.pdf\" target=\"_blank\">&gt; p. Jos\u00e9 Maria Castillo<\/a><\/p>\n<p><a href=\"http:\/\/absi.ch\/new\/wp-content\/uploads\/2016\/10\/56.-16-ottobre-2016-XXIX-Dom.-TO-Lc-181-8.pdf\" target=\"_blank\">&gt; don Gennaro Lamuro<\/a><\/p>\n<p><a href=\"http:\/\/absi.ch\/new\/wp-content\/uploads\/2016\/10\/XXIX-TO-16.10.2016.pdf\" target=\"_blank\">&gt; p. Alberto Maggi<\/a><\/p>\n<p><a href=\"http:\/\/absi.ch\/new\/commento-al-vangelo-2016\/\"><em>&gt; sommario Commento al Vangelo 2016<\/em><\/a><\/p>\n<p>[\/one_fourth][one_fourth][\/one_fourth][one_fourth][\/one_fourth][\/layout_group][\/layout]<\/p>\n<div id=\"themify_builder_content-7695\" data-postid=\"7695\" class=\"themify_builder_content themify_builder_content-7695 themify_builder\">\n    <\/div>\n<!-- \/themify_builder_content -->\n","protected":false},"excerpt":{"rendered":"<p>[layout][layout_group][one_fourth] DIO FARA\u2019 GIUSTIZIA AI SUOI ELETTI CHE GRIDANO VERSO DI LUI &#8212;&#8212;&#8212;&#8212;&#8212;&#8212;&#8212;&#8212;&#8212;&#8212;&#8212;&#8212;&#8212;&#8212;&#8212;&#8212;&#8212;&#8212;&#8212;&#8212;&#8212;&#8212;&#8212;&#8212;&#8212;&#8212;&#8212;&#8212;&#8212;&#8212;&#8212;&#8212;&#8212;&#8212;&#8212;&#8212;&#8212;&#8212;&#8211; vignetta di Giovanni Berti [\/one_fourth][one_fourth ]XXVIII TEMPO ORDINARIO \u2013 9 ottobre 2016 Lc 18,1-8 [In quel tempo,] Ges\u00f9 diceva ai suoi discepoli una parabola sulla necessit\u00e0 di pregare sempre, senza stancarsi mai: \u00abIn una citt\u00e0 viveva un giudice, che non temeva Dio [&hellip;]<\/p>\n","protected":false},"author":1,"featured_media":349,"comment_status":"closed","ping_status":"open","sticky":false,"template":"","format":"standard","meta":{"footnotes":""},"categories":[29,97],"tags":[91,30,73],"class_list":["post-7695","post","type-post","status-publish","format-standard","has-post-thumbnail","hentry","category-vangelo","category-commento-al-vangelo-2016","tag-d-gennaro-lamuro","tag-p-alberto-maggi","tag-p-jose-maria-castillo","has-post-title","no-post-date","has-post-category","has-post-tag","has-post-comment","has-post-author",""],"builder_content":"","_links":{"self":[{"href":"https:\/\/absi.ch\/new\/wp-json\/wp\/v2\/posts\/7695","targetHints":{"allow":["GET"]}}],"collection":[{"href":"https:\/\/absi.ch\/new\/wp-json\/wp\/v2\/posts"}],"about":[{"href":"https:\/\/absi.ch\/new\/wp-json\/wp\/v2\/types\/post"}],"author":[{"embeddable":true,"href":"https:\/\/absi.ch\/new\/wp-json\/wp\/v2\/users\/1"}],"replies":[{"embeddable":true,"href":"https:\/\/absi.ch\/new\/wp-json\/wp\/v2\/comments?post=7695"}],"version-history":[{"count":3,"href":"https:\/\/absi.ch\/new\/wp-json\/wp\/v2\/posts\/7695\/revisions"}],"predecessor-version":[{"id":7713,"href":"https:\/\/absi.ch\/new\/wp-json\/wp\/v2\/posts\/7695\/revisions\/7713"}],"wp:featuredmedia":[{"embeddable":true,"href":"https:\/\/absi.ch\/new\/wp-json\/wp\/v2\/media\/349"}],"wp:attachment":[{"href":"https:\/\/absi.ch\/new\/wp-json\/wp\/v2\/media?parent=7695"}],"wp:term":[{"taxonomy":"category","embeddable":true,"href":"https:\/\/absi.ch\/new\/wp-json\/wp\/v2\/categories?post=7695"},{"taxonomy":"post_tag","embeddable":true,"href":"https:\/\/absi.ch\/new\/wp-json\/wp\/v2\/tags?post=7695"}],"curies":[{"name":"wp","href":"https:\/\/api.w.org\/{rel}","templated":true}]}}