{"id":7760,"date":"2016-11-06T02:09:18","date_gmt":"2016-11-06T01:09:18","guid":{"rendered":"http:\/\/absi.ch\/new\/?p=7760"},"modified":"2016-11-06T02:11:13","modified_gmt":"2016-11-06T01:11:13","slug":"xxxii-tempo-ordinario-6-novembre-2016","status":"publish","type":"post","link":"https:\/\/absi.ch\/new\/2016\/11\/xxxii-tempo-ordinario-6-novembre-2016\/","title":{"rendered":"XXXII-tempo-ordinario-6 novembre-2016"},"content":{"rendered":"<p>[layout][layout_group][one_fourth]<\/p>\n<h3 style=\"text-align: center;\">DIO NON \u00c8 DEI MORTI, MA DEI VIVENTI<\/h3>\n<p style=\"text-align: center;\">&#8212;&#8212;&#8212;&#8212;&#8212;&#8212;&#8212;&#8212;&#8212;&#8212;&#8212;&#8212;&#8212;&#8212;&#8212;&#8212;&#8212;&#8212;&#8212;&#8212;&#8212;&#8212;&#8212;&#8212;&#8212;&#8212;&#8212;&#8212;&#8212;&#8212;&#8212;&#8212;&#8212;&#8212;&#8212;&#8212;&#8212;&#8212;&#8211;<\/p>\n<p>&nbsp;<br \/>\n<a href=\"http:\/\/absi.ch\/new\/wp-content\/uploads\/2016\/11\/chagall-dornbusch.jpg\"><img loading=\"lazy\" decoding=\"async\" class=\"aligncenter  wp-image-7762\" alt=\"chagall-dornbusch\" src=\"http:\/\/absi.ch\/new\/wp-content\/uploads\/2016\/11\/chagall-dornbusch.jpg\" width=\"422\" height=\"591\" srcset=\"https:\/\/absi.ch\/new\/wp-content\/uploads\/2016\/11\/chagall-dornbusch.jpg 550w, https:\/\/absi.ch\/new\/wp-content\/uploads\/2016\/11\/chagall-dornbusch-214x300.jpg 214w\" sizes=\"auto, (max-width: 422px) 100vw, 422px\" \/><\/a><\/p>\n<p>&nbsp;<\/p>\n<h5 style=\"text-align: center;\">Mos\u00e9 e il roveto ardente<\/h5>\n<p style=\"text-align: center;\"><em>Marc Chagall (1887 &#8211; 1985)<br \/>\n<\/em><\/p>\n<p>[\/one_fourth][one_fourth]<\/p>\n<p>XXXII TEMPO ORDINARIO \u2013 6 novembre 2016<\/p>\n<p>Lc 20,27-38<\/p>\n<p>[In quel tempo,] si avvicinarono [a Ges\u00f9] alcuni sadduc\u00e8i \u2013 i quali dicono che non c\u2019\u00e8 risurrezione \u2013 e gli posero questa domanda: \u00abMaestro, Mos\u00e8 ci ha prescritto: \u201cSe muore il fratello di qualcuno che ha moglie, ma \u00e8 senza figli, suo fratello prenda la moglie e dia una discendenza al proprio fratello\u201d. C\u2019erano dunque sette fratelli: il primo, dopo aver preso moglie, mor\u00ec senza figli. Allora la prese il secondo e poi il terzo e cos\u00ec tutti e sette morirono senza lasciare figli. Da ultimo mor\u00ec anche la donna. La donna dunque, alla risurrezione, di chi sar\u00e0 moglie? Poich\u00e9 tutti e sette l\u2019hanno avuta in moglie\u00bb.<br \/>\nGes\u00f9 rispose loro: \u00abI figli di questo mondo prendono moglie e prendono marito; ma quelli che sono giudicati degni della vita futura e della risurrezione dai morti, non prendono n\u00e9 moglie n\u00e9 marito: infatti non possono pi\u00f9 morire, perch\u00e9 sono uguali agli angeli e, poich\u00e9 sono figli della risurrezione, sono figli di Dio. Che poi i morti risorgano, lo ha indicato anche Mos\u00e8 a proposito del roveto, quando dice: \u201cIl Signore \u00e8 il Dio di Abramo, Dio di Isacco e Dio di Giacobbe\u201d. Dio non \u00e8 dei morti, ma dei viventi; perch\u00e9 tutti vivono per lui\u00bb.<\/p>\n<p>&nbsp;<\/p>\n<p><em>Commento al Vangelo (pdf) di:<\/em><\/p>\n<p><a href=\"http:\/\/absi.ch\/new\/wp-content\/uploads\/2016\/11\/XXXII-TEMPO-ORDINARIO_Anno-C-2015-2016_Castillo.pdf\" target=\"_blank\">&gt; p. Jos\u00e9 Maria Castillo<\/a><\/p>\n<p><a href=\"http:\/\/absi.ch\/new\/wp-content\/uploads\/2016\/11\/61.-6-novembre-2016-XXXII-Dom.-TO-Lc-2027-38.pdf\" target=\"_blank\">&gt; don Gennaro Lamuro<\/a><\/p>\n<p><a href=\"http:\/\/absi.ch\/new\/wp-content\/uploads\/2016\/11\/XXXII-TO-6.11.2016.pdf\" target=\"_blank\">&gt; p. Alberto Maggi<\/a><\/p>\n<p>&nbsp;<\/p>\n<p><a href=\"http:\/\/absi.ch\/new\/commento-al-vangelo-2016\/\"><em>&gt; sommario Commento al Vangelo 2016<\/em><\/a><\/p>\n<p>[\/one_fourth][one_fourth][\/one_fourth][one_fourth][\/one_fourth][\/layout_group][\/layout]<\/p>\n<div id=\"themify_builder_content-7760\" data-postid=\"7760\" class=\"themify_builder_content themify_builder_content-7760 themify_builder\">\n    <\/div>\n<!-- \/themify_builder_content -->\n","protected":false},"excerpt":{"rendered":"<p>[layout][layout_group][one_fourth] DIO NON \u00c8 DEI MORTI, MA DEI VIVENTI &#8212;&#8212;&#8212;&#8212;&#8212;&#8212;&#8212;&#8212;&#8212;&#8212;&#8212;&#8212;&#8212;&#8212;&#8212;&#8212;&#8212;&#8212;&#8212;&#8212;&#8212;&#8212;&#8212;&#8212;&#8212;&#8212;&#8212;&#8212;&#8212;&#8212;&#8212;&#8212;&#8212;&#8212;&#8212;&#8212;&#8212;&#8212;&#8211; &nbsp; &nbsp; Mos\u00e9 e il roveto ardente Marc Chagall (1887 &#8211; 1985) [\/one_fourth][one_fourth] XXXII TEMPO ORDINARIO \u2013 6 novembre 2016 Lc 20,27-38 [In quel tempo,] si avvicinarono [a Ges\u00f9] alcuni sadduc\u00e8i \u2013 i quali dicono che non c\u2019\u00e8 risurrezione \u2013 e gli posero questa domanda: [&hellip;]<\/p>\n","protected":false},"author":1,"featured_media":349,"comment_status":"closed","ping_status":"open","sticky":false,"template":"","format":"standard","meta":{"footnotes":""},"categories":[29,97],"tags":[91,30,73],"class_list":["post-7760","post","type-post","status-publish","format-standard","has-post-thumbnail","hentry","category-vangelo","category-commento-al-vangelo-2016","tag-d-gennaro-lamuro","tag-p-alberto-maggi","tag-p-jose-maria-castillo","has-post-title","no-post-date","has-post-category","has-post-tag","has-post-comment","has-post-author",""],"builder_content":"","_links":{"self":[{"href":"https:\/\/absi.ch\/new\/wp-json\/wp\/v2\/posts\/7760","targetHints":{"allow":["GET"]}}],"collection":[{"href":"https:\/\/absi.ch\/new\/wp-json\/wp\/v2\/posts"}],"about":[{"href":"https:\/\/absi.ch\/new\/wp-json\/wp\/v2\/types\/post"}],"author":[{"embeddable":true,"href":"https:\/\/absi.ch\/new\/wp-json\/wp\/v2\/users\/1"}],"replies":[{"embeddable":true,"href":"https:\/\/absi.ch\/new\/wp-json\/wp\/v2\/comments?post=7760"}],"version-history":[{"count":6,"href":"https:\/\/absi.ch\/new\/wp-json\/wp\/v2\/posts\/7760\/revisions"}],"predecessor-version":[{"id":7814,"href":"https:\/\/absi.ch\/new\/wp-json\/wp\/v2\/posts\/7760\/revisions\/7814"}],"wp:featuredmedia":[{"embeddable":true,"href":"https:\/\/absi.ch\/new\/wp-json\/wp\/v2\/media\/349"}],"wp:attachment":[{"href":"https:\/\/absi.ch\/new\/wp-json\/wp\/v2\/media?parent=7760"}],"wp:term":[{"taxonomy":"category","embeddable":true,"href":"https:\/\/absi.ch\/new\/wp-json\/wp\/v2\/categories?post=7760"},{"taxonomy":"post_tag","embeddable":true,"href":"https:\/\/absi.ch\/new\/wp-json\/wp\/v2\/tags?post=7760"}],"curies":[{"name":"wp","href":"https:\/\/api.w.org\/{rel}","templated":true}]}}