{"id":7894,"date":"2016-11-27T03:27:46","date_gmt":"2016-11-27T02:27:46","guid":{"rendered":"http:\/\/absi.ch\/new\/?p=7894"},"modified":"2016-12-08T03:12:09","modified_gmt":"2016-12-08T02:12:09","slug":"i-avvento-2016","status":"publish","type":"post","link":"https:\/\/absi.ch\/new\/2016\/11\/i-avvento-2016\/","title":{"rendered":"I Avvento 2016"},"content":{"rendered":"<p style=\"text-align: center;\">[layout][layout_group][one_fourth]<\/p>\n<h3 style=\"text-align: center;\">VEGLIATE, PER ESSERE PRONTI AL SUO ARRIVO<\/h3>\n<p style=\"text-align: center;\">&#8212;&#8212;&#8212;&#8212;&#8212;&#8212;&#8212;&#8212;&#8212;&#8212;&#8212;&#8212;&#8212;&#8212;&#8212;&#8212;&#8212;&#8212;&#8212;&#8212;&#8212;&#8212;&#8212;&#8212;&#8212;&#8212;&#8212;&#8212;&#8212;&#8212;&#8212;&#8212;&#8212;&#8212;&#8212;&#8212;&#8212;&#8212;&#8211;<a href=\"http:\/\/absi.ch\/new\/wp-content\/uploads\/2016\/11\/Grosse-ju\u0308ngste-Gericht_Rubens.jpg\"><img loading=\"lazy\" decoding=\"async\" class=\"aligncenter  wp-image-7895\" alt=\"grosse-ju%cc%88ngste-gericht_rubens\" src=\"http:\/\/absi.ch\/new\/wp-content\/uploads\/2016\/11\/Grosse-ju\u0308ngste-Gericht_Rubens.jpg\" width=\"520\" height=\"686\" srcset=\"https:\/\/absi.ch\/new\/wp-content\/uploads\/2016\/11\/Grosse-ju\u0308ngste-Gericht_Rubens.jpg 600w, https:\/\/absi.ch\/new\/wp-content\/uploads\/2016\/11\/Grosse-ju\u0308ngste-Gericht_Rubens-227x300.jpg 227w\" sizes=\"auto, (max-width: 520px) 100vw, 520px\" \/><\/a><\/p>\n<h5 style=\"text-align: center;\">Il grande Giudizio Finale<\/h5>\n<p style=\"text-align: center;\"><em>Pieter Paul Rubens 1577-1640<br \/>\n<\/em><\/p>\n<p>[\/one_fourth][one_fourth]<\/p>\n<p>I DOMENICA AVVENTO \u2013 27 novembre 2016<\/p>\n<p>Mt 24, 37-44<\/p>\n<p>[In quei giorni, Ges\u00f9 disse ai suoi discepoli:]<\/p>\n<p>\u00abCome furono i giorni di No\u00e8, cos\u00ec sar\u00e0 la venuta del Figlio dell\u2019uomo. Infatti, come nei giorni che precedettero il diluvio mangiavano e bevevano, prendevano moglie e prendevano marito, fino al giorno in cui No\u00e8 entr\u00f2 nell\u2019arca, e non si accorsero di nulla finch\u00e9 venne il diluvio e travolse tutti: cos\u00ec sar\u00e0 anche la venuta del Figlio dell\u2019uomo. Allora due uomini saranno nel campo: uno verr\u00e0 portato via e l\u2019altro lasciato. Due donne macineranno alla mola: una verr\u00e0 portata via e l\u2019altra lasciata.<br \/>\nVegliate dunque, perch\u00e9 non sapete in quale giorno il Signore vostro verr\u00e0. Cercate di capire questo: se il padrone di casa sapesse a quale ora della notte viene il ladro, veglierebbe e non si lascerebbe scassinare la casa. Perci\u00f2 anche voi tenetevi pronti perch\u00e9, nell\u2019ora che non immaginate, viene il Figlio dell\u2019uomo\u00bb.<\/p>\n<p>&nbsp;<\/p>\n<p><em>Commento al Vangelo (pdf) di:<\/em><\/p>\n<p><a href=\"http:\/\/absi.ch\/new\/wp-content\/uploads\/2016\/11\/I-DOMENICA-AVVENTO_Anno-A-2016-2017_Castillo.pdf\" target=\"_blank\">&gt; p. Jos\u00e9 Maria Castillo<\/a><\/p>\n<p><a href=\"http:\/\/absi.ch\/new\/wp-content\/uploads\/2016\/11\/1.-27-novembre-2016-I-Avvento-Mt-2437-44.pdf\" target=\"_blank\">&gt; don Gennaro Lamuro<\/a><\/p>\n<p><a href=\"http:\/\/absi.ch\/new\/wp-content\/uploads\/2016\/11\/I-Avv-27.11.16.pdf\" target=\"_blank\">&gt; p. Alberto Maggi<\/a><\/p>\n<p>&nbsp;<\/p>\n<p><a href=\"http:\/\/absi.ch\/new\/commento-al-vangelo-2016\/\"><em>&gt; sommario Commento al Vangelo 2016<\/em><\/a><\/p>\n<p>[\/one_fourth][one_fourth][\/one_fourth][one_fourth][\/one_fourth][\/layout_group][\/layout]<\/p>\n<div id=\"themify_builder_content-7894\" data-postid=\"7894\" class=\"themify_builder_content themify_builder_content-7894 themify_builder\">\n    <\/div>\n<!-- \/themify_builder_content -->\n","protected":false},"excerpt":{"rendered":"<p>[layout][layout_group][one_fourth] VEGLIATE, PER ESSERE PRONTI AL SUO ARRIVO &#8212;&#8212;&#8212;&#8212;&#8212;&#8212;&#8212;&#8212;&#8212;&#8212;&#8212;&#8212;&#8212;&#8212;&#8212;&#8212;&#8212;&#8212;&#8212;&#8212;&#8212;&#8212;&#8212;&#8212;&#8212;&#8212;&#8212;&#8212;&#8212;&#8212;&#8212;&#8212;&#8212;&#8212;&#8212;&#8212;&#8212;&#8212;&#8211; Il grande Giudizio Finale Pieter Paul Rubens 1577-1640 [\/one_fourth][one_fourth] I DOMENICA AVVENTO \u2013 27 novembre 2016 Mt 24, 37-44 [In quei giorni, Ges\u00f9 disse ai suoi discepoli:] \u00abCome furono i giorni di No\u00e8, cos\u00ec sar\u00e0 la venuta del Figlio dell\u2019uomo. Infatti, come nei giorni che precedettero [&hellip;]<\/p>\n","protected":false},"author":1,"featured_media":349,"comment_status":"closed","ping_status":"open","sticky":false,"template":"","format":"standard","meta":{"footnotes":""},"categories":[109,29,97],"tags":[91,30,73],"class_list":["post-7894","post","type-post","status-publish","format-standard","has-post-thumbnail","hentry","category-avvento-2016","category-vangelo","category-commento-al-vangelo-2016","tag-d-gennaro-lamuro","tag-p-alberto-maggi","tag-p-jose-maria-castillo","has-post-title","no-post-date","has-post-category","has-post-tag","has-post-comment","has-post-author",""],"builder_content":"","_links":{"self":[{"href":"https:\/\/absi.ch\/new\/wp-json\/wp\/v2\/posts\/7894","targetHints":{"allow":["GET"]}}],"collection":[{"href":"https:\/\/absi.ch\/new\/wp-json\/wp\/v2\/posts"}],"about":[{"href":"https:\/\/absi.ch\/new\/wp-json\/wp\/v2\/types\/post"}],"author":[{"embeddable":true,"href":"https:\/\/absi.ch\/new\/wp-json\/wp\/v2\/users\/1"}],"replies":[{"embeddable":true,"href":"https:\/\/absi.ch\/new\/wp-json\/wp\/v2\/comments?post=7894"}],"version-history":[{"count":4,"href":"https:\/\/absi.ch\/new\/wp-json\/wp\/v2\/posts\/7894\/revisions"}],"predecessor-version":[{"id":8068,"href":"https:\/\/absi.ch\/new\/wp-json\/wp\/v2\/posts\/7894\/revisions\/8068"}],"wp:featuredmedia":[{"embeddable":true,"href":"https:\/\/absi.ch\/new\/wp-json\/wp\/v2\/media\/349"}],"wp:attachment":[{"href":"https:\/\/absi.ch\/new\/wp-json\/wp\/v2\/media?parent=7894"}],"wp:term":[{"taxonomy":"category","embeddable":true,"href":"https:\/\/absi.ch\/new\/wp-json\/wp\/v2\/categories?post=7894"},{"taxonomy":"post_tag","embeddable":true,"href":"https:\/\/absi.ch\/new\/wp-json\/wp\/v2\/tags?post=7894"}],"curies":[{"name":"wp","href":"https:\/\/api.w.org\/{rel}","templated":true}]}}