{"id":8056,"date":"2016-12-08T03:23:50","date_gmt":"2016-12-08T02:23:50","guid":{"rendered":"http:\/\/absi.ch\/new\/?p=8056"},"modified":"2016-12-08T03:32:43","modified_gmt":"2016-12-08T02:32:43","slug":"immacolata-concezione-8-dicembre-2016","status":"publish","type":"post","link":"https:\/\/absi.ch\/new\/2016\/12\/immacolata-concezione-8-dicembre-2016\/","title":{"rendered":"IMMACOLATA CONCEZIONE \u2013 8 dicembre 2016"},"content":{"rendered":"<p>[layout][layout_group][one_fourth]<\/p>\n<h3 style=\"text-align: center;\">ECCO, CONCEPIRAI UN FIGLIO E LO DARAI ALLA LUCE<\/h3>\n<p style=\"text-align: center;\">&#8212;&#8212;&#8212;&#8212;&#8212;&#8212;&#8212;&#8212;&#8212;&#8212;&#8212;&#8212;&#8212;&#8212;&#8212;&#8212;&#8212;&#8212;&#8212;&#8212;&#8212;&#8212;&#8212;&#8212;&#8212;&#8212;&#8212;&#8212;&#8212;&#8212;&#8212;&#8212;&#8212;&#8212;&#8212;&#8212;&#8212;&#8212;&#8211;<a href=\"http:\/\/absi.ch\/new\/wp-content\/uploads\/2014\/12\/Immacolata2.jpg\"><img loading=\"lazy\" decoding=\"async\" class=\"aligncenter  wp-image-3873\" alt=\"Immacolata2\" src=\"http:\/\/absi.ch\/new\/wp-content\/uploads\/2014\/12\/Immacolata2-777x1443.jpg\" width=\"377\" height=\"701\" srcset=\"https:\/\/absi.ch\/new\/wp-content\/uploads\/2014\/12\/Immacolata2-777x1443.jpg 777w, https:\/\/absi.ch\/new\/wp-content\/uploads\/2014\/12\/Immacolata2-161x300.jpg 161w, https:\/\/absi.ch\/new\/wp-content\/uploads\/2014\/12\/Immacolata2.jpg 1013w\" sizes=\"auto, (max-width: 377px) 100vw, 377px\" \/><\/a><\/p>\n<h5 style=\"text-align: center;\">L&#8217;immacolata concezione<\/h5>\n<p style=\"text-align: center;\"><em>Giambattista Tiepolo (1696-1770)<br \/>\n<\/em><\/p>\n<p>[\/one_fourth][one_fourth]<\/p>\n<p>IMMACOLATA CONCEZIONE \u2013 8 dicembre 2016<\/p>\n<p>Lc 1,26-38<\/p>\n<p>[In quel tempo,] l\u2019angelo Gabriele fu mandato da Dio in una citt\u00e0 della Galilea, chiamata N\u00e0zaret, a una vergine, promessa sposa di un uomo della casa di Davide, di nome Giuseppe. La vergine si chiamava Maria. Entrando da lei, disse: \u00abRall\u00e8grati, piena di grazia: il Signore \u00e8 con te\u00bb.<br \/>\nA queste parole ella fu molto turbata e si domandava che senso avesse un saluto come questo. L\u2019angelo le disse: \u00abNon temere, Maria, perch\u00e9 hai trovato grazia presso Dio. Ed ecco, concepirai un figlio, lo darai alla luce e lo chiamerai Ges\u00f9. Sar\u00e0 grande e verr\u00e0 chiamato Figlio dell\u2019Altissimo; il Signore Dio gli dar\u00e0 il trono di Davide suo padre e regner\u00e0 per sempre sulla casa di Giacobbe e il suo regno non avr\u00e0 fine\u00bb.<br \/>\nAllora Maria disse all\u2019angelo: \u00abCome avverr\u00e0 questo, poich\u00e9 non conosco uomo?\u00bb. Le rispose l\u2019angelo: \u00abLo Spirito Santo scender\u00e0 su di te e la potenza dell\u2019Altissimo ti coprir\u00e0 con la sua ombra. Perci\u00f2 colui che nascer\u00e0 sar\u00e0 santo e sar\u00e0 chiamato Figlio di Dio. Ed ecco, Elisabetta, tua parente, nella sua vecchiaia ha concepito anch\u2019essa un figlio e questo \u00e8 il sesto mese per lei, che era detta sterile: nulla \u00e8 impossibile a Dio\u00bb. Allora Maria disse: \u00abEcco la serva del Signore: avvenga per me secondo la tua parola\u00bb. E l\u2019angelo si allontan\u00f2 da lei.<\/p>\n<p>&nbsp;<\/p>\n<p>&nbsp;<\/p>\n<p><em>Commento al Vangelo (pdf) di:<\/em><\/p>\n<p><a href=\"http:\/\/absi.ch\/new\/wp-content\/uploads\/2016\/12\/IMMACOLATA-CONCEZIONE_Anno-A-2016-2017_Castillo.pdf\" target=\"_blank\">&gt; p. Jos\u00e9 Maria Castillo<\/a><\/p>\n<p><a href=\"http:\/\/absi.ch\/new\/wp-content\/uploads\/2016\/12\/3.-8-dicembre-2016-Immacolata-Lc-126-38.pdf\">&gt; don Gennaro Lamuro<\/a><\/p>\n<p><a href=\"http:\/\/absi.ch\/new\/wp-content\/uploads\/2016\/12\/Immacolata-Concezione_Maggi.pdf\">&gt; p. Alberto Maggi<\/a><\/p>\n<p>&nbsp;<\/p>\n<p><a href=\"http:\/\/absi.ch\/new\/commento-al-vangelo-2016\/\"><em>&gt; sommario Commento al Vangelo 2016<\/em><\/a><\/p>\n<p>[\/one_fourth][one_fourth][\/one_fourth][one_fourth][\/one_fourth][\/layout_group][\/layout]<\/p>\n<div id=\"themify_builder_content-8056\" data-postid=\"8056\" class=\"themify_builder_content themify_builder_content-8056 themify_builder\">\n    <\/div>\n<!-- \/themify_builder_content -->\n","protected":false},"excerpt":{"rendered":"<p>[layout][layout_group][one_fourth] ECCO, CONCEPIRAI UN FIGLIO E LO DARAI ALLA LUCE &#8212;&#8212;&#8212;&#8212;&#8212;&#8212;&#8212;&#8212;&#8212;&#8212;&#8212;&#8212;&#8212;&#8212;&#8212;&#8212;&#8212;&#8212;&#8212;&#8212;&#8212;&#8212;&#8212;&#8212;&#8212;&#8212;&#8212;&#8212;&#8212;&#8212;&#8212;&#8212;&#8212;&#8212;&#8212;&#8212;&#8212;&#8212;&#8211; L&#8217;immacolata concezione Giambattista Tiepolo (1696-1770) [\/one_fourth][one_fourth] IMMACOLATA CONCEZIONE \u2013 8 dicembre 2016 Lc 1,26-38 [In quel tempo,] l\u2019angelo Gabriele fu mandato da Dio in una citt\u00e0 della Galilea, chiamata N\u00e0zaret, a una vergine, promessa sposa di un uomo della casa di Davide, di nome [&hellip;]<\/p>\n","protected":false},"author":1,"featured_media":349,"comment_status":"closed","ping_status":"open","sticky":false,"template":"","format":"standard","meta":{"footnotes":""},"categories":[29,97],"tags":[91,30,73],"class_list":["post-8056","post","type-post","status-publish","format-standard","has-post-thumbnail","hentry","category-vangelo","category-commento-al-vangelo-2016","tag-d-gennaro-lamuro","tag-p-alberto-maggi","tag-p-jose-maria-castillo","has-post-title","no-post-date","has-post-category","has-post-tag","has-post-comment","has-post-author",""],"builder_content":"","_links":{"self":[{"href":"https:\/\/absi.ch\/new\/wp-json\/wp\/v2\/posts\/8056","targetHints":{"allow":["GET"]}}],"collection":[{"href":"https:\/\/absi.ch\/new\/wp-json\/wp\/v2\/posts"}],"about":[{"href":"https:\/\/absi.ch\/new\/wp-json\/wp\/v2\/types\/post"}],"author":[{"embeddable":true,"href":"https:\/\/absi.ch\/new\/wp-json\/wp\/v2\/users\/1"}],"replies":[{"embeddable":true,"href":"https:\/\/absi.ch\/new\/wp-json\/wp\/v2\/comments?post=8056"}],"version-history":[{"count":10,"href":"https:\/\/absi.ch\/new\/wp-json\/wp\/v2\/posts\/8056\/revisions"}],"predecessor-version":[{"id":8067,"href":"https:\/\/absi.ch\/new\/wp-json\/wp\/v2\/posts\/8056\/revisions\/8067"}],"wp:featuredmedia":[{"embeddable":true,"href":"https:\/\/absi.ch\/new\/wp-json\/wp\/v2\/media\/349"}],"wp:attachment":[{"href":"https:\/\/absi.ch\/new\/wp-json\/wp\/v2\/media?parent=8056"}],"wp:term":[{"taxonomy":"category","embeddable":true,"href":"https:\/\/absi.ch\/new\/wp-json\/wp\/v2\/categories?post=8056"},{"taxonomy":"post_tag","embeddable":true,"href":"https:\/\/absi.ch\/new\/wp-json\/wp\/v2\/tags?post=8056"}],"curies":[{"name":"wp","href":"https:\/\/api.w.org\/{rel}","templated":true}]}}