{"id":8224,"date":"2017-01-06T01:56:22","date_gmt":"2017-01-06T00:56:22","guid":{"rendered":"http:\/\/absi.ch\/new\/?p=8224"},"modified":"2017-01-06T02:11:42","modified_gmt":"2017-01-06T01:11:42","slug":"epifania-6-gennaio-2017","status":"publish","type":"post","link":"https:\/\/absi.ch\/new\/2017\/01\/epifania-6-gennaio-2017\/","title":{"rendered":"EPIFANIA \u2013 6 gennaio 2017"},"content":{"rendered":"<p>[layout][layout_group][one_fourth]<\/p>\n<h3 style=\"text-align: center;\">SIAMO VENUTI DALL&#8217;ORIENTE PER ADORARE IL RE<\/h3>\n<p style=\"text-align: center;\">&#8212;&#8212;&#8212;&#8212;&#8212;&#8212;&#8212;&#8212;&#8212;&#8212;&#8212;&#8212;&#8212;&#8212;&#8212;&#8212;&#8212;&#8212;&#8212;&#8212;&#8212;&#8212;&#8212;&#8212;&#8212;&#8212;&#8212;&#8212;&#8212;&#8212;&#8212;&#8212;&#8212;&#8212;&#8212;&#8212;&#8212;&#8212;&#8211;<a href=\"http:\/\/absi.ch\/new\/wp-content\/uploads\/2017\/01\/Bruegel_-_Ladorazione_dei_magi_sotto_la_neve.jpg\"><img loading=\"lazy\" decoding=\"async\" class=\"aligncenter size-full wp-image-8231\" alt=\"bruegel_-_ladorazione_dei_magi_sotto_la_neve\" src=\"http:\/\/absi.ch\/new\/wp-content\/uploads\/2017\/01\/Bruegel_-_Ladorazione_dei_magi_sotto_la_neve.jpg\" width=\"760\" height=\"484\" srcset=\"https:\/\/absi.ch\/new\/wp-content\/uploads\/2017\/01\/Bruegel_-_Ladorazione_dei_magi_sotto_la_neve.jpg 760w, https:\/\/absi.ch\/new\/wp-content\/uploads\/2017\/01\/Bruegel_-_Ladorazione_dei_magi_sotto_la_neve-300x191.jpg 300w\" sizes=\"auto, (max-width: 760px) 100vw, 760px\" \/><\/a><\/p>\n<p>&nbsp;<\/p>\n<h5 style=\"text-align: center;\">Adorazione dei Magi nella neve<\/h5>\n<p style=\"text-align: center;\"><em>Pieter Bruegel il Vecchio\u00a0(1525\/1530 circa \u2013 1569)<br \/>\n<\/em><\/p>\n<p>[\/one_fourth][one_fourth]EPIFANIA \u2013 6 gennaio 2017<\/p>\n<p>Mt 2, 1-12<\/p>\n<p>Nato Ges\u00f9 a Betlemme di Giudea, al tempo del re Erode, ecco, alcuni Magi vennero da oriente a Gerusalemme e dicevano: \u00abDov\u2019\u00e8 colui che \u00e8 nato, il re dei Giudei? Abbiamo visto spuntare la sua stella e siamo venuti ad adorarlo\u00bb. All\u2019udire questo, il re Erode rest\u00f2 turbato e con lui tutta Gerusalemme.<br \/>\nRiuniti tutti i capi dei sacerdoti e gli scribi del popolo, si informava da loro sul luogo in cui doveva nascere il Cristo. Gli risposero: \u00abA Betlemme di Giudea, perch\u00e9 cos\u00ec \u00e8 scritto per mezzo del profeta: \u201cE tu, Betlemme, terra di Giuda, non sei davvero l\u2019ultima delle citt\u00e0 principali di Giuda: da te infatti uscir\u00e0 un capo che sar\u00e0 il pastore del mio popolo, Israele\u201d\u00bb. Allora Erode, chiamati segretamente i Magi, si fece dire da loro con esattezza il tempo in cui era apparsa la stella e li invi\u00f2 a Betlemme dicendo: \u00abAndate e informatevi accuratamente sul bambino e, quando l\u2019avrete trovato, fatemelo sapere, perch\u00e9 anch\u2019io venga ad adorarlo\u00bb.<br \/>\nUdito il re, essi partirono. Ed ecco, la stella, che avevano visto spuntare, li precedeva, finch\u00e9 giunse e si ferm\u00f2 sopra il luogo dove si trovava il bambino. Al vedere la stella, provarono una gioia grandissima. Entrati nella casa, videro il bambino con Maria sua madre, si prostrarono e lo adorarono. Poi aprirono i loro scrigni e gli offrirono in dono oro, incenso e mirra. Avvertiti in sogno di non tornare da Erode, per un\u2019altra strada fecero ritorno al loro paese.<\/p>\n<p><em>Commento al Vangelo (pdf) di:<\/em><\/p>\n<p><a href=\"http:\/\/absi.ch\/new\/wp-content\/uploads\/2017\/01\/EPIFANIA_Anno-A-2016-2017_Castillo.pdf\" target=\"_blank\">&gt; p. Jos\u00e9 Maria Castillo<\/a><\/p>\n<p><a href=\"http:\/\/absi.ch\/new\/wp-content\/uploads\/2017\/01\/11.-6-gennaio-2017-Epifania-Mt-21-12.pdf\" target=\"_blank\">&gt; don Gennaro Lamuro<\/a><\/p>\n<p><a href=\"http:\/\/absi.ch\/new\/wp-content\/uploads\/2017\/01\/Epifania-6.1.17.pdf\" target=\"_blank\">&gt; p. Alberto Maggi<\/a><\/p>\n<p>&nbsp;<\/p>\n<p><a href=\"http:\/\/absi.ch\/new\/commento-al-vangelo-2017\/\"><em>&gt; sommario Commento al Vangelo 2017<\/em><\/a><\/p>\n<p>[\/one_fourth][one_fourth][\/one_fourth][one_fourth][\/one_fourth][\/layout_group][\/layout]<\/p>\n<div id=\"themify_builder_content-8224\" data-postid=\"8224\" class=\"themify_builder_content themify_builder_content-8224 themify_builder\">\n    <\/div>\n<!-- \/themify_builder_content -->\n","protected":false},"excerpt":{"rendered":"<p>[layout][layout_group][one_fourth] SIAMO VENUTI DALL&#8217;ORIENTE PER ADORARE IL RE &#8212;&#8212;&#8212;&#8212;&#8212;&#8212;&#8212;&#8212;&#8212;&#8212;&#8212;&#8212;&#8212;&#8212;&#8212;&#8212;&#8212;&#8212;&#8212;&#8212;&#8212;&#8212;&#8212;&#8212;&#8212;&#8212;&#8212;&#8212;&#8212;&#8212;&#8212;&#8212;&#8212;&#8212;&#8212;&#8212;&#8212;&#8212;&#8211; &nbsp; Adorazione dei Magi nella neve Pieter Bruegel il Vecchio\u00a0(1525\/1530 circa \u2013 1569) [\/one_fourth][one_fourth]EPIFANIA \u2013 6 gennaio 2017 Mt 2, 1-12 Nato Ges\u00f9 a Betlemme di Giudea, al tempo del re Erode, ecco, alcuni Magi vennero da oriente a Gerusalemme e dicevano: \u00abDov\u2019\u00e8 colui che \u00e8 [&hellip;]<\/p>\n","protected":false},"author":1,"featured_media":349,"comment_status":"closed","ping_status":"open","sticky":false,"template":"","format":"standard","meta":{"footnotes":""},"categories":[29,111],"tags":[91,30,73],"class_list":["post-8224","post","type-post","status-publish","format-standard","has-post-thumbnail","hentry","category-vangelo","category-commento-al-vangelo-2017","tag-d-gennaro-lamuro","tag-p-alberto-maggi","tag-p-jose-maria-castillo","has-post-title","no-post-date","has-post-category","has-post-tag","has-post-comment","has-post-author",""],"builder_content":"","_links":{"self":[{"href":"https:\/\/absi.ch\/new\/wp-json\/wp\/v2\/posts\/8224","targetHints":{"allow":["GET"]}}],"collection":[{"href":"https:\/\/absi.ch\/new\/wp-json\/wp\/v2\/posts"}],"about":[{"href":"https:\/\/absi.ch\/new\/wp-json\/wp\/v2\/types\/post"}],"author":[{"embeddable":true,"href":"https:\/\/absi.ch\/new\/wp-json\/wp\/v2\/users\/1"}],"replies":[{"embeddable":true,"href":"https:\/\/absi.ch\/new\/wp-json\/wp\/v2\/comments?post=8224"}],"version-history":[{"count":7,"href":"https:\/\/absi.ch\/new\/wp-json\/wp\/v2\/posts\/8224\/revisions"}],"predecessor-version":[{"id":8236,"href":"https:\/\/absi.ch\/new\/wp-json\/wp\/v2\/posts\/8224\/revisions\/8236"}],"wp:featuredmedia":[{"embeddable":true,"href":"https:\/\/absi.ch\/new\/wp-json\/wp\/v2\/media\/349"}],"wp:attachment":[{"href":"https:\/\/absi.ch\/new\/wp-json\/wp\/v2\/media?parent=8224"}],"wp:term":[{"taxonomy":"category","embeddable":true,"href":"https:\/\/absi.ch\/new\/wp-json\/wp\/v2\/categories?post=8224"},{"taxonomy":"post_tag","embeddable":true,"href":"https:\/\/absi.ch\/new\/wp-json\/wp\/v2\/tags?post=8224"}],"curies":[{"name":"wp","href":"https:\/\/api.w.org\/{rel}","templated":true}]}}