{"id":8306,"date":"2017-01-14T23:56:07","date_gmt":"2017-01-14T22:56:07","guid":{"rendered":"http:\/\/absi.ch\/new\/?p=8306"},"modified":"2017-01-15T00:16:33","modified_gmt":"2017-01-14T23:16:33","slug":"eucharistie-15-janvier-2017","status":"publish","type":"post","link":"https:\/\/absi.ch\/new\/2017\/01\/eucharistie-15-janvier-2017\/","title":{"rendered":"Eucharistie, 15 janvier 2017"},"content":{"rendered":"<p>[layout][layout_group][one_fourth]<\/p>\n<h3 align=\"CENTER\"><b>Je chante ton amour, Seigneur, et je veux faire ta volont\u00e9<\/b><\/h3>\n<p style=\"text-align: center;\">_______________________________________________________________________________________________<\/p>\n<p>Eucharistie, 15 janvier 2017 : deuxi\u00e8me dimanche du Temps Ordinaire<\/p>\n<p><span style=\"background: yellow;\">Premi\u00e8re lecture<\/span><\/p>\n<p><i>A la fin de l\u2019exil \u00e0 Babylone, Isra\u00ebl a de la peine \u00e0 se reconstituer comme peuple. Dans cette situation, probablement vers l\u2019an 530 avant la naissance de J\u00e9sus, un proph\u00e8te anonyme compose des textes qu\u2019on a ins\u00e9r\u00e9s dans le livre du proph\u00e8te Isa\u00efe (Is 40-55).<\/i><\/p>\n<p><i>Dans la page qu\u2019on va \u00e9couter ce matin, le proph\u00e8te utilise l\u2019image du serviteur. Le proph\u00e8te, mais aussi Isra\u00ebl tout entier, peuvent \u00eatre consid\u00e9r\u00e9s comme le \u00ab\u00a0serviteur du Seigneur\u00bb, un serviteur que Dieu a appel\u00e9 \u00ab\u00a0d\u00e8s le ventre maternel\u00a0\u00bb (v. 1). Il s\u2019agit d\u2019un appel qui prend en profondeur ce serviteur et marque toute son existence. En effet, le serviteur re\u00e7oit un r\u00f4le proph\u00e9tique\u00a0: il doit apporter aux peuples, m\u00eame aux \u00ab\u00a0populations du lointain\u00a0\u00bb (v. 1), la parole de Dieu, une parole efficace comme des fl\u00e8ches lanc\u00e9es avec un arc (v. 2).<\/i><\/p>\n<p><i>Devant ce r\u00f4le, le serviteur &#8211; individu et communaut\u00e9 \u00e0 la fois &#8211; avoue sa d\u00e9ception, l\u2019insucc\u00e8s\u00a0: \u00ab\u00a0C\u2019est en vain que je me suis fatigu\u00e9, c\u2019est pour du vide et sans r\u00e9sultat, que j\u2019ai \u00e9puis\u00e9 mon \u00e9nergie\u00a0\u00bb (v. 4). Mais, au fond de sa d\u00e9ception et de sa faiblesse, le serviteur est invit\u00e9 \u00e0 mieux voir sa propre fonction et \u00e0 s\u2019en r\u00e9jouir. La fonction du serviteur &#8211; \u00e0 ce temps-l\u00e0 comme aujourd\u2019hui &#8211; est de rassembler le peuple, le rassembler aupr\u00e8s de Dieu. Et ceux et celles qui s\u2019engagent dans cette fonction ne sont pas seuls. La \u00ab\u00a0force\u00a0\u00bb (v. 5) de Dieu les soutient. Et cette force de Dieu, qui nous rend capables d\u2019accomplir nos engagements, nous permet d\u2019avouer\u00a0: \u00ab\u00a0je suis glorifi\u00e9 aux yeux du Seigneur\u00bb (v. 5).<\/i><\/p>\n<p><i>Enfin, le dernier verset nous parle de Dieu qui veut renouveler l\u2019humanit\u00e9 enti\u00e8re. Dans ce but, les individus et la communaut\u00e9 peuvent et doivent &#8211; comme serviteurs de Dieu &#8211; devenir \u00ab\u00a0lumi\u00e8re des nations\u00a0\u00bb. C\u2019est ainsi que, unie et sauv\u00e9e par Dieu, la communaut\u00e9 pourra \u00ab\u00a0\u00eatre mon salut jusqu\u2019\u00e0 l\u2019extr\u00e9mit\u00e9 de la terre \u00bb (v. 6).<\/i><\/p>\n<p>[\/one_fourth][one_fourth]<b>Du livre du proph\u00e8te Isa\u00efe (49,1-6)<\/b><\/p>\n<p><sup>1<\/sup> Ecoutez-moi, vous les \u00eeles,<br \/>\nsoyez attentives, populations du lointain :<br \/>\nle Seigneur m\u2019a appel\u00e9 d\u00e8s le ventre maternel,<br \/>\ndepuis les entrailles de ma m\u00e8re il s\u2019est rappel\u00e9 mon nom.<br \/>\n<sup>2<\/sup> Il a fait de ma parole une \u00e9p\u00e9e tranchante<br \/>\net il me cache \u00e0 l\u2019abri de sa main.<br \/>\nIl a fait de mon message comme une fl\u00e8che pointue,<br \/>\nprot\u00e9g\u00e9e dans son sac \u00e0 fl\u00e8ches.<br \/>\n<sup>3<\/sup> Et il m\u2019a dit : \u00ab Mon <b>serviteur<\/b>, c\u2019est toi, Isra\u00ebl,<br \/>\nen toi je manifesterai ma splendeur \u00bb.<br \/>\n<sup>4<\/sup> Mais moi je disais :<br \/>\n\u00ab C\u2019est en vain que je me suis fatigu\u00e9,<br \/>\nc\u2019est pour du vide et sans r\u00e9sultat<br \/>\nque j\u2019ai \u00e9puis\u00e9 mon \u00e9nergie ! \u00bb<br \/>\nCependant, mon droit est aupr\u00e8s du Seigneur<br \/>\net ma r\u00e9compense aupr\u00e8s de mon Elohim.<br \/>\n<sup>5<\/sup> Et maintenant, le Seigneur a parl\u00e9,<br \/>\nlui qui m\u2019a form\u00e9 d\u00e8s le ventre maternel<br \/>\npour \u00eatre son <b>serviteur<\/b>,<br \/>\npour faire retourner Jacob vers lui,<br \/>\net pour qu\u2019Isra\u00ebl soit rassembl\u00e9 aupr\u00e8s de lui.<br \/>\n[&#8230;]<\/p>\n<p><a href=\"http:\/\/absi.ch\/new\/wp-content\/uploads\/2017\/01\/15-janvier-2017-Renzo.pdf\" target=\"_blank\"><em>&gt; testo integrale (pdf)<\/em><\/a><\/p>\n<p><a href=\"http:\/\/absi.ch\/new\/lectures-pour-lafrique-ettoute-la-terre-2017\/\"><em>&gt; Lectures pure l&#8217;Afrique &#8230; et toute la Terre 2017<\/em><\/a><\/p>\n<p>[\/one_fourth][one_fourth][\/one_fourth][one_fourth][\/one_fourth][\/layout_group][\/layout]<\/p>\n<div id=\"themify_builder_content-8306\" data-postid=\"8306\" class=\"themify_builder_content themify_builder_content-8306 themify_builder\">\n    <\/div>\n<!-- \/themify_builder_content -->\n","protected":false},"excerpt":{"rendered":"<p>[layout][layout_group][one_fourth] Je chante ton amour, Seigneur, et je veux faire ta volont\u00e9 _______________________________________________________________________________________________ Eucharistie, 15 janvier 2017 : deuxi\u00e8me dimanche du Temps Ordinaire Premi\u00e8re lecture A la fin de l\u2019exil \u00e0 Babylone, Isra\u00ebl a de la peine \u00e0 se reconstituer comme peuple. Dans cette situation, probablement vers l\u2019an 530 avant la naissance de J\u00e9sus, un [&hellip;]<\/p>\n","protected":false},"author":1,"featured_media":364,"comment_status":"closed","ping_status":"open","sticky":false,"template":"","format":"standard","meta":{"footnotes":""},"categories":[40],"tags":[42],"class_list":["post-8306","post","type-post","status-publish","format-standard","has-post-thumbnail","hentry","category-rpe","tag-rp","has-post-title","no-post-date","has-post-category","has-post-tag","has-post-comment","has-post-author",""],"builder_content":"","_links":{"self":[{"href":"https:\/\/absi.ch\/new\/wp-json\/wp\/v2\/posts\/8306","targetHints":{"allow":["GET"]}}],"collection":[{"href":"https:\/\/absi.ch\/new\/wp-json\/wp\/v2\/posts"}],"about":[{"href":"https:\/\/absi.ch\/new\/wp-json\/wp\/v2\/types\/post"}],"author":[{"embeddable":true,"href":"https:\/\/absi.ch\/new\/wp-json\/wp\/v2\/users\/1"}],"replies":[{"embeddable":true,"href":"https:\/\/absi.ch\/new\/wp-json\/wp\/v2\/comments?post=8306"}],"version-history":[{"count":9,"href":"https:\/\/absi.ch\/new\/wp-json\/wp\/v2\/posts\/8306\/revisions"}],"predecessor-version":[{"id":8321,"href":"https:\/\/absi.ch\/new\/wp-json\/wp\/v2\/posts\/8306\/revisions\/8321"}],"wp:featuredmedia":[{"embeddable":true,"href":"https:\/\/absi.ch\/new\/wp-json\/wp\/v2\/media\/364"}],"wp:attachment":[{"href":"https:\/\/absi.ch\/new\/wp-json\/wp\/v2\/media?parent=8306"}],"wp:term":[{"taxonomy":"category","embeddable":true,"href":"https:\/\/absi.ch\/new\/wp-json\/wp\/v2\/categories?post=8306"},{"taxonomy":"post_tag","embeddable":true,"href":"https:\/\/absi.ch\/new\/wp-json\/wp\/v2\/tags?post=8306"}],"curies":[{"name":"wp","href":"https:\/\/api.w.org\/{rel}","templated":true}]}}