{"id":8488,"date":"2017-02-05T00:14:17","date_gmt":"2017-02-04T23:14:17","guid":{"rendered":"http:\/\/absi.ch\/new\/?p=8488"},"modified":"2017-02-05T00:14:17","modified_gmt":"2017-02-04T23:14:17","slug":"v-tempo-ordinario-5febbraio-2017","status":"publish","type":"post","link":"https:\/\/absi.ch\/new\/2017\/02\/v-tempo-ordinario-5febbraio-2017\/","title":{"rendered":"v-tempo-ordinario-5febbraio-2017\/"},"content":{"rendered":"<p>[layout][layout_group][one_fourth]<\/p>\n<h3 style=\"text-align: center;\">VOI SIETE LA LUCE DEL MONDO<\/h3>\n<h3 style=\"text-align: center;\"><a href=\"http:\/\/absi.ch\/new\/wp-content\/uploads\/2015\/08\/maxresdefault.jpg\"><img loading=\"lazy\" decoding=\"async\" class=\"alignnone  wp-image-5933\" alt=\"maxresdefault\" src=\"http:\/\/absi.ch\/new\/wp-content\/uploads\/2015\/08\/maxresdefault-1115x827.jpg\" width=\"709\" height=\"525\" srcset=\"https:\/\/absi.ch\/new\/wp-content\/uploads\/2015\/08\/maxresdefault-1115x827.jpg 1115w, https:\/\/absi.ch\/new\/wp-content\/uploads\/2015\/08\/maxresdefault-300x222.jpg 300w, https:\/\/absi.ch\/new\/wp-content\/uploads\/2015\/08\/maxresdefault.jpg 1500w\" sizes=\"auto, (max-width: 709px) 100vw, 709px\" \/><\/a><\/h3>\n<p style=\"text-align: center;\">&#8212;&#8212;&#8212;&#8212;&#8212;&#8212;&#8212;&#8212;&#8212;&#8212;&#8212;&#8212;&#8212;&#8212;&#8212;&#8212;&#8212;&#8212;&#8212;&#8212;&#8212;&#8212;&#8212;&#8212;&#8212;&#8212;&#8212;&#8212;&#8212;&#8212;&#8212;&#8212;&#8212;&#8212;&#8212;&#8212;&#8212;&#8212;&#8211;<\/p>\n<h5 style=\"text-align: center;\">Cristo in compagnia dei discepoli<\/h5>\n<p style=\"text-align: center;\"><em>Rembrandt Harmenszoon van Rijn (1606 &#8211; 1669)<\/em><\/p>\n<p>&nbsp;<\/p>\n<p>[\/one_fourth][one_fourth]<\/p>\n<p>V TEMPO ORDINARIO \u2013 5 febbraio 2017<\/p>\n<p>Mt 5,13-16<\/p>\n<p>[In quel tempo, Ges\u00f9 disse ai suoi discepoli:]<br \/>\n\u00abVoi siete il sale della terra; ma se il sale perde il sapore, con che cosa lo si render\u00e0 salato? A null\u2019altro serve che ad essere gettato via e calpestato dalla gente.<br \/>\nVoi siete la luce del mondo; non pu\u00f2 restare nascosta una citt\u00e0 che sta sopra un monte, n\u00e9 si accende una lampada per metterla sotto il moggio, ma sul candelabro, e cos\u00ec fa luce a tutti quelli che sono nella casa. Cos\u00ec risplenda la vostra luce davanti agli uomini, perch\u00e9 vedano le vostre opere buone e rendano gloria al Padre vostro che \u00e8 nei cieli\u00bb.<\/p>\n<p>&nbsp;<\/p>\n<p><em>Commento al Vangelo (pdf) di:<\/em><\/p>\n<p><a href=\"http:\/\/absi.ch\/new\/wp-content\/uploads\/2017\/02\/V-TEMPO-ORDINARIO_Anno-A-2016-2017_Castillo.pdf\" target=\"_blank\">&gt; p. Jos\u00e9 Maria Castillo<\/a><\/p>\n<p><a href=\"http:\/\/absi.ch\/new\/wp-content\/uploads\/2017\/02\/TO-V-5.2.2017.doc.pdf\" target=\"_blank\">&gt; p. Alberto Maggi<\/a><\/p>\n<p>&nbsp;<\/p>\n<p><a href=\"http:\/\/absi.ch\/new\/commento-al-vangelo-2017\/\"><em>&gt; sommario Commento al Vangelo 2017<\/em><\/a><\/p>\n<p>[\/one_fourth][one_fourth][\/one_fourth][one_fourth][\/one_fourth][\/layout_group][\/layout]<\/p>\n<div id=\"themify_builder_content-8488\" data-postid=\"8488\" class=\"themify_builder_content themify_builder_content-8488 themify_builder\">\n    <\/div>\n<!-- \/themify_builder_content -->\n","protected":false},"excerpt":{"rendered":"<p>[layout][layout_group][one_fourth] VOI SIETE LA LUCE DEL MONDO &#8212;&#8212;&#8212;&#8212;&#8212;&#8212;&#8212;&#8212;&#8212;&#8212;&#8212;&#8212;&#8212;&#8212;&#8212;&#8212;&#8212;&#8212;&#8212;&#8212;&#8212;&#8212;&#8212;&#8212;&#8212;&#8212;&#8212;&#8212;&#8212;&#8212;&#8212;&#8212;&#8212;&#8212;&#8212;&#8212;&#8212;&#8212;&#8211; Cristo in compagnia dei discepoli Rembrandt Harmenszoon van Rijn (1606 &#8211; 1669) &nbsp; [\/one_fourth][one_fourth] V TEMPO ORDINARIO \u2013 5 febbraio 2017 Mt 5,13-16 [In quel tempo, Ges\u00f9 disse ai suoi discepoli:] \u00abVoi siete il sale della terra; ma se il sale perde il sapore, con che cosa [&hellip;]<\/p>\n","protected":false},"author":1,"featured_media":349,"comment_status":"closed","ping_status":"open","sticky":false,"template":"","format":"standard","meta":{"footnotes":""},"categories":[29,111],"tags":[30,73],"class_list":["post-8488","post","type-post","status-publish","format-standard","has-post-thumbnail","hentry","category-vangelo","category-commento-al-vangelo-2017","tag-p-alberto-maggi","tag-p-jose-maria-castillo","has-post-title","no-post-date","has-post-category","has-post-tag","has-post-comment","has-post-author",""],"builder_content":"","_links":{"self":[{"href":"https:\/\/absi.ch\/new\/wp-json\/wp\/v2\/posts\/8488","targetHints":{"allow":["GET"]}}],"collection":[{"href":"https:\/\/absi.ch\/new\/wp-json\/wp\/v2\/posts"}],"about":[{"href":"https:\/\/absi.ch\/new\/wp-json\/wp\/v2\/types\/post"}],"author":[{"embeddable":true,"href":"https:\/\/absi.ch\/new\/wp-json\/wp\/v2\/users\/1"}],"replies":[{"embeddable":true,"href":"https:\/\/absi.ch\/new\/wp-json\/wp\/v2\/comments?post=8488"}],"version-history":[{"count":1,"href":"https:\/\/absi.ch\/new\/wp-json\/wp\/v2\/posts\/8488\/revisions"}],"predecessor-version":[{"id":8491,"href":"https:\/\/absi.ch\/new\/wp-json\/wp\/v2\/posts\/8488\/revisions\/8491"}],"wp:featuredmedia":[{"embeddable":true,"href":"https:\/\/absi.ch\/new\/wp-json\/wp\/v2\/media\/349"}],"wp:attachment":[{"href":"https:\/\/absi.ch\/new\/wp-json\/wp\/v2\/media?parent=8488"}],"wp:term":[{"taxonomy":"category","embeddable":true,"href":"https:\/\/absi.ch\/new\/wp-json\/wp\/v2\/categories?post=8488"},{"taxonomy":"post_tag","embeddable":true,"href":"https:\/\/absi.ch\/new\/wp-json\/wp\/v2\/tags?post=8488"}],"curies":[{"name":"wp","href":"https:\/\/api.w.org\/{rel}","templated":true}]}}